{"id":251760,"date":"2026-08-11T23:19:41","date_gmt":"2026-08-11T23:19:41","guid":{"rendered":"https:\/\/www.europesays.com\/lt\/251760\/"},"modified":"2026-08-11T23:19:41","modified_gmt":"2026-08-11T23:19:41","slug":"h-manto-gatveje-ryski-permaina-prekybos-pastata-planuojama-paversti-siuolaikisku-daugiafunkciu-kompleksu","status":"publish","type":"post","link":"https:\/\/www.europesays.com\/lt\/251760\/","title":{"rendered":"H. Manto gatv\u0117je \u2013 ry\u0161ki permaina: prekybos pastat\u0105 planuojama paversti \u0161iuolaiki\u0161ku daugiafunkciu kompleksu"},"content":{"rendered":"<p>Vienoje pagrindini\u0173 Klaip\u0117dos centro arterij\u0173 planuojama reik\u0161minga architekt\u016brin\u0117 permaina. H. Manto g. 31 esant\u012f prekybos paskirties pastat\u0105 ketinama i\u0161 esm\u0117s rekonstruoti \u2013 dabartinis statinys b\u016bt\u0173 i\u0161pl\u0117stas, pakeista jo architekt\u016brin\u0117 i\u0161rai\u0161ka, o viduje atsirast\u0173 prekybos, paslaug\u0173, administracini\u0173 ir gyvenam\u0173j\u0173 erdvi\u0173. Projektinius pasi\u016blymus pareng\u0117 \u201eImes architektai\u201c, projekto u\u017esakovas \u2013 UAB \u201ePC \u017dEMAITIJA\u201c.<\/p>\n<p><img decoding=\"async\" alt=\"projektas\" src=\"https:\/\/www.europesays.com\/lt\/wp-content\/uploads\/2026\/08\/projekto-vizualizacijos-4-6_1786430488.jpg\"\/><\/p>\n<p>Projektuojamas pastatas yra urbanistiniu ir architekt\u016briniu po\u017ei\u016briu jautrioje miesto vietoje. Nors pats statinys n\u0117ra kult\u016bros paveldo objektas, H. Manto g. 31 sklypas patenka \u012f valstyb\u0117s saugom\u0105 Klaip\u0117dos miesto istorin\u0119 dal\u012f \u2013 Naujamies\u010dio teritorij\u0105. Be to, \u0161ioje H. Manto gatv\u0117s dalyje vyrauja perimetrinis u\u017estatymas, tod\u0117l projektuojant rekonstrukcij\u0105 siekiama i\u0161laikyti susiformavus\u012f gatv\u0117s charakter\u012f ir mastel\u012f.<\/p>\n<p><img decoding=\"async\" alt=\"projketas\" src=\"https:\/\/www.europesays.com\/lt\/wp-content\/uploads\/2026\/08\/projekto-vizualizacijos-3-10_1786430511.jpg\"\/><\/p>\n<p>\u0160iuo metu prie H. Manto gatv\u0117s esanti vieno auk\u0161to pastato dalis, kaip nurodoma projektiniuose pasi\u016blymuose, ardo bendr\u0105 gatv\u0117s i\u0161klotin\u0119 ir neatitinka aplinkinio urbanistinio mastelio. Rekonstrukcijos metu j\u0105 numatoma paauk\u0161tinti iki trij\u0173 auk\u0161t\u0173. Ketvirtasis pastato auk\u0161tas b\u016bt\u0173 atitrauktas \u012f sklypo gilum\u0105, tod\u0117l \u017evelgiant nuo H. Manto gatv\u0117s i\u0161likt\u0173 trij\u0173 auk\u0161t\u0173 pastato siluetas. Tokiu b\u016bdu siekiama prat\u0119sti \u0161iai miesto daliai b\u016bding\u0105 vientis\u0105 u\u017estatymo linij\u0105, kartu i\u0161vengiant pernelyg masyvaus pastato \u012fsp\u016bd\u017eio.\u00a0<\/p>\n<p>Poky\u010dio mastas b\u016bt\u0173 nema\u017eas. Po rekonstrukcijos bendrasis pastato plotas tur\u0117t\u0173 i\u0161augti nuo ma\u017edaug 1,39 t\u016bkst. iki 3,51 t\u016bkst. kvadratini\u0173 metr\u0173, o pastatas b\u016bt\u0173 keturi\u0173 auk\u0161t\u0173. Prie H. Manto gatv\u0117s projektuojamo t\u016brio auk\u0161tis siekt\u0173 iki 12,65 metro, o giliau sklype esan\u010dios dalies \u2013 iki 16,15 metro. Projektiniuose pasi\u016blymuose pa\u017eymima, kad aplinkin\u0117je gatv\u0117s i\u0161klotin\u0117je esan\u010di\u0173 prekybos paskirties pastat\u0173 auk\u0161tis siekia ma\u017edaug 12\u201316,5 metro, tod\u0117l naujasis t\u016bris b\u016bt\u0173 derinamas prie jau susiformavusio miesto mastelio.\u00a0<\/p>\n<p>Rekonstrukcija keist\u0173 ne tik pastato i\u0161vaizd\u0105, bet ir jo funkcionalum\u0105. Nors pagrindin\u0117 statinio paskirtis ir toliau i\u0161likt\u0173 prekybos, jame numatoma kur kas daugiau skirting\u0173 veikl\u0173. Vir\u0161utiniuose auk\u0161tuose b\u016bt\u0173 \u012frengtos administracin\u0117s, paslaug\u0173 ir gyvenamosios patalpos. Administracin\u0117ms bei paslaug\u0173 erdv\u0117ms numatyta ir vidin\u0117 terasa, orientuota \u012f ramesn\u0119 kiemo pus\u0119 bei atskirta nuo intensyvios H. Manto gatv\u0117s aplinkos.\u00a0<\/p>\n<p>Pastate planuojami ir butai, daliai j\u0173 b\u016bt\u0173 \u012frengtos priva\u010dios terasos arba balkonai. Gyventoj\u0173 privatumas b\u016bt\u0173 u\u017etikrinamas atskiriant skirtingus \u017emoni\u0173 srautus. Pirmame auk\u0161te projektuojamos dvi atskiros laiptin\u0117s su liftais \u2013 viena b\u016bt\u0173 skirta gyvenamosioms patalpoms, kita aptarnaut\u0173 administracines, paslaug\u0173 ir dal\u012f gyvenam\u0173j\u0173 erdvi\u0173.\u00a0<\/p>\n<p>I\u0161skirtinis d\u0117mesys projektuojant skiriamas pastato architekt\u016brinei i\u0161rai\u0161kai. Fasade numatoma derinti r\u016bdinto plieno, plyt\u0173, keramikos ir stiklo pavir\u0161ius. Vienu ry\u0161kiausi\u0173 architekt\u016brini\u0173 akcent\u0173 tapt\u0173 nat\u016bralia r\u016bd\u017ei\u0173 patina pasi\u017eymin\u010dios plieno plok\u0161t\u0117s, i\u0161d\u0117stytos tarp dideli\u0173, nuo grind\u0173 iki lub\u0173 siekian\u010di\u0173 lang\u0173. Vienoje pastato dalyje \u0161i med\u017eiaga formuot\u0173 vientis\u0105 pasvirus\u012f skulpt\u016brin\u012f element\u0105.\u00a0<\/p>\n<p>R\u016bdinto metalo pavir\u0161ius papildyt\u0173 tamsiai pilkos keramin\u0117s plok\u0161t\u0117s ir rudos bei tamsiai rausvai rudos spalvos grubios tekst\u016bros plyt\u0173 m\u016bras. Pirmasis auk\u0161tas b\u016bt\u0173 atveriamas miestui didel\u0117mis stiklo vitrinomis, o vir\u0161utini\u0173 auk\u0161t\u0173 langams numatyti tams\u016bs r\u0117mai. Siekiant i\u0161saugoti vientis\u0105 architekt\u016brin\u0119 i\u0161rai\u0161k\u0105, pagrindiniame fasade neplanuojamos stambios reklamos konstrukcijos ar matomose vietose montuojami i\u0161oriniai in\u017eineriniai \u012frenginiai.\u00a0<\/p>\n<p>Svarbi projekto dalis \u2013 \u017ealiosios erdv\u0117s. Rekonstruojamo pastato stoguose numatoma \u012frengti apie 1 200 kvadratini\u0173 metr\u0173 ap\u017eeldinto ploto. Tokie sprendiniai tur\u0117t\u0173 ne tik prisid\u0117ti prie pastato \u0161ilumini\u0173 savybi\u0173 bei lietaus vandens valdymo, bet ir pagerinti tankiai u\u017estatytos miesto centro teritorijos mikroklimat\u0105 bei vizualin\u0119 kokyb\u0119.\u00a0<\/p>\n<p>\u017dalesnis charakteris b\u016bt\u0173 suteiktas ir vidiniam kiemui. Jo fasadus numatoma ap\u017eeldinti, formuojant vadinam\u0105sias \u017eali\u0105sias sienas. Kartu su terasomis ir ap\u017eeldintais stogais \u0161i erdv\u0117 tur\u0117t\u0173 tapti ramesne, nuo intensyvaus H. Manto gatv\u0117s jud\u0117jimo atskirta pastato dalimi.\u00a0<\/p>\n<p>Klaip\u0117die\u010diams rekonstrukcija b\u016bt\u0173 pastebima pirmiausia d\u0117l pasikeisian\u010dio vienos svarbiausi\u0173 miesto gatvi\u0173 vaizdo. Vietoje dabar prie gatv\u0117s esan\u010dio \u017eemo prekybinio t\u016brio b\u016bt\u0173 formuojamas vientisesnis trij\u0173 auk\u0161t\u0173 fasadas, savo masteliu t\u0119siantis aplinkin\u012f u\u017estatym\u0105. Tuo pat metu pastatas tapt\u0173 daugiafunkcis \u2013 \u010dia greta prekybos atsirast\u0173 paslaug\u0173, darbo ir gyvenam\u0173j\u0173 erdvi\u0173.<\/p>\n<p>Projektuotojai pabr\u0117\u017eia, kad si\u016blomi sprendiniai turi papildyti H. Manto gatv\u0117s t\u016brin\u0119 ir erdvin\u0119 kompozicij\u0105 bei nedaryti neigiamo poveikio Klaip\u0117dos Naujamies\u010dio vertingosioms savyb\u0117ms. Ketvirt\u0105j\u012f auk\u0161t\u0105 atitraukiant nuo gatv\u0117s siekiama, kad didesnis pastatas netapt\u0173 dominuojan\u010diu aplinkos elementu ir i\u0161 \u017emogaus perspektyvos i\u0161laikyt\u0173 istorinei gatvei artim\u0105 mastel\u012f.\u00a0<\/p>\n<p>\u0160iuo metu projektas yra projektini\u0173 pasi\u016blym\u0173 stadijoje. Tai rei\u0161kia, kad pateikti sprendiniai apibr\u0117\u017eia numatom\u0105 rekonstrukcijos krypt\u012f, ta\u010diau v\u0117lesniuose projektavimo etapuose atskiros detal\u0117s dar gali b\u016bti tikslinamos.\u00a0<\/p>\n<p>\u00a0<\/p>\n<p>Susipa\u017einimas su projektiniais pasi\u016blymais:<\/p>\n<p>Iki 2026-08-28<\/p>\n<p>&#13;<br \/>\n\t&#13;<\/p>\n<tr>&#13;<\/p>\n<td>Klaip\u0117da, Turgaus g. 37-5<\/td>\n<p>&#13;<\/p>\n<td>Pirmadien\u012f &#8211; penktadien\u012f 09.00 &#8211; 15.00 val., susitarus i\u0161 anksto.<\/td>\n<p>&#13;<\/p>\n<td>+37062076751<\/td>\n<p>&#13;<br \/>\n\t\t<\/tr>\n<p>&#13;<br \/>\n\t&#13;<\/p>\n<p>arba internetin\u0117je svetain\u0117je https:\/\/www.klaipeda.lt\/pp<\/p>\n","protected":false},"excerpt":{"rendered":"Vienoje pagrindini\u0173 Klaip\u0117dos centro arterij\u0173 planuojama reik\u0161minga architekt\u016brin\u0117 permaina. H. Manto g. 31 esant\u012f prekybos paskirties pastat\u0105 ketinama&hellip;\n","protected":false},"author":2,"featured_media":251761,"comment_status":"","ping_status":"","sticky":false,"template":"","format":"standard","meta":{"footnotes":"","_share_on_mastodon":"0"},"categories":[17],"tags":[2022,81,511,37,39,36,38,40,23,114,371,2023,46],"class_list":["post-251760","post","type-post","status-publish","format-standard","has-post-thumbnail","category-verslas","tag-bureliai","tag-business","tag-klaipeda","tag-lietuva","tag-lietuviu","tag-lithuania","tag-lithuanian","tag-lt","tag-naujienos","tag-pramogos","tag-renginiai","tag-uzsiemimai","tag-verslas"],"share_on_mastodon":{"url":"https:\/\/pubeurope.com\/@lt\/117079439279667703","error":""},"_links":{"self":[{"href":"https:\/\/www.europesays.com\/lt\/wp-json\/wp\/v2\/posts\/251760","targetHints":{"allow":["GET"]}}],"collection":[{"href":"https:\/\/www.europesays.com\/lt\/wp-json\/wp\/v2\/posts"}],"about":[{"href":"https:\/\/www.europesays.com\/lt\/wp-json\/wp\/v2\/types\/post"}],"author":[{"embeddable":true,"href":"https:\/\/www.europesays.com\/lt\/wp-json\/wp\/v2\/users\/2"}],"replies":[{"embeddable":true,"href":"https:\/\/www.europesays.com\/lt\/wp-json\/wp\/v2\/comments?post=251760"}],"version-history":[{"count":0,"href":"https:\/\/www.europesays.com\/lt\/wp-json\/wp\/v2\/posts\/251760\/revisions"}],"wp:featuredmedia":[{"embeddable":true,"href":"https:\/\/www.europesays.com\/lt\/wp-json\/wp\/v2\/media\/251761"}],"wp:attachment":[{"href":"https:\/\/www.europesays.com\/lt\/wp-json\/wp\/v2\/media?parent=251760"}],"wp:term":[{"taxonomy":"category","embeddable":true,"href":"https:\/\/www.europesays.com\/lt\/wp-json\/wp\/v2\/categories?post=251760"},{"taxonomy":"post_tag","embeddable":true,"href":"https:\/\/www.europesays.com\/lt\/wp-json\/wp\/v2\/tags?post=251760"}],"curies":[{"name":"wp","href":"https:\/\/api.w.org\/{rel}","templated":true}]}}