{"id":251762,"date":"2026-08-11T23:21:24","date_gmt":"2026-08-11T23:21:24","guid":{"rendered":"https:\/\/www.europesays.com\/lt\/251762\/"},"modified":"2026-08-11T23:21:24","modified_gmt":"2026-08-11T23:21:24","slug":"baltarusija-mire-politikas-aliaksandras-milinkevicius-respublika-lt","status":"publish","type":"post","link":"https:\/\/www.europesays.com\/lt\/251762\/","title":{"rendered":"Baltarusija: mir\u0117 politikas Aliaksandras Milinkevi\u010dius &#8211; Respublika.lt"},"content":{"rendered":"<p><img loading=\"lazy\" decoding=\"async\" src=\"https:\/\/www.respublika.lt\/lt\/naujienos\/pasaulis\/pasaulio_politika\/baltarusija-mire-politikas-aliaksandras-milinkevicius\/images\/ico_camera_white.gif\" class=\"camera\" width=\"22\" height=\"15\" alt=\"nuotr.\" style=\"position:relative; top:-2px; right:2px;\"\/> 1 nuotr.<\/p>\n<p>Aliaksandras Milinkevi\u010dius. Eltos nuotr.<\/p>\n<p style=\"text-align: justify;\" class=\"desktop_banner\">\u00a0<\/p>\n<p style=\"text-align: left;\">\u201e\u0160iandien 7:15 val. mir\u0117 Aliaksandras Milinkevi\u010dius\u201c, \u2013 socialiniame tinkle \u201eFacebook\u201c para\u0161\u0117 politiko s\u016bnus Iharas Kulejus.<\/p>\n<p style=\"text-align: left;\">2025 m. pabaigoje politikas buvo operuotas, o po to ilg\u0105 laik\u0105 kovojo su infekcijos pasekm\u0117mis.<\/p>\n<p style=\"text-align: left;\">Prie\u0161 penkis m\u0117nesius, lapkri\u010dio 24 d., jis buvo paguldytas \u012f ligonin\u0119 planinei operacijai.<\/p>\n<p style=\"text-align: left;\">Pasak jo \u017emonos Inos Kulej, operacijos prireik\u0117 atlikus tomografijos tyrim\u0105, parod\u017eius\u012f, kad 80 proc. jo de\u0161in\u0117s miego arterijos u\u017ekim\u0161o kraujo kre\u0161ulys.<\/p>\n<p style=\"text-align: left;\">Gydytojai primygtinai patar\u0117 operacijos neatid\u0117lioti, nes buvo didel\u0117 rizika, kad kraujo kre\u0161ulys gali atitr\u016bkti, o tai gal\u0117jo tur\u0117ti mirtinas pasekmes.<\/p>\n<p style=\"text-align: left;\">Prasid\u0117jo ilgas kovos su infekcijomis laikotarpis, per kur\u012f jam teko i\u0161gyventi plau\u010di\u0173 u\u017edegim\u0105, \u017earnyno infekcijas ir v\u0117l plau\u010di\u0173 u\u017edegim\u0105.<\/p>\n<p style=\"text-align: left;\">Gydymo procesas truko kelis m\u0117nesius: jis prasid\u0117jo neurologijos skyriuje, v\u0117liau buvo t\u0119siamas reabilitacijos skyriuje, o galiausiai \u2013 specializuotame medicinos ir reabilitacijos centre.<\/p>\n<p style=\"text-align: left;\">Lenkijos portale \u201ezrzutka.pl\u201c buvo sukurtas reabilitacijos fondas, kuriam l\u0117\u0161os buvo s\u0117kmingai surinktos per kelias dienas.<\/p>\n<p style=\"text-align: left;\">Seimo pirmininkas Juozas Olekas antradien\u012f parei\u0161k\u0117 u\u017euojaut\u0105 d\u0117l A. Milinkevi\u010diaus mirties.<\/p>\n<p style=\"text-align: left;\">U\u017euojautoje jis pabr\u0117\u017e\u0117, kad A. Milinkevi\u010dius savo \u0161alies ateit\u012f siejo su demokratija, pagarba \u017emogaus teis\u0117ms ir europieti\u0161ku Baltarusijos keliu.<\/p>\n<p style=\"text-align: left;\">\u201e\u0160i\u0173 princip\u0173 jis laik\u0117si nuosekliai ir tuomet, kai u\u017e juos teko patirti re\u017eimo spaudim\u0105, sulaikymus ir persekiojim\u0105. 2006 metais tap\u0119s bendru demokratini\u0173 j\u0117g\u0173 kandidatu Baltarusijos prezidento rinkimuose, jis vie\u0161ai met\u0117 i\u0161\u0161\u016bk\u012f autoritariniam re\u017eimui. \u0160i ilgamet\u0117 veikla buvo svarbi ne tik Baltarusijos opozicijai \u2013 kartu tai buvo nuolatinis priminimas Europai apie Baltarusijos \u017emoni\u0173 siek\u012f gyventi laisvoje ir demokratin\u0117je valstyb\u0117je\u201c, \u2013 u\u017euojautoje cituojamas J. Olekas.<\/p>\n<p style=\"text-align: left;\">Politin\u0117 karjera ir visuomenin\u0117 veikla<\/p>\n<p style=\"text-align: left;\">A. Milinkevi\u010dius buvo viena i\u0161 ry\u0161kiausi\u0173 \u0161iuolaikin\u0117s Baltarusijos politikos ir visuomenini\u0173 jud\u0117jim\u0173 fig\u016br\u0173.<\/p>\n<p style=\"text-align: left;\">Jis gim\u0117 1947 m. liepos 25 d. Gardine, Baltarusijos Taryb\u0173 Socialistin\u0117s Respublikos (BTSR) garb\u0117s mokytojo \u0161eimoje.<\/p>\n<p style=\"text-align: left;\">Sulauk\u0119s \u0161e\u0161iolikos met\u0173, jis pasirinko motinos pavard\u0119 ir i\u0161 Barano tapo Milinkevi\u010diumi.<\/p>\n<p style=\"text-align: left;\">1990\u20131996 m. A. Milinkevi\u010dius \u0117jo Gardino miesto vykdomojo komiteto pirmininko pavaduotojo pareigas.<\/p>\n<p style=\"text-align: left;\">2001 m. jis vadovavo prezidento kandidato Siamiono Doma\u0161o rinkim\u0173 kampanijai.<\/p>\n<p style=\"text-align: left;\">2004 m. jis kandidatavo \u012f Atstov\u0173 r\u016bmus, o 2005 m. buvo i\u0161keltas vieninteliu demokratin\u0117s opozicijos kandidatu 2006 m. vykusiuose prezidento rinkimuose.<\/p>\n<p style=\"text-align: left;\">Remiantis Centrin\u0117s rinkim\u0173 komisijos oficialiais duomenimis, A. Milinkevi\u010dius surinko daugiau nei 250 t\u016bkst. para\u0161\u0173 ir gavo 6,12 proc. bals\u0173.<\/p>\n<p style=\"text-align: left;\">Jis tapo vienu i\u0161 \u201eRugiag\u0117li\u0173 revoliucijos\u201c lyderi\u0173, o po 2006 m. baland\u017eio 26 d. vykusios protesto akcijos \u201e\u010cernobylio kelias\u201c 15 dien\u0173 pateko \u012f are\u0161tin\u0119.<\/p>\n<p style=\"text-align: left;\">2010 m. prezidento rinkim\u0173 metu A. Milinkevi\u010dius atsi\u0117m\u0117 savo kandidat\u016br\u0105, mat buvo nerimaujama, kad rinkimai nebus laisvi, be to, opozicijos gretose buvo kilusi kriz\u0117.<\/p>\n<p style=\"text-align: left;\">2012 m. buvo atsisakyta registruoti jo kandidat\u016br\u0105 \u012f Atstov\u0173 r\u016bmus.<\/p>\n<p style=\"text-align: left;\">2015 m. jis oficialiai atsisak\u0117 dalyvauti rinkimuose ar remti kur\u012f nors i\u0161 kandidat\u0173.<\/p>\n<p style=\"text-align: left;\">Nuo 2006 iki 2016 m. A. Milinkevi\u010dius vadovavo jud\u0117jimui \u201eU\u017e laisv\u0119\u201c ir \u012fsteig\u0117 Vasilio Bykau minties laisv\u0117s premij\u0105.<\/p>\n<p style=\"text-align: left;\">2017 m. jis kartu su Sviatlana Aleksijevi\u010d ir kitais intelektualais Var\u0161uvoje \u012fk\u016br\u0117 \u201eLaisvojo Baltarusijos universiteto\u201c fond\u0105, pats tapdamas jo rektoriumi.<\/p>\n<p style=\"text-align: left;\">2023 m. A. Milinkevi\u010dius v\u0117l \u012fsitrauk\u0117 \u012f politin\u0119 veikl\u0105, tapdamas nepriklausomu Sviatlanos Cichanouskajos patar\u0117ju ir daugiausia d\u0117mesio skirdamas Baltarusijos siekiams integruotis \u012f Europ\u0105.<\/p>\n","protected":false},"excerpt":{"rendered":"1 nuotr. Aliaksandras Milinkevi\u010dius. Eltos nuotr. \u00a0 \u201e\u0160iandien 7:15 val. mir\u0117 Aliaksandras Milinkevi\u010dius\u201c, \u2013 socialiniame tinkle \u201eFacebook\u201c para\u0161\u0117&hellip;\n","protected":false},"author":2,"featured_media":251763,"comment_status":"","ping_status":"","sticky":false,"template":"","format":"standard","meta":{"footnotes":"","_share_on_mastodon":"0"},"categories":[15],"tags":[25,1496,30,31,34,35,24,32,33,37,39,36,38,40,36955,23,621,22,1137,44,1269,28,29,26,27,74,75,76],"class_list":["post-251762","post","type-post","status-publish","format-standard","has-post-thumbnail","category-pasaulis","tag-antrastes","tag-baltarusija","tag-breaking-news","tag-breakingnews","tag-featured-news","tag-featurednews","tag-headlines","tag-latest-news","tag-latestnews","tag-lietuva","tag-lietuviu","tag-lithuania","tag-lithuanian","tag-lt","tag-milinkevicius","tag-naujienos","tag-netektis","tag-news","tag-opozicija","tag-pasaulis","tag-politika","tag-populiariausios-naujienos","tag-populiariausiosnaujienos","tag-top-stories","tag-topstories","tag-world","tag-world-news","tag-worldnews"],"share_on_mastodon":{"url":"https:\/\/pubeurope.com\/@lt\/117079474671635267","error":""},"_links":{"self":[{"href":"https:\/\/www.europesays.com\/lt\/wp-json\/wp\/v2\/posts\/251762","targetHints":{"allow":["GET"]}}],"collection":[{"href":"https:\/\/www.europesays.com\/lt\/wp-json\/wp\/v2\/posts"}],"about":[{"href":"https:\/\/www.europesays.com\/lt\/wp-json\/wp\/v2\/types\/post"}],"author":[{"embeddable":true,"href":"https:\/\/www.europesays.com\/lt\/wp-json\/wp\/v2\/users\/2"}],"replies":[{"embeddable":true,"href":"https:\/\/www.europesays.com\/lt\/wp-json\/wp\/v2\/comments?post=251762"}],"version-history":[{"count":0,"href":"https:\/\/www.europesays.com\/lt\/wp-json\/wp\/v2\/posts\/251762\/revisions"}],"wp:featuredmedia":[{"embeddable":true,"href":"https:\/\/www.europesays.com\/lt\/wp-json\/wp\/v2\/media\/251763"}],"wp:attachment":[{"href":"https:\/\/www.europesays.com\/lt\/wp-json\/wp\/v2\/media?parent=251762"}],"wp:term":[{"taxonomy":"category","embeddable":true,"href":"https:\/\/www.europesays.com\/lt\/wp-json\/wp\/v2\/categories?post=251762"},{"taxonomy":"post_tag","embeddable":true,"href":"https:\/\/www.europesays.com\/lt\/wp-json\/wp\/v2\/tags?post=251762"}],"curies":[{"name":"wp","href":"https:\/\/api.w.org\/{rel}","templated":true}]}}