{"id":252300,"date":"2026-08-12T16:03:15","date_gmt":"2026-08-12T16:03:15","guid":{"rendered":"https:\/\/www.europesays.com\/lt\/252300\/"},"modified":"2026-08-12T16:03:15","modified_gmt":"2026-08-12T16:03:15","slug":"atvira-klaipeda-busto-rumai-siulo-ivesti-privaloma-daugiabuciu-bendrojo-turto-draudima","status":"publish","type":"post","link":"https:\/\/www.europesays.com\/lt\/252300\/","title":{"rendered":"Atvira Klaip\u0117da | B\u016bsto r\u016bmai si\u016blo \u012fvesti privalom\u0105 daugiabu\u010di\u0173 bendrojo turto draudim\u0105"},"content":{"rendered":"<tr>\n<td><img loading=\"lazy\" decoding=\"async\" src=\"https:\/\/www.europesays.com\/lt\/wp-content\/uploads\/2026\/08\/Elta-logo-Blue.png\" class=\"avatar avatar-100 photo\" width=\"100\" height=\"100\"\/><\/td>\n<td>Ieva Kniuk\u0161tien\u0117 (ELTA)<br \/>2026-08-12<\/td>\n<\/tr>\n<p>Lietuvos b\u016bsto r\u016bmai si\u016blo daugiabu\u010di\u0173 nam\u0173 bendrojo naudojimo objekt\u0173 draudim\u0105 padaryti privalom\u0105. Tokia apsauga, pasak organizacijos prezidento Algio \u010capliko, pad\u0117t\u0173 gyventojams i\u0161vengti didel\u0117s finansin\u0117s na\u0161tos netik\u0117tos nelaim\u0117s atveju. Aplinkos ministerija iniciatyv\u0105 taip pat i\u0161 esm\u0117s palaiko, ta\u010diau pabr\u0117\u017eia, kad draudimas tur\u0117t\u0173 papildyti, o ne pakeisti kaupiam\u0105sias l\u0117\u0161as.<\/p>\n<p><img fetchpriority=\"high\" decoding=\"async\" width=\"960\" height=\"640\" src=\"https:\/\/www.europesays.com\/lt\/wp-content\/uploads\/2026\/08\/miestsimon.jpg\" alt=\"\" class=\"wp-image-99838\"  \/>Martyno Vainoriaus nuotr.<\/p>\n<p>Pasak A. \u010capliko, daugiabu\u010dio bendrosios konstrukcijos, stogas, fasadas, in\u017einerin\u0117s sistemos ir bendrosios patalpos priklauso visiems savininkams, tod\u0117l j\u0173 draudimas b\u016bt\u0173 b\u016bdas valdyti didel\u0117s \u017ealos finansin\u0119 rizik\u0105.<\/p>\n<p>\u201eGaisro, sprogimo, audros ar kitos didel\u0117s nelaim\u0117s atveju nuostoliai gali siekti \u0161imtus t\u016bkstan\u010di\u0173 ar net milijonus eur\u0173. Jeigu pastatas neapdraustas, gyventojai da\u017enai neturi finansini\u0173 galimybi\u0173 toki\u0173 nuostoli\u0173 padengti, o tada atsiranda l\u016bkestis, kad pad\u0117s valstyb\u0117 ar savivaldyb\u0117. Kitaip tariant, privataus neapdrausto turto rizika i\u0161 dalies perkeliama visiems mokes\u010di\u0173 mok\u0117tojams\u201c, \u2013 Eltai teig\u0117 Lietuvos b\u016bsto r\u016bm\u0173 prezidentas.<\/p>\n<p>Savo ruo\u017etu Aplinkos ministerijos B\u016bsto politikos grup\u0117s vadov\u0117 Laura Luko\u0161evi\u010dien\u0117 nurod\u0117, kad didel\u0117s \u017ealos atvejais draudimas gal\u0117t\u0173 pad\u0117ti suma\u017einti gyventojams tenkan\u010di\u0105 finansin\u0119 na\u0161t\u0105, kai d\u0117l ekstremali\u0173 meteorologini\u0173 rei\u0161kini\u0173 apgadinami bendrojo naudojimo objektai.<\/p>\n<p>\u201eAplinkos ministerija i\u0161 esm\u0117s palaiko iniciatyv\u0105 sudaryti galimyb\u0119 daugiabu\u010di\u0173 nam\u0173 bendrojo naudojimo objektus drausti nuo draud\u017eiam\u0173j\u0173 \u012fvyki\u0173 sukeliamos \u017ealos. Toks sprendimas gal\u0117t\u0173 b\u016bti papildoma pastato savinink\u0173 finansin\u0117s rizikos valdymo priemon\u0117 ir sudaryt\u0173 galimyb\u0119 draud\u017eiamojo \u012fvykio atveju \u017eal\u0105 atlyginti draudimo l\u0117\u0161omis, o ne vien naudoti tam pastato kaupiam\u0105sias l\u0117\u0161as ar rinkti papildomas \u012fmokas i\u0161 gyventoj\u0173\u201c, \u2013 Eltai komentavo L. Luko\u0161evi\u010dien\u0117.<\/p>\n<p>Daugiabu\u010di\u0173 kaupiamosios l\u0117\u0161os i\u0161likt\u0173<\/p>\n<p>Pasak A. \u010capliko, draudimas netur\u0117t\u0173 b\u016bti painiojamas su daugiabu\u010dio kaupiamosiomis l\u0117\u0161omis, nes \u0161ios priemon\u0117s skirtos skirtingiems tikslams. Kaupiamosios l\u0117\u0161os naudojamos planuojamiems prie\u017ei\u016bros ir atnaujinimo darbams, o draudimas b\u016bt\u0173 skirtas netik\u0117toms bei didel\u0117ms rizikoms.<\/p>\n<p>\u201eKaupiamosios l\u0117\u0161os skirtos planuojamiems namo prie\u017ei\u016bros ir atnaujinimo darbams \u2013 stogui, fasadui, vamzdynams, konstrukcijoms ar kitoms bendrosioms namo dalims remontuoti. Jos kaupiamos palaipsniui ir paprastai n\u0117ra tokio dyd\u017eio, kad gal\u0117t\u0173 padengti staiga \u012fvykusios didel\u0117s nelaim\u0117s \u017eal\u0105\u201c, \u2013 pabr\u0117\u017e\u0117 A. \u010caplikas.<\/p>\n<p>L. Luko\u0161evi\u010dien\u0117 pa\u017eym\u0117jo, kad pagal Civilinio kodekso nuostatas daugiabu\u010di\u0173 savininkai privalo kaupti l\u0117\u0161as pastato bendrojo naudojimo objektams atnaujinti. Pasak jos, \u0161ios l\u0117\u0161os leid\u017eia \u0161alinti pastato defektus ir organizuoti jo prie\u017ei\u016bros bei atnaujinimo darbus.<\/p>\n<p>\u201eVis d\u0117lto kaupiamosios l\u0117\u0161os ir draudimas atlieka skirtingas funkcijas ir gal\u0117t\u0173 viena kit\u0105 papildyti, t. y. draudimas b\u016bt\u0173 skirtas pirmiausia netik\u0117tos ir didel\u0117s \u017ealos finansinei rizikai valdyti\u201c, \u2013 teig\u0117 Aplinkos ministerijos atstov\u0117.<\/p>\n<p>L. Luko\u0161evi\u010dien\u0117s teigimu, jeigu bendrojo naudojimo objektams padaryta \u017eala b\u016bt\u0173 pripa\u017einta draud\u017eiamuoju \u012fvykiu, dalis arba visa \u017eala, priklausomai nuo draudimo sutarties s\u0105lyg\u0173, gal\u0117t\u0173 b\u016bti atlyginta draudimo l\u0117\u0161omis. Tai, anot jos, leist\u0173 suma\u017einti gyventojams tenkan\u010di\u0105 finansin\u0119 na\u0161t\u0105.<\/p>\n<p>Aplinkos ministerija atkreip\u0117 d\u0117mes\u012f, kad galimyb\u0117 drausti daugiabu\u010di\u0173 bendrojo naudojimo objektus i\u0161 esm\u0117s jau egzistuoja. Pasak L. Luko\u0161evi\u010dien\u0117s, but\u0173 ir kit\u0173 patalp\u0173 savinink\u0173 susirinkimas gali priimti sprendim\u0105 naudotis rinkoje teikiamomis tokiomis paslaugomis ir u\u017e jas mok\u0117ti papildomai.<\/p>\n<p>Europoje taikomi modeliai<\/p>\n<p>Pasak A. \u010capliko, daugiabu\u010di\u0173 bendrosios nuosavyb\u0117s draudimo modeliai taikomi ir kitose Europos valstyb\u0117se. Jo teigimu, Pranc\u016bzijoje daugiabu\u010dio bendratur\u010di\u0173 bendrijai privalomas civilin\u0117s atsakomyb\u0117s draudimas, apimantis ir \u017eal\u0105, susijusi\u0105 su bendrosiomis pastato dalimis, o Estijoje pastato draudimas atkuriam\u0105ja verte teis\u0117s aktuose \u012fvardijamas kaip tinkamo bendro turto valdymo priemon\u0117.<\/p>\n<p>\u201eModeliai valstyb\u0117se skiriasi, ta\u010diau pati logika yra ta pati \u2013 daugiabutis yra didel\u0117s vert\u0117s turtas, o jo bendrosios konstrukcijos, stogas, fasadas, in\u017einerin\u0117s sistemos ar bendrosios patalpos priklauso visiems savininkams. Tod\u0117l, m\u016bs\u0173 vertinimu, nelogi\u0161ka, kad toks turtas gali apskritai likti neapdraustas\u201c, \u2013 pa\u017eym\u0117jo A. \u010caplikas.<\/p>\n<p>Aplinkos ministerija pabr\u0117\u017e\u0117, kad draudimas nepakeist\u0173 pastato valdytoj\u0173 pareigos tinkamai pri\u017ei\u016br\u0117ti ir atnaujinti pastat\u0105 bei kaupti l\u0117\u0161as jo prie\u017ei\u016brai.<\/p>\n<p>Kopijuoti ir platinti ELTOS turin\u012f bei ra\u0161ti\u0161ko ELTOS sutikimo draud\u017eiama<\/p>\n<p>\u017dymos: <a href=\"https:\/\/www.atviraklaipeda.lt\/zyma\/algis-caplikas\/\" rel=\"tag nofollow noopener\" target=\"_blank\">Algis \u010caplikas<\/a> | <a href=\"https:\/\/www.atviraklaipeda.lt\/zyma\/aplinkos-ministerija\/\" rel=\"tag nofollow noopener\" target=\"_blank\">Aplinkos ministerija<\/a> | <a href=\"https:\/\/www.atviraklaipeda.lt\/zyma\/draudimas\/\" rel=\"tag nofollow noopener\" target=\"_blank\">draudimas<\/a> | <a href=\"https:\/\/www.atviraklaipeda.lt\/zyma\/kaupiamosios-lesos\/\" rel=\"tag nofollow noopener\" target=\"_blank\">kaupiamosios l\u0117\u0161os<\/a> | <a href=\"https:\/\/www.atviraklaipeda.lt\/zyma\/laura-lukoseviciene\/\" rel=\"tag nofollow noopener\" target=\"_blank\">Laura Luko\u0161evi\u010dien\u0117<\/a> | <a href=\"https:\/\/www.atviraklaipeda.lt\/zyma\/lietuvos-busto-rumai\/\" rel=\"tag nofollow noopener\" target=\"_blank\">Lietuvos b\u016bsto r\u016bmai<\/a><\/p>\n<p>\tPrane\u0161ti apie klaid\u0105  <br \/>PANA\u0160\u016aS STRAIPSNIAI<\/p>\n","protected":false},"excerpt":{"rendered":"Ieva Kniuk\u0161tien\u0117 (ELTA)2026-08-12 Lietuvos b\u016bsto r\u016bmai si\u016blo daugiabu\u010di\u0173 nam\u0173 bendrojo naudojimo objekt\u0173 draudim\u0105 padaryti privalom\u0105. Tokia apsauga, pasak&hellip;\n","protected":false},"author":2,"featured_media":252301,"comment_status":"","ping_status":"","sticky":false,"template":"","format":"standard","meta":{"footnotes":"","_share_on_mastodon":"0"},"categories":[17],"tags":[6315,3779,81,3000,37014,37015,37,39,37016,36,38,40,46],"class_list":["post-252300","post","type-post","status-publish","format-standard","has-post-thumbnail","category-verslas","tag-algis-caplikas","tag-aplinkos-ministerija","tag-business","tag-draudimas","tag-kaupiamosios-lesos","tag-laura-lukoseviciene","tag-lietuva","tag-lietuviu","tag-lietuvos-busto-rumai","tag-lithuania","tag-lithuanian","tag-lt","tag-verslas"],"share_on_mastodon":{"url":"https:\/\/pubeurope.com\/@lt\/117083387410994662","error":""},"_links":{"self":[{"href":"https:\/\/www.europesays.com\/lt\/wp-json\/wp\/v2\/posts\/252300","targetHints":{"allow":["GET"]}}],"collection":[{"href":"https:\/\/www.europesays.com\/lt\/wp-json\/wp\/v2\/posts"}],"about":[{"href":"https:\/\/www.europesays.com\/lt\/wp-json\/wp\/v2\/types\/post"}],"author":[{"embeddable":true,"href":"https:\/\/www.europesays.com\/lt\/wp-json\/wp\/v2\/users\/2"}],"replies":[{"embeddable":true,"href":"https:\/\/www.europesays.com\/lt\/wp-json\/wp\/v2\/comments?post=252300"}],"version-history":[{"count":0,"href":"https:\/\/www.europesays.com\/lt\/wp-json\/wp\/v2\/posts\/252300\/revisions"}],"wp:featuredmedia":[{"embeddable":true,"href":"https:\/\/www.europesays.com\/lt\/wp-json\/wp\/v2\/media\/252301"}],"wp:attachment":[{"href":"https:\/\/www.europesays.com\/lt\/wp-json\/wp\/v2\/media?parent=252300"}],"wp:term":[{"taxonomy":"category","embeddable":true,"href":"https:\/\/www.europesays.com\/lt\/wp-json\/wp\/v2\/categories?post=252300"},{"taxonomy":"post_tag","embeddable":true,"href":"https:\/\/www.europesays.com\/lt\/wp-json\/wp\/v2\/tags?post=252300"}],"curies":[{"name":"wp","href":"https:\/\/api.w.org\/{rel}","templated":true}]}}