{"id":25234,"date":"2025-10-25T14:19:14","date_gmt":"2025-10-25T14:19:14","guid":{"rendered":"https:\/\/www.europesays.com\/lt\/25234\/"},"modified":"2025-10-25T14:19:14","modified_gmt":"2025-10-25T14:19:14","slug":"lionelis-messi-vede-savo-komanda-i-prieki-mls-atkrintamuju-starte","status":"publish","type":"post","link":"https:\/\/www.europesays.com\/lt\/25234\/","title":{"rendered":"Lionelis Messi ved\u0117 savo komand\u0105 \u012f priek\u012f MLS atkrintam\u0173j\u0173 starte"},"content":{"rendered":"<p>Jungtin\u0117se Amerikos Valstijose startavo MLS lygos atkrintamosios var\u017eybos.<\/p>\n<p>Atkrintam\u0173j\u0173 var\u017eyb\u0173 starte solid\u017ei\u0105 persvar\u0105 susikrov\u0117 Majamio \u201eInter\u201c. Ji namuose 3:1 nugal\u0117jo \u201eNashville FC\u201c.<\/p>\n<p>Rungtyn\u0117se savo ekip\u0105 \u012f priek\u012f ved\u0117 Lionelis Messi. Argentinietis 19-\u0105j\u0105 minut\u0119 akrobati\u0161ku sm\u016bgiu galva atidar\u0117 \u012fvar\u010di\u0173 s\u0105skait\u0105.<\/p>\n<p>Po pertraukos did\u017eiausia lygos \u017evaig\u017ed\u0117 sudalyvavo atakoje, kurioje krito dar vienas \u012fvartis galva. J\u012f peln\u0117 Tadeo Allende.<\/p>\n<p>Jau per prid\u0117t\u0105 laik\u0105 L. Messi pasinaudojo var\u017eov\u0173 dovan\u0117le. Vartininkui neu\u017efiksavus kamuolio jis atsid\u016br\u0117 po pat puol\u0117jo kojomis ir jis nieko netrukdomas pasiunt\u0117 kamuol\u012f \u012f tu\u0161\u010dius vartus.<\/p>\n<p>Visgi, jau 11-\u0105j\u0105 prid\u0117to laiko minut\u0119 Hany Mukhtaras puikiu baudos sm\u016bgiu suma\u017eino deficit\u0105 ir palengvino \u201eNashville\u201c misij\u0105 prie\u0161 atsakom\u0105sias rungtynes.<\/p>\n<p>Antrosios \u0161i\u0173 komand\u0173 rungtyn\u0117s \u012fvyks po savait\u0117s, lapkri\u010dio 2 dien\u0105.<\/p>\n","protected":false},"excerpt":{"rendered":"Jungtin\u0117se Amerikos Valstijose startavo MLS lygos atkrintamosios var\u017eybos. Atkrintam\u0173j\u0173 var\u017eyb\u0173 starte solid\u017ei\u0105 persvar\u0105 susikrov\u0117 Majamio \u201eInter\u201c. Ji namuose&hellip;\n","protected":false},"author":2,"featured_media":25235,"comment_status":"","ping_status":"","sticky":false,"template":"","format":"standard","meta":{"footnotes":""},"categories":[19],"tags":[57,43,55,48,54,51,49,50,37,39,36,38,40,45,23,44,53,42,56,47,112,104,46,58,52],"class_list":{"0":"post-25234","1":"post","2":"type-post","3":"status-publish","4":"format-standard","5":"has-post-thumbnail","7":"category-sportas","8":"tag-daiktai","9":"tag-dienos-kronika","10":"tag-gatves-tekstai","11":"tag-gyvenimas","12":"tag-interneto-pievos","13":"tag-keliones","14":"tag-kultura","15":"tag-laisvalaikis","16":"tag-lietuva","17":"tag-lietuviu","18":"tag-lithuania","19":"tag-lithuanian","20":"tag-lt","21":"tag-mokslas-ir-it","22":"tag-naujienos","23":"tag-pasaulis","24":"tag-projektai","25":"tag-rinktiniai-tekstai","26":"tag-simtmecio-portalas","27":"tag-sportas","28":"tag-sportas-lt","29":"tag-sports","30":"tag-verslas","31":"tag-video","32":"tag-zaidimai"},"share_on_mastodon":{"url":"https:\/\/pubeurope.com\/@lt\/115435245635091357","error":""},"_links":{"self":[{"href":"https:\/\/www.europesays.com\/lt\/wp-json\/wp\/v2\/posts\/25234","targetHints":{"allow":["GET"]}}],"collection":[{"href":"https:\/\/www.europesays.com\/lt\/wp-json\/wp\/v2\/posts"}],"about":[{"href":"https:\/\/www.europesays.com\/lt\/wp-json\/wp\/v2\/types\/post"}],"author":[{"embeddable":true,"href":"https:\/\/www.europesays.com\/lt\/wp-json\/wp\/v2\/users\/2"}],"replies":[{"embeddable":true,"href":"https:\/\/www.europesays.com\/lt\/wp-json\/wp\/v2\/comments?post=25234"}],"version-history":[{"count":0,"href":"https:\/\/www.europesays.com\/lt\/wp-json\/wp\/v2\/posts\/25234\/revisions"}],"wp:featuredmedia":[{"embeddable":true,"href":"https:\/\/www.europesays.com\/lt\/wp-json\/wp\/v2\/media\/25235"}],"wp:attachment":[{"href":"https:\/\/www.europesays.com\/lt\/wp-json\/wp\/v2\/media?parent=25234"}],"wp:term":[{"taxonomy":"category","embeddable":true,"href":"https:\/\/www.europesays.com\/lt\/wp-json\/wp\/v2\/categories?post=25234"},{"taxonomy":"post_tag","embeddable":true,"href":"https:\/\/www.europesays.com\/lt\/wp-json\/wp\/v2\/tags?post=25234"}],"curies":[{"name":"wp","href":"https:\/\/api.w.org\/{rel}","templated":true}]}}