{"id":25238,"date":"2025-10-25T14:25:14","date_gmt":"2025-10-25T14:25:14","guid":{"rendered":"https:\/\/www.europesays.com\/lt\/25238\/"},"modified":"2025-10-25T14:25:14","modified_gmt":"2025-10-25T14:25:14","slug":"po-l-hamiltono-patarimo-l-norriso-atsakas","status":"publish","type":"post","link":"https:\/\/www.europesays.com\/lt\/25238\/","title":{"rendered":"Po L. Hamiltono patarimo \u2013 L. Norriso atsakas"},"content":{"rendered":"<p>\u201eMcLaren\u201c lenktynininkas Lando Norrisas pri\u0117m\u0117 Lewiso Hamiltono <a href=\"https:\/\/www.f-1.lt\/l-hamiltonas-dave-patarima-titula-besivaikanciam-mclaren-duetui-n61692\" rel=\"nofollow noopener\" target=\"_blank\">patarim\u0105<\/a> b\u016bti agresyviam prie\u0161 Max\u0105 Verstappen\u0105.<\/p>\n<p>Tiesa, brito teigimu, dabartin\u0117 situacija yra \u0161iek tiek lengvesn\u0117 nei ta, kurioje L. Hamiltonas b\u016bdavo, kai kovojo tik su Verstappenu.<\/p>\n<p>\u201eDabar viskas yra \u0161iek tiek sud\u0117tingiau. Anks\u010diau buvo tik dviej\u0173 lenktyninink\u0173 dvikova, tad tai yra \u0161iek tiek lengviau.<\/p>\n<p>\u0160iuo metu mes esame trise. Jeigu du i\u0161 m\u016bs\u0173 ka\u017ekur paklius, bent vienas gyvas liks. Kiekviena situacija yra skirtinga, ta\u010diau jeigu i\u0161 ka\u017eko ir b\u016bt\u0173 verta paimti patarim\u0105, tai tikrai tas \u017emogus b\u016bt\u0173 Lewisas\u201c, \u2013 patarim\u0105 pri\u0117m\u0117 L. Norrisas.<\/p>\n","protected":false},"excerpt":{"rendered":"\u201eMcLaren\u201c lenktynininkas Lando Norrisas pri\u0117m\u0117 Lewiso Hamiltono patarim\u0105 b\u016bti agresyviam prie\u0161 Max\u0105 Verstappen\u0105. Tiesa, brito teigimu, dabartin\u0117 situacija&hellip;\n","protected":false},"author":2,"featured_media":25239,"comment_status":"","ping_status":"","sticky":false,"template":"","format":"standard","meta":{"footnotes":""},"categories":[19],"tags":[37,39,36,38,40,47,104],"class_list":{"0":"post-25238","1":"post","2":"type-post","3":"status-publish","4":"format-standard","5":"has-post-thumbnail","7":"category-sportas","8":"tag-lietuva","9":"tag-lietuviu","10":"tag-lithuania","11":"tag-lithuanian","12":"tag-lt","13":"tag-sportas","14":"tag-sports"},"share_on_mastodon":{"url":"https:\/\/pubeurope.com\/@lt\/115435269208366183","error":""},"_links":{"self":[{"href":"https:\/\/www.europesays.com\/lt\/wp-json\/wp\/v2\/posts\/25238","targetHints":{"allow":["GET"]}}],"collection":[{"href":"https:\/\/www.europesays.com\/lt\/wp-json\/wp\/v2\/posts"}],"about":[{"href":"https:\/\/www.europesays.com\/lt\/wp-json\/wp\/v2\/types\/post"}],"author":[{"embeddable":true,"href":"https:\/\/www.europesays.com\/lt\/wp-json\/wp\/v2\/users\/2"}],"replies":[{"embeddable":true,"href":"https:\/\/www.europesays.com\/lt\/wp-json\/wp\/v2\/comments?post=25238"}],"version-history":[{"count":0,"href":"https:\/\/www.europesays.com\/lt\/wp-json\/wp\/v2\/posts\/25238\/revisions"}],"wp:featuredmedia":[{"embeddable":true,"href":"https:\/\/www.europesays.com\/lt\/wp-json\/wp\/v2\/media\/25239"}],"wp:attachment":[{"href":"https:\/\/www.europesays.com\/lt\/wp-json\/wp\/v2\/media?parent=25238"}],"wp:term":[{"taxonomy":"category","embeddable":true,"href":"https:\/\/www.europesays.com\/lt\/wp-json\/wp\/v2\/categories?post=25238"},{"taxonomy":"post_tag","embeddable":true,"href":"https:\/\/www.europesays.com\/lt\/wp-json\/wp\/v2\/tags?post=25238"}],"curies":[{"name":"wp","href":"https:\/\/api.w.org\/{rel}","templated":true}]}}