{"id":253476,"date":"2026-08-14T06:05:13","date_gmt":"2026-08-14T06:05:13","guid":{"rendered":"https:\/\/www.europesays.com\/lt\/253476\/"},"modified":"2026-08-14T06:05:13","modified_gmt":"2026-08-14T06:05:13","slug":"kauno-pramones-zemelapyje-nelieka-dar-vienos-ilgametes-imones","status":"publish","type":"post","link":"https:\/\/www.europesays.com\/lt\/253476\/","title":{"rendered":"Kauno pramon\u0117s \u017eem\u0117lapyje nelieka dar vienos ilgamet\u0117s \u012fmon\u0117s"},"content":{"rendered":"<p>Kai prie\u0161 keliolika met\u0173 rinkau med\u017eiag\u0105 apie Kaune veikusias ir, deja, i\u0161nykusias lengvosios pramon\u0117s \u012fmones, Kauno apskrities vie\u0161ojoje bibliotekoje tur\u0117jau galimyb\u0119 pavartyti 1933\u20131934 met\u0173 \u201eVerslo\u201c laikra\u0161\u010dio komplektus. Vis\u0173 pirma atkreipiau d\u0117mes\u012f \u012f tai, kad juose beveik nebuvo joki\u0173 \u201ekriminal\u0173\u201c, i\u0161skyrus pla\u010diai apra\u0161yt\u0105 vien\u0105 atvej\u012f, kai tarnait\u0117 po \u201ei\u0161niekinimo\u201c peiliu nud\u016br\u0117 savo \u0161eiminink\u0105. Ta\u010diau kone visuose \u0161io leidinio numeriuose buvo kartojamas \u201eburta\u017eodis\u201c: \u201eLietuva nepra\u017eus, jei pirks savi pas savus\u201c\u2026<\/p>\n<p>\u017dinoma, laikai pasikeit\u0117, ir pa\u017eangi <a href=\"https:\/\/kaunas.kasvyksta.lt\/pramone\" title=\"Pramon\u0117\" rel=\"nofollow noopener\" target=\"_blank\">pramon\u0117<\/a> bei verslas Lietuvoje jau veikia pla\u010diai, eina \u012f tarptautines rinkas, neapsiribodami produkcijos pardavimais \u201esaviems\u201c. Juolab parduotuv\u0117s visko pilnos, o pasi\u016bla \u2013 didel\u0117; tai pirk\u0117jo nepriversi pirkti to, kas jam nepatinka (d\u0117l kainos ar d\u0117l fasono).<\/p>\n<p>Ta\u010diau tikiu, kad kiekvien\u0105 ruden\u012f rengiamos parodos \u201eRinkis prek\u0119 lietuvi\u0161k\u0105\u201c tikrai lankytojams vertingos dar ir tuo, kad jose kiekvienas pamato, k\u0105 Lietuvos gamintojai si\u016blo, geba puikiai gaminti ir m\u016bs\u0173 \u0161aliai, ir u\u017esieniui. O tuo pa\u010diu ir lietuvi\u0161k\u0173 preki\u0173 pirk\u0117j\u0173 gretos palaipsniui auga.<\/p>\n<p>Tiesa, min\u0117tose parodose dalyvauja ne tiek daug stambi\u0173 pramon\u0117s \u012fmoni\u0173, nors kai kurios i\u0161 j\u0173 bent pasireklamuoja ir informuoja apie tai, k\u0105 gamina, si\u016blo ir kur savo produkcij\u0105 parduoda.<\/p>\n<p>UAB \u201eKauno stakl\u0117s\u201c ir be teismo pripa\u017einta nemokia<\/p>\n<p>Tai \u012fvyko \u0161i\u0105 vasar\u0105 \u2013 sprendimas vykdyti bankroto proces\u0105 liepos 10-\u0105j\u0105 priimtas kreditori\u0173 susirinkime, \u012fvertinus tai, jog bendrov\u0117s skolos vir\u0161ijo milijon\u0105 eur\u0173.<\/p>\n<p>Kitaip tariant, apie 80 met\u0173 gyvavusi \u012fmon\u0117 netrukus taps istorija. Kaip ir \u201eDrob\u0117\u201c, \u201eKaspinas\u201c, \u201eSilva\u201c ar \u201eKotonas\u201c bei kitos lengvosios pramon\u0117s \u012fmon\u0117s, kuri\u0173 daugyb\u0117 telk\u0117si Vilijampol\u0117je, Raudondvario plente.<\/p>\n<p>\u201eKauno stakl\u0117s\u201c priskirtinos prie sunkiosios pramon\u0117s. Nuo seno \u012fmon\u0117 veik\u0117 prospekte, kuris, Lietuvai atgavus nepriklausomyb\u0119, vadinamas Savanori\u0173 prospektu. Ir stakli\u0173 fabrikas iki \u0161alies nepriklausomyb\u0117s tur\u0117jo kit\u0105 vard\u0105 \u2013 vieno soviet\u0173 politinio veik\u0117jo.<\/p>\n<p>Jo korpusai u\u017e\u0117m\u0117 didel\u0119 teritorij\u0105, o juose darbavosi \u0161imtai \u201estaklinink\u0173\u201c. Kam ir koki\u0105 konkre\u010diai produkcij\u0105 jie gamino, spaudoje nelabai atsispind\u0117davo.<\/p>\n<p>Ta\u010diau \u201eperestrojkos\u201c laikais, Lietuvos nepriklausomyb\u0117s atgavimo i\u0161vakar\u0117se, su stakli\u0173 \u012fmon\u0117s Kaune tuometiniu direktoriumi (jei gerai pamenu, jo pavard\u0117 buvo Dzidolikas) susisiek\u0117 (\u201eper Maskv\u0105\u201c) kolega i\u0161 \u0160veicarijos.<\/p>\n<p>Telefonu, ra\u0161tais sutarta bendradarbiauti, ta\u010diau sutarties pasira\u0161ymas vyko Maskvoje, vienoje i\u0161 s\u0105jungini\u0173 ministerij\u0173. Dalyvauti toje ceremonijoje (tiksliau, steb\u0117ti j\u0105 bei v\u0117liau apra\u0161yti) \u201eVakarin\u0117s naujienos\u201c (laikra\u0161tis, \u0117j\u0119s lietuvi\u0173 bei rus\u0173 kalbomis) komandiravo redakcijos Kauno padalinio ved\u0117j\u0105 B. Ma\u010dien\u0119.<\/p>\n<p>Vietini\u0173 korespondent\u0173 buvo gausyb\u0117, i\u0161 Lietuvos \u2013 a\u0161 viena. Ry\u0161ki\u0173 pro\u017eektori\u0173 \u0161viesoje pademonstruotas pavyzdys stakli\u0173, kurias sutarta bendrai gaminti; i\u0161kilming\u0105 sutarties pasira\u0161ym\u0105 nufilmavo Ostankino (centrin\u0117s) televizijos \u017eini\u0173 tarnyba\u2026<\/p>\n<p>Bet apie tolesn\u012f (real\u0173) bendradarbiavim\u0105 su \u0161veicarais bent Lietuvoje joki\u0173 \u017eini\u0173 nesigird\u0117jo. O netrukus nepriklausoma tapusioje valstyb\u0117je prasid\u0117jo \u012fmoni\u0173 privatizavimo procesai. Naujiems savininkams pasistengus i\u0161parduoti \u012frang\u0105 bei nekilnojam\u0105j\u012f turt\u0105, baig\u0117si ir daugumos Kaune (bei kitur) privatizuot\u0173 \u012fmoni\u0173 veikla. Tiesa, retsykiais i\u0161saugotuose gamybiniuose ar administraciniuose padaliniuose steig\u0117si naujos (o gal vadintinos \u201et\u0119stin\u0117s\u201c?) to paties profilio \u012fmon\u0117s.<\/p>\n<p>Veikl\u0105 senojoje savo \u201ebaz\u0117je\u201c bendrov\u0117 prad\u0117jo beveik prie\u0161 31 metus<\/p>\n<p>2026-\u0173j\u0173 liepos antroje pus\u0117je \u201eKauno stakl\u0117s\u201c informavo U\u017eimtumo tarnyb\u0105 (UT) prie Socialin\u0117s apsaugos ir darbo ministerijos, jog 126 savo darbuotojus \u012fsp\u0117jo apie atleidim\u0105 i\u0161 darbo.<\/p>\n<p>Toks atleid\u017eiam\u0173j\u0173 skai\u010dius tarp vis\u0173 kit\u0173 prane\u0161im\u0173, kuriuos \u0161i\u0105 vasar\u0105 gavo UT, \u2013 rekordinis. Tiesa, lygiai tiek \u017emoni\u0173 atsisak\u0117 ir visoje Lietuvoje veikiantis prekybos tinklas \u201eMaxima LT\u201c.<\/p>\n<p>Ma\u017ea abejoni\u0173, kad atleistieji nesusiras darbo ar\u010diau savo nam\u0173 kitose Lietuvos parduotuv\u0117se. Ta\u010diau per daugyb\u0119 met\u0173 metal\u0173 apdirbimo technologij\u0173 bei stakli\u0173 gamybos patirt\u012f sukaupusios \u201eKauno stakl\u0117s\u201c \u2013 vien tik Kauno \u012fmon\u0117. Ji \u2013 gamintoja, o ne pardav\u0117ja, tod\u0117l jos netektis tikrai nenaudinga nei pramon\u0117s sektoriui, nei miestui.<\/p>\n<p>Pastaraisiais metais \u012fmon\u0117je metinis darbuotoj\u0173 vidurkis buvo 123, prie\u0161 5 metus bendrov\u0117je dirbo 162 darbuotojai. Paskutin\u0119 \u0161iemetinio pavasario dien\u0105 \u2013 130, rugpj\u016b\u010dio 12-\u0105j\u0105 (kaip nurodo <a href=\"http:\/\/rekvizitai.vz.lt\/\" rel=\"nofollow noopener\" target=\"_blank\">rekvizitai.vz.lt<\/a>) \u2013 tik 8 darbuotojai, vidutini\u0161kai priskai\u010diuojama po 2 341,55 Eur atlyginimo.<\/p>\n<p>\u012emonei, kurios \u012fstatinis kapitalas \u2013 238 169 eurai, dabar priklauso 1 automobilis. Vertin\u0119 jos veikl\u0105 56 vertintojai skyr\u0117 7,6 balo (i\u0161 10-ies). Pagal pra\u0117jusi\u0173 met\u0173 rodiklius UAB \u201eKauno stakl\u0117s\u201c pardavimo pajamos siek\u0117 5,18 mln. Eur, nuostoliai \u2013 apie 331 t\u016bkst. eur\u0173. Vien skola \u201eSodrai\u201c \u2013 didesn\u0117 nei 56 t\u016bkst. eur\u0173.<\/p>\n<p>Bendradarbiavo su Vokietijos mil\u017eine \u201eContinental\u201c<\/p>\n<p>Kiek ir kokios konkre\u010diai produkcijos UAB \u201eKauno stakl\u0117s\u201c gamino vokie\u010di\u0173 \u201eContinental\u201c, kol dar jis nenusprend\u0117 trauktis i\u0161 Pakaun\u0117je esan\u010dios Kauno laisvosios ekonomin\u0117s zonos, naujien\u0173 portalui \u201eKas vyksta Kaune\u201c nepavyko su\u017einoti.<\/p>\n<p>Kod\u0117l nesisek\u0117 bendrovei rasti daugiau u\u017esakov\u0173 Lietuvoje, irgi neai\u0161ku \u2013 ar pastang\u0173 pritr\u016bko, ar dar ka\u017eko? Vie\u0161ai nurodytais stakli\u0173 \u012fmon\u0117s telefonais niekas neatsak\u0117. Tarp kitko, liep\u0105 pasikeit\u0117 ir jos vadovas, o liepos 16-oji (anot Nemokumo proces\u0173 informacinio portalo) buvo UAB \u201eKauno stakli\u0173\u201c kreditori\u0173 susirinkimo nutarimo vykdyti bankroto proces\u0105 paskelbimo data.<\/p>\n<p>UT duomenimis, \u201eKauno stakl\u0117se\u201c darbo neteko po 15 \u0161altkalvi\u0173 bei \u0161altkalvi\u0173 suvirintoj\u0173, 12 derintoj\u0173-operatori\u0173, 10 frezuotoj\u0173, 6 in\u017einieriai-programuotojai bei kiti darbuotojai. Minimos profesijos \u2013 paklausios darbo rinkoje, tad atleistieji staklininkai netur\u0117t\u0173 ilgai u\u017esib\u016bti bedarbiais.<\/p>\n<p>\u201ePaklausi \u0161ita veikla \u2013 ie\u0161kom pastoviai toki\u0173 darbuotoj\u0173\u201c, \u2013 papra\u0161ytas pakomentuoti \u201erekordin\u012f atleidim\u0105 i\u0161 darbo\u201c, portalui \u201eKas vyksta Kaune\u201c telefonu i\u0161 karto patvirtina UAB \u201eVolfas Engelman\u201c bendrov\u0117s generalinis direktorius <a href=\"https:\/\/kaunas.kasvyksta.lt\/marius-horbacauskas\" title=\"Marius Horba\u010dauskas\" rel=\"nofollow noopener\" target=\"_blank\">Marius Horba\u010dauskas<\/a>; kartu jis \u2013 ir Kauno kra\u0161to pramoninink\u0173 bei darbdavi\u0173 asociacijos prezidentas.<\/p>\n<p>\u201e\u017dinoma, gaila, kad \u201eKauno stakl\u0117ms\u201c taip nutiko, li\u016bdna visais pana\u0161iais atvejais, kai b\u016bna tokios pasekm\u0117s dideli\u0173 investicij\u0173. Jos visuomet priimamos su d\u017eiaugsmu, besitikint, kad veikl\u0105 garantuos ilgam, ta\u010diau kai didel\u0117s investicijos pasitraukia&#8230;<\/p>\n<p>Sunku \u0161iandien pasakyti, kokios prie\u017eastys l\u0117m\u0117 \u012fmon\u0117s bankrot\u0105. Gal tai \u2013 negeb\u0117jimas diversifikuoti veikl\u0105 \u2013 imtis skirting\u0173 jos r\u016b\u0161i\u0173, siekiant suma\u017einti pajam\u0173 netekimo rizik\u0105, pasitraukus stambiam u\u017esakovui? O gal \u2013 ir bendrov\u0117s vadov\u0173 ned\u0117mesingumas, nelankstumas \u2013 pa\u010dioje prad\u017eioje nesu\u017ei\u016br\u0117ta ir nesuvaldyta krizin\u0117 situacija?\u201c, \u2013 komentavo M. Horba\u010dauskas.<\/p>\n<p>Daugiau d\u0117mesio \u2013 tradicinei pramonei<\/p>\n<p>\u0160\u016bkis \u201eLietuva nepra\u017eus, jei pirks savi pas savus\u201c \u0161iais laikais jau nebeskamba \u2013 seniai prarado savo aktualum\u0105. Ta\u010diau verslininkai, net ir tie, kurie s\u0117kmingai darbuojasi u\u017esienio rinkose, susid\u016br\u0119 su sunkumais, tikisi sulaukti didesnio savosios \u0161alies vald\u017eios d\u0117mesio. Kai prireikia \u2013 ir paramos i\u0161 biud\u017eet\u0173, kuriuos savo mokes\u010diais daugiausia pripildo vietin\u0117 pramon\u0117.<\/p>\n<p>D\u0117l viena po kitos (o kai kada ir vienu metu) sekan\u010di\u0173 pasaulini\u0173 krizi\u0173, pasak Lietuvos pramoninink\u0173 konfederacijos ekonomist\u0117s \u017divil\u0117s Simonaityt\u0117s-Vasiliauskien\u0117s, dabar vieni sektoriai demonstruoja gana stiprius l\u016bkes\u010dius, o kituose atsargumas i\u0161lieka labai didelis.<\/p>\n<p>Tai rodo, kad Lietuvos pramon\u0117s atsigavimas nebus vienodas. Auk\u0161tesn\u0117s prid\u0117tin\u0117s vert\u0117s gamybos sektoriai jau \u0161iandien atrodo gerokai atsparesni, o daliai tradicin\u0117s pramon\u0117s pagrindinis i\u0161\u0161\u016bkis ir toliau i\u0161lieka vangiai atsigaunanti eksporto paklausa.<\/p>\n<p>LPK vertinimu, artimiausiais m\u0117nesiais Lietuvos pramon\u0117s perspektyvas ir toliau labiausiai lems Europos ekonomikos raida, ypa\u010d Vokietijos pramon\u0117s atsigavimas, investicij\u0173 aktyvumas bei geopolitinis neapibr\u0117\u017etumas.<\/p>\n<p>\u201eKas vyksta Kaune\u201c primena, kad (1871-aisiais Vokietijoje \u012fkurta) tarptautin\u0117 gamybos \u012fmon\u0117 \u201eContinental AG\u201c \u012f <a href=\"https:\/\/kaunas.kasvyksta.lt\/verslas\/kaune-pradeda-veikti-continental-gamykla\" target=\"_self\" rel=\"nofollow noopener\">Lietuvos rink\u0105 \u012f\u017eeng\u0117 2019-aisiais<\/a>, o 2024 m. Kauno rajone buvo u\u017ebaigtas antrasis jos padalinio \u201eAumovio Lietuva\u201c pl\u0117tros etapas. \u012e gamykl\u0105 Kauno LEZ investuota apie 200 mln. eur\u0173. \u0160i\u0173 met\u0173 kov\u0105 pasigirdo pirmieji prane\u0161imai apie vokie\u010di\u0173 pasaulin\u0117s elektronikos ir technologij\u0173 \u012fmon\u0117s pasitraukim\u0105 i\u0161 Lietuvos. Oficialiai skelbta, kad palaipsniui \u0161is procesas bus baigtas 2028 met\u0173 vasar\u0105&#8230;<\/p>\n<p>\u201eMes ne kart\u0105 kreip\u0117m\u0117s \u012f \u0161alies vald\u017ei\u0105 su pasi\u016blymais d\u0117l tradicin\u0117s pramon\u0117s vystymo. Ta\u010diau ankstesn\u0117s vyriausyb\u0117s buvo labiau sutelkusios savo d\u0117mes\u012f \u012f auk\u0161t\u0105sias technologijas, \u012f startuolius. Ta\u010diau ne i\u0161 j\u0173 \u0161iandien gyvena Lietuvos regionai, bet i\u0161 tradicin\u0117s pramon\u0117s, ypatingai \u2013 Kauno regionas. Tod\u0117l \u0161i\u0105 pramon\u0119 reikia remti ir palaikyti. \u201eKauno stakl\u0117s\u201c tikrai papuola \u012f t\u0105 palaikymo ir r\u0117mimo vert\u0105 pramon\u0117s srit\u012f\u201c, \u2013 \u201eKas vyksta Kaune\u201c sak\u0117 Kauno kra\u0161to pramoninink\u0173 ir darbdavi\u0173 asociacijos prezidentas M. Horba\u010dauskas.<\/p>\n","protected":false},"excerpt":{"rendered":"Kai prie\u0161 keliolika met\u0173 rinkau med\u017eiag\u0105 apie Kaune veikusias ir, deja, i\u0161nykusias lengvosios pramon\u0117s \u012fmones, Kauno apskrities vie\u0161ojoje&hellip;\n","protected":false},"author":2,"featured_media":253477,"comment_status":"","ping_status":"","sticky":false,"template":"","format":"standard","meta":{"footnotes":"","_share_on_mastodon":"0"},"categories":[13],"tags":[25,30,31,24154,34,35,24,1061,4094,37130,32,33,37,39,36,38,40,18358,23,22,28,29,250,19966,26,27,46],"class_list":["post-253476","post","type-post","status-publish","format-standard","has-post-thumbnail","category-lietuva","tag-antrastes","tag-breaking-news","tag-breakingnews","tag-continental-gamykla","tag-featured-news","tag-featurednews","tag-headlines","tag-kaunas","tag-kauno-miesto-savivaldybe","tag-kauno-stakles","tag-latest-news","tag-latestnews","tag-lietuva","tag-lietuviu","tag-lithuania","tag-lithuanian","tag-lt","tag-marius-horbacauskas","tag-naujienos","tag-news","tag-populiariausios-naujienos","tag-populiariausiosnaujienos","tag-pramone","tag-rekomenduojame","tag-top-stories","tag-topstories","tag-verslas"],"share_on_mastodon":{"url":"https:\/\/pubeurope.com\/@lt\/117092360274302644","error":""},"_links":{"self":[{"href":"https:\/\/www.europesays.com\/lt\/wp-json\/wp\/v2\/posts\/253476","targetHints":{"allow":["GET"]}}],"collection":[{"href":"https:\/\/www.europesays.com\/lt\/wp-json\/wp\/v2\/posts"}],"about":[{"href":"https:\/\/www.europesays.com\/lt\/wp-json\/wp\/v2\/types\/post"}],"author":[{"embeddable":true,"href":"https:\/\/www.europesays.com\/lt\/wp-json\/wp\/v2\/users\/2"}],"replies":[{"embeddable":true,"href":"https:\/\/www.europesays.com\/lt\/wp-json\/wp\/v2\/comments?post=253476"}],"version-history":[{"count":0,"href":"https:\/\/www.europesays.com\/lt\/wp-json\/wp\/v2\/posts\/253476\/revisions"}],"wp:featuredmedia":[{"embeddable":true,"href":"https:\/\/www.europesays.com\/lt\/wp-json\/wp\/v2\/media\/253477"}],"wp:attachment":[{"href":"https:\/\/www.europesays.com\/lt\/wp-json\/wp\/v2\/media?parent=253476"}],"wp:term":[{"taxonomy":"category","embeddable":true,"href":"https:\/\/www.europesays.com\/lt\/wp-json\/wp\/v2\/categories?post=253476"},{"taxonomy":"post_tag","embeddable":true,"href":"https:\/\/www.europesays.com\/lt\/wp-json\/wp\/v2\/tags?post=253476"}],"curies":[{"name":"wp","href":"https:\/\/api.w.org\/{rel}","templated":true}]}}