{"id":253870,"date":"2026-08-14T15:28:33","date_gmt":"2026-08-14T15:28:33","guid":{"rendered":"https:\/\/www.europesays.com\/lt\/253870\/"},"modified":"2026-08-14T15:28:33","modified_gmt":"2026-08-14T15:28:33","slug":"paaiskejo-del-ko-isduzo-ryanair-lektuvo-langas","status":"publish","type":"post","link":"https:\/\/www.europesays.com\/lt\/253870\/","title":{"rendered":"Paai\u0161k\u0117jo, d\u0117l ko i\u0161du\u017eo \u201eRyanair\u201c l\u0117ktuvo langas"},"content":{"rendered":"<p class=\"wp-block-paragraph\" id=\"h-\">Pra\u0117jus\u012f m\u0117nes\u012f variklio nuolau\u017eos atsitrenk\u0117 \u012f \u201e<a style=\"font-weight:bold;\" href=\"https:\/\/madeinvilnius.lt\/tema\/ryanair\/\" target=\"_blank\" rel=\"nofollow noopener\">Ryanair<\/a>\u201c l\u0117ktuvo lang\u0105 ir d\u0117l to vienas vyras skryd\u017eio metu vos nebuvo i\u0161siurbtas i\u0161 orlaivio, teigiama ketvirtadien\u012f paskelbtoje preliminarioje <a style=\"font-weight:bold;\" href=\"https:\/\/madeinvilnius.lt\/tema\/jav\/\" target=\"_blank\" rel=\"nofollow noopener\">JAV<\/a> Nacionalin\u0117s transporto saugos valdybos (NTSB) ataskaitoje.<\/p>\n<p class=\"wp-block-paragraph\">Liepos 16 dien\u0105 l\u0117ktuvui skrendant i\u0161 Salonik\u0173 Graikijoje \u012f Memingen\u0105 Vokietijoje, vieno turisto galva \u012fstrigo salono lange, kuris i\u0161du\u017eo d\u0117l pa\u017eeidimo. \u017dmog\u0173 atgal \u012f vid\u0173 tur\u0117jo \u012ftraukti kiti keleiviai.<\/p>\n<p class=\"wp-block-paragraph\">NTSB preliminarioje tyrimo ataskaitoje nurod\u0117, kad kylant de\u0161iniajame l\u0117ktuvo variklyje \u012fvyko \u201eventiliatoriaus ment\u0117s atsiskyrimas\u201c, kitaip tariant, nul\u016b\u017eo variklio ventiliatoriaus ment\u0117.<\/p>\n<p class=\"wp-block-paragraph\">\u201eVariklio fragmentai pa\u017eeid\u0117 fiuzelia\u017e\u0105 ir salone nukrito sl\u0117gis\u201c, \u2013 ra\u0161oma ataskaitoje.<\/p>\n<p class=\"wp-block-paragraph\">Skryd\u017eio palydov\u0117 pamat\u0117, kad keleivis \u201ei\u0161 dalies \u012fstrig\u0119s pa\u017eeistame salono lange ir kad viso lango neb\u0117ra\u201c, ra\u0161oma dokumente.<\/p>\n<p class=\"wp-block-paragraph\">Remiantis ataskaita, keleivis patyr\u0117 sunki\u0173 su\u017eeidim\u0173.<\/p>\n<p class=\"wp-block-paragraph\">Tyr\u0117jai teig\u0117 variklyje rad\u0119 pauk\u0161\u010dio liekan\u0173, ta\u010diau nepadar\u0117 joki\u0173 i\u0161vad\u0173 d\u0117l to, kod\u0117l nul\u016b\u017eo ventiliatoriaus ment\u0117.<\/p>\n<p class=\"wp-block-paragraph\">Prisimindama incident\u0105, viena keleiv\u0117 radijui \u201eRadio Thessaloniki\u201c pasakojo, kad \u201epasigirdo triuk\u0161mas, tarsi sprogus padangai\u201c.<\/p>\n<p class=\"wp-block-paragraph\">\u201eI\u0161 karto supratome, kad \u012fvyko dekompresija. Pasigirdo klyksmai (\u2026). Akimirk\u0105 pamaniau, kad ka\u017ekas nety\u010dia atidar\u0117 avarines duris\u201c, \u2013 sak\u0117 moteris.<\/p>\n<p class=\"wp-block-paragraph\">Variklio fragmentai taip pat apgadino kitas fiuzelia\u017eo dalis ir de\u0161in\u012fj\u012f horizontal\u0173j\u012f stabilizatori\u0173, prane\u0161\u0117 NTSB.<\/p>\n<p class=\"wp-block-paragraph\">\u0160iuo metu atliekamas i\u0161samus NTSB tyrimas, kuris gali u\u017etrukti iki dvej\u0173 met\u0173, tad galutin\u0117s ataskaitos teks palaukti.<\/p>\n<p> <a href=\"https:\/\/google.com\/preferences\/source?q=madeinvilnius.lt\" target=\"_blank\" rel=\"noopener nofollow\" onclick=\"if (!window.__cfRLUnblockHandlers) return false; if(window.gtag){gtag(&#039;event&#039;,&#039;preferred_source_click&#039;,{event_category:&#039;engagement&#039;,event_label:&#039;article_footer&#039;});}\" style=\"display:flex;align-items:center;gap:16px;width:100%;box-sizing:border-box;margin:2.5rem 0 1rem;padding:20px 24px;border:1px solid #e8e6e1;border-radius:14px;background:#fff;text-decoration:none !important;box-shadow:none !important;color:#1a1a1a;\" data-cf-modified-6cb1314928cd6a16ffb95030-=\"\">       Skaitykite mus pirmiau \u201eGoogle\u201d Prid\u0117kite madeinvilnius.lt kaip pageidaujam\u0105 \u0161altin\u012f  \u2192 <\/a><\/p>\n","protected":false},"excerpt":{"rendered":"Pra\u0117jus\u012f m\u0117nes\u012f variklio nuolau\u017eos atsitrenk\u0117 \u012f \u201eRyanair\u201c l\u0117ktuvo lang\u0105 ir d\u0117l to vienas vyras skryd\u017eio metu vos nebuvo&hellip;\n","protected":false},"author":2,"featured_media":253871,"comment_status":"","ping_status":"","sticky":false,"template":"","format":"standard","meta":{"footnotes":"","_share_on_mastodon":"0"},"categories":[17],"tags":[81,37,39,36,38,40,1329,46],"class_list":["post-253870","post","type-post","status-publish","format-standard","has-post-thumbnail","category-verslas","tag-business","tag-lietuva","tag-lietuviu","tag-lithuania","tag-lithuanian","tag-lt","tag-ryanair","tag-verslas"],"share_on_mastodon":{"url":"https:\/\/pubeurope.com\/@lt\/117094574090115146","error":""},"_links":{"self":[{"href":"https:\/\/www.europesays.com\/lt\/wp-json\/wp\/v2\/posts\/253870","targetHints":{"allow":["GET"]}}],"collection":[{"href":"https:\/\/www.europesays.com\/lt\/wp-json\/wp\/v2\/posts"}],"about":[{"href":"https:\/\/www.europesays.com\/lt\/wp-json\/wp\/v2\/types\/post"}],"author":[{"embeddable":true,"href":"https:\/\/www.europesays.com\/lt\/wp-json\/wp\/v2\/users\/2"}],"replies":[{"embeddable":true,"href":"https:\/\/www.europesays.com\/lt\/wp-json\/wp\/v2\/comments?post=253870"}],"version-history":[{"count":0,"href":"https:\/\/www.europesays.com\/lt\/wp-json\/wp\/v2\/posts\/253870\/revisions"}],"wp:featuredmedia":[{"embeddable":true,"href":"https:\/\/www.europesays.com\/lt\/wp-json\/wp\/v2\/media\/253871"}],"wp:attachment":[{"href":"https:\/\/www.europesays.com\/lt\/wp-json\/wp\/v2\/media?parent=253870"}],"wp:term":[{"taxonomy":"category","embeddable":true,"href":"https:\/\/www.europesays.com\/lt\/wp-json\/wp\/v2\/categories?post=253870"},{"taxonomy":"post_tag","embeddable":true,"href":"https:\/\/www.europesays.com\/lt\/wp-json\/wp\/v2\/tags?post=253870"}],"curies":[{"name":"wp","href":"https:\/\/api.w.org\/{rel}","templated":true}]}}