{"id":25390,"date":"2025-10-25T18:46:08","date_gmt":"2025-10-25T18:46:08","guid":{"rendered":"https:\/\/www.europesays.com\/lt\/25390\/"},"modified":"2025-10-25T18:46:08","modified_gmt":"2025-10-25T18:46:08","slug":"po-ziaurios-biciulio-zmogzudystes-ironiska-sypsena-vyro-saltakraujiskumas-priverte-aikteleti-ne-viena-lrytas","status":"publish","type":"post","link":"https:\/\/www.europesays.com\/lt\/25390\/","title":{"rendered":"Po \u017eiaurios bi\u010diulio \u017emog\u017eudyst\u0117s \u2013 ironi\u0161ka \u0161ypsena: vyro \u0161altakrauji\u0161kumas privert\u0117 aiktel\u0117ti ne vien\u0105 &#8211; Lrytas"},"content":{"rendered":"<ol>\n<li><a href=\"https:\/\/news.google.com\/rss\/articles\/CBMigwJBVV95cUxPYWZGR0dOdS14OG9ESkszTWJwbHVVb2dtVWtHOEZBX1psdDhCMENhTmI0WGJKR2R3Y3lROVJ0NW1JMTZGVEF1Mm5qRFFaV0dQbXZFUGVVelpOQlZ1V2dlMUtOR2NJTl9VSmZQc05IdFEwU0dfRll0cGFoajhlMFMxSnZaWnAwZnV4TU9peWxIMTJ6cFZWeTRWLUJha3c2VWFmNURzenFDcFdHdkNxNGsxZWhuOG5Dd1l4eDRCMk1sWjJ2aVVmRmZiTnFmUm9UVXJQNlJENDhmZDlyS0oweEZYOGdNOEh6NEk0NFc2bmZoeUJTbDk2RFB2WklHckRnTDE5RmQw?oc=5\" target=\"_blank\" rel=\"nofollow noopener\">Po \u017eiaurios bi\u010diulio \u017emog\u017eudyst\u0117s \u2013 ironi\u0161ka \u0161ypsena: vyro \u0161altakrauji\u0161kumas privert\u0117 aiktel\u0117ti ne vien\u0105<\/a>&nbsp;&nbsp;Lrytas<\/li>\n<li><a href=\"https:\/\/news.google.com\/rss\/articles\/CBMivAFBVV95cUxNSkNla19QN0VMMDRGN3JFYUIxbUg4ZC1OckhaRjZQRThURV9fM3A1R3dOUERSYVBleFVmVWVheXVEZWx1RXFiYzlpZE9GZ0E4R3FibDBUazFGT2Y2elhmSnI3bmVzQlFuWXFaaVJ6VnBsUGFPOEUzbzI1V3BwZkNzSzlnN09pTWtoUXhxTXFSTmhydmxKUkRFR1g5RXRZVDVwXzJSbzVuODcwUlFSSkZXcjVYLXo1U2Q4ODh6ZQ?oc=5\" target=\"_blank\" rel=\"nofollow noopener\">Klaip\u0117dos teisme \u2013 itin kraupi byla, Anatolijus sako: \u201eKa\u017ekas bando mane \u201epaki\u0161ti\u201c<\/a>&nbsp;&nbsp;tv3.lt<\/li>\n<li><a href=\"https:\/\/news.google.com\/rss\/articles\/CBMimAFBVV95cUxQci15T0FLRXhSSzI5S0RzNUFueUJDVDlkTFB2MVBZaG5zMk5udkFRS0ZVVm5FUGRaMzJ0dEJSQUMwZjJHSlduNFczbDVMR2t2cEt4S2ZIMEdIUmZTV1hzeWgyUDdpMHdvTHctSWRVTEh2Z1hUWjZIc3JsS2J4ZXQ3eUVmSVVFM2dXeWVfRHlXbV95Q3VTUFlPbA?oc=5\" target=\"_blank\" rel=\"nofollow noopener\">Teismas gilinasi \u012f kraupios \u017emog\u017eudyst\u0117s aplinkybes<\/a>&nbsp;&nbsp;Atvira Klaip\u0117da<\/li>\n<li><a href=\"https:\/\/news.google.com\/rss\/articles\/CBMiqwFBVV95cUxPYVg3NkI5OFJnMExGdjdreENwQnpqLWc2Q1RFWFlOcVRyZ0ZfVVBLWFk3SXhLa2xmT2dMMG1PcGtvVHRYQWJwdDhzcnpUVGkxaUg2WXgwZHMxRURBZnpDVm83X1pYSlBTUGpjc2c3c1Q0RlU1NTA1REd2aXVGSnNrVWkxTDVBSl9TT215bjN0dGFUVjZHOGZpa0w1aFB1VVFMbnZVTy1vODk3RWs?oc=5\" target=\"_blank\" rel=\"nofollow noopener\">Garsi byla \u2013 vis dar be pabaigos<\/a>&nbsp;&nbsp;Kauno diena<\/li>\n<li><a href=\"https:\/\/news.google.com\/rss\/articles\/CBMijgJBVV95cUxNLTgxMkJ1YUFCRGJac3oybUtsTUptWW1uRUw3UnRMZklvenZlcVlwZmczcF9ZQWlnR0VyN0VGanZ4aUxRcEVGcmR6Y0RKdm5JVXQ5Mnh6WmxkWXRWMDhSU1ZJd0lGRm1HZXQzbHd3RFBSYWNMejJwWWI2Sm5xbHNjV1YzWHB0dUNIMTJ4Vk5za3BudFRIT05EUnI2YmlnWUxjYjBvTTRpZFJTUVd5cHJxb3lYRTRERkJsNHNORExTWTMtUEEzUTBLR1dEVGdBSm9lVkRmaUhyWU5BM20wSlR3ZFgtX2MxV18tT3hWbC1uYXpUbUxaaklGbl9MbTBCZHEwR0E4cmdkT1V2OUtmUEE?oc=5\" target=\"_blank\" rel=\"nofollow noopener\">Po kraupios \u017emog\u017eudyst\u0117s Klaip\u0117doje paai\u0161k\u0117jo, kaip vyko nupjaut\u0173 koj\u0173 paie\u0161ka: pareig\u016bnai lenktyniavo su laiku<\/a>&nbsp;&nbsp;Lrytas<\/li>\n<\/ol>\n","protected":false},"excerpt":{"rendered":"Po \u017eiaurios bi\u010diulio \u017emog\u017eudyst\u0117s \u2013 ironi\u0161ka \u0161ypsena: vyro \u0161altakrauji\u0161kumas privert\u0117 aiktel\u0117ti ne vien\u0105&nbsp;&nbsp;Lrytas Klaip\u0117dos teisme \u2013 itin kraupi&hellip;\n","protected":false},"author":2,"featured_media":25391,"comment_status":"","ping_status":"","sticky":false,"template":"","format":"standard","meta":{"footnotes":""},"categories":[13],"tags":[25,30,31,34,35,24,32,33,37,39,36,38,40,23,22,28,29,26,27],"class_list":{"0":"post-25390","1":"post","2":"type-post","3":"status-publish","4":"format-standard","5":"has-post-thumbnail","7":"category-lietuva","8":"tag-antrastes","9":"tag-breaking-news","10":"tag-breakingnews","11":"tag-featured-news","12":"tag-featurednews","13":"tag-headlines","14":"tag-latest-news","15":"tag-latestnews","16":"tag-lietuva","17":"tag-lietuviu","18":"tag-lithuania","19":"tag-lithuanian","20":"tag-lt","21":"tag-naujienos","22":"tag-news","23":"tag-populiariausios-naujienos","24":"tag-populiariausiosnaujienos","25":"tag-top-stories","26":"tag-topstories"},"share_on_mastodon":{"url":"https:\/\/pubeurope.com\/@lt\/115436295497642135","error":""},"_links":{"self":[{"href":"https:\/\/www.europesays.com\/lt\/wp-json\/wp\/v2\/posts\/25390","targetHints":{"allow":["GET"]}}],"collection":[{"href":"https:\/\/www.europesays.com\/lt\/wp-json\/wp\/v2\/posts"}],"about":[{"href":"https:\/\/www.europesays.com\/lt\/wp-json\/wp\/v2\/types\/post"}],"author":[{"embeddable":true,"href":"https:\/\/www.europesays.com\/lt\/wp-json\/wp\/v2\/users\/2"}],"replies":[{"embeddable":true,"href":"https:\/\/www.europesays.com\/lt\/wp-json\/wp\/v2\/comments?post=25390"}],"version-history":[{"count":0,"href":"https:\/\/www.europesays.com\/lt\/wp-json\/wp\/v2\/posts\/25390\/revisions"}],"wp:featuredmedia":[{"embeddable":true,"href":"https:\/\/www.europesays.com\/lt\/wp-json\/wp\/v2\/media\/25391"}],"wp:attachment":[{"href":"https:\/\/www.europesays.com\/lt\/wp-json\/wp\/v2\/media?parent=25390"}],"wp:term":[{"taxonomy":"category","embeddable":true,"href":"https:\/\/www.europesays.com\/lt\/wp-json\/wp\/v2\/categories?post=25390"},{"taxonomy":"post_tag","embeddable":true,"href":"https:\/\/www.europesays.com\/lt\/wp-json\/wp\/v2\/tags?post=25390"}],"curies":[{"name":"wp","href":"https:\/\/api.w.org\/{rel}","templated":true}]}}