{"id":254280,"date":"2026-08-15T07:42:08","date_gmt":"2026-08-15T07:42:08","guid":{"rendered":"https:\/\/www.europesays.com\/lt\/254280\/"},"modified":"2026-08-15T07:42:08","modified_gmt":"2026-08-15T07:42:08","slug":"klaipedos-pilies-bokstas-karsta-sios-vasaros-naujiena","status":"publish","type":"post","link":"https:\/\/www.europesays.com\/lt\/254280\/","title":{"rendered":"Klaip\u0117dos pilies bok\u0161tas \u2013 kar\u0161ta \u0161ios vasaros naujiena"},"content":{"rendered":"<p>Klaip\u0117dos simbolis \u2013 pilis<\/p>\n<p>Prie\u0161pilio gatv\u0117je stovinti Klaip\u0117dos pilis da\u017enai pakli\u016bva \u012f mieste besilankan\u010di\u0173 \u017emoni\u0173 akirat\u012f. Vis d\u0117lto a\u0161 pati niekada nesu net u\u017e\u0117jusi \u012f jos kiem\u0105, o ir nelabai buvau gird\u0117jusi atsiliepim\u0173, kad ten vert\u0117t\u0173 apsilankyti. <\/p>\n<p>Kaip nurodoma, XIII a. vid. prie Dang\u0117s \u017eio\u010di\u0173 Vokie\u010di\u0173 ordinas pastat\u0117 Klaip\u0117dos pil\u012f, o tuomet u\u017evir\u0117 \u0161imtamet\u0117s kovos tarp lietuvi\u0173 ir vokie\u010di\u0173. Puolimai, gaisrai, perstatymai, modernizavimas buvo Klaip\u0117dos pilies kasdienyb\u0117. Piliai netekus karin\u0117s reik\u0161m\u0117s, ji prad\u0117jo nykti, XIX a. antroje pus\u0117je paskutin\u0117s pilies plytos sum\u016brytos \u012f senamies\u010dio pastatus.<\/p>\n<p>    <img decoding=\"async\" src=\"https:\/\/www.europesays.com\/lt\/wp-content\/uploads\/2026\/08\/11fd95e1-0608-4668-a532-73cbd17f7fed.jpg\" loading=\"lazy\" alt=\"Klaip\u0117dos pilies muziejus\"\/>    <\/p>\n<p>Atv\u0117rus pilies muziej\u0173, jame \u012fsik\u016br\u0117 kelios ekspozicijos: archeologijos, pilies bei miesto raidos, kur pasakojama ne tik istorija, bet ir gyventoj\u0173 kasdienyb\u0117. Taip pat yra erdv\u0117, skirta Antrajam pasauliniam karui.<\/p>\n<p>O \u0161i\u0105 vasar\u0105 lankytojams atverta dar viena Klaip\u0117dos pilies vieta \u2013 bok\u0161tas. Liepos m\u0117nes\u012f socialiniuose tinkluose pirm\u0105 kart\u0105 i\u0161vydau bok\u0161to vid\u0173 \u2013 \u017emogus dalijosi, kad tai \u0161io sezono naujiena bei trumpai aprod\u0117, kaip ten viskas yra. V\u0117liau i\u0161vydusi dar bent kelis tokius pasidalijimus, susigund\u017eiau \u010dia apsilankyti ir a\u0161.<\/p>\n<p>Muziejus pranoko mano l\u016bkes\u010dius<\/p>\n<p>Kelioms dienoms atvykusi \u012f Palang\u0105, nusprend\u017eiau pusdien\u012f skirti Klaip\u0117dai ir apsilankyti staiga i\u0161populiar\u0117jusiame pilies bok\u0161te. Kai internete perskai\u010diau, kad jis net vadinamas kar\u0161\u010diausia vasaros naujiena paj\u016bryje, supratau, kad b\u016bt\u0173 tiesiog nedovanotina pa\u010diai to ne\u012fvertinti.<\/p>\n<p>Taigi, vien\u0105 apsiniaukusi\u0105 dien\u0105 netoli Klaip\u0117dos pilies pasista\u010diau automobil\u012f ir prad\u0117jau eiti link savo tikslo. I\u0161 karto pasid\u017eiaugiau, kad muziejus net darbo dienos ryt\u0105 n\u0117ra tu\u0161\u010dias \u2013 \u010dia jau rinkosi pavieniai lankytojai, kuri\u0173 dauguma buvo u\u017esienie\u010diai.<\/p>\n<p>       <img decoding=\"async\" src=\"https:\/\/www.europesays.com\/lt\/wp-content\/uploads\/2026\/08\/7ed4031c-15aa-4539-8fce-70a00d801618.jpg\" loading=\"lazy\" alt=\"Klaip\u0117dos pilies muziejus\"\/>    <\/p>\n<p>Lauke pasitiko ai\u0161kiai sustatyti \u017eenklai su sunumeruotomis ekspozicijomis bei \u017eenklu, kur yra kasa, tod\u0117l pasiklysti ne\u012fmanoma. U\u017e biliet\u0105 sumok\u0117jusi 6 eurus, patraukiau link pirmos ekspozicijos.<\/p>\n<p>Turiu prisipa\u017einti, kad buvau nusiteikusi kiek skepti\u0161kai \u2013 nesu istorini\u0173 muziej\u0173 m\u0117g\u0117ja, tod\u0117l nekantravau grei\u010diau visk\u0105 praeiti ir pasiekti laukt\u0105j\u012f bok\u0161t\u0105. D\u0117l to pirm\u0105j\u0105 erdv\u0119 per\u0117jau i\u0161 ties\u0173 greitai \u2013 nedidel\u0117je patalpoje u\u017e stiklo buvo i\u0161d\u0117lioti \u012fvairiausi istoriniai eksponatai.<\/p>\n<p>    <img decoding=\"async\" src=\"https:\/\/www.europesays.com\/lt\/wp-content\/uploads\/2026\/08\/2092d324-c2b3-45dd-8ab0-06a554ccc370.jpg\" loading=\"lazy\" alt=\"Klaip\u0117dos pilies muziejus\"\/>    <\/p>\n<p>At\u0117jusi \u012f antr\u0105 patalp\u0105, staiga suklusau \u2013 mane i\u0161 karto pritrauk\u0117, kaip moderniai ji \u012frengta: pritem\u0119s ap\u0161vietimas, \u012fdomios ekspozicijos ir, svarbiausia, paprastai, bet nenuobod\u017eiai pateikta istorija. \u0160i pasakojo apie ankstesni\u0173 laik\u0173 gyventoj\u0173 kasdienyb\u0119 \u2013 kaip \u017emon\u0117s prekiaudavo, taip pat buvo skirta dalis laivybai.<\/p>\n<p>Nors \u010dia taip pat, kaip a\u0161 sakau, prid\u0117liota sen\u0173 ind\u0173, man kur kas \u012fdomiau buvo skaityti, kaip Klaip\u0117da tapo kaperi\u0173 ir pirat\u0173 lizdu, o dant\u0173 \u0161epet\u0117lis anais laikais k\u0117l\u0117 daug dramos, mat dalis gydytoj\u0173 tam nepritar\u0117, kiti teig\u0117, kad neprotinga juo dantis valyti da\u017eniau nei kas 14 dien\u0173. \u0160ioje erdv\u0117je u\u017etrukau ilgokai, nes tikrai susidom\u0117jusi perskai\u010diau kiekvien\u0105 sakin\u012f.<\/p>\n<p>    <img decoding=\"async\" src=\"https:\/\/www.europesays.com\/lt\/wp-content\/uploads\/2026\/08\/6fee0e06-2ebc-4a5b-8d12-b4d0722d1c0e.jpg\" loading=\"lazy\" alt=\"Klaip\u0117dos pilies muziejus\"\/>    <\/p>\n<p>Muziejuje taip pat pama\u010diau ekspozicijas, skirtas archeologiniams radiniams ir miesto bei pilies raidai \u2013 ten daugiau d\u0117mesio skiriama nuotraukoms. Galiausiai patekau \u012f erdv\u0119, kurioje prisimenamas Antrasis pasaulinis karas \u2013 nors istorija ne kart\u0105 gird\u0117ta, pateikiami vaizdai bei faktai vis tiek priver\u010dia pa\u0161iurpti od\u0105.<\/p>\n<p>    <img decoding=\"async\" src=\"https:\/\/www.europesays.com\/lt\/wp-content\/uploads\/2026\/08\/d305522a-2134-411f-818d-66a816de2ef4.jpg\" loading=\"lazy\" alt=\"Klaip\u0117dos pilies muziejus\"\/>    <\/p>\n<p>Pilies bok\u0161tas nuotraukose atrodo geriau<\/p>\n<p>Apie valand\u0105 u\u017etrukusi ap\u017ei\u016brin\u0117dama muziejaus ekspozicijas, pagaliau pasiekiau bok\u0161t\u0105. Darbuotoja pasi\u016bl\u0117 \u012f vir\u0161\u0173 lipti laiptais, o apa\u010dion nusileisti stikliniu liftu \u2013 paklausiusi patarimo, taip ir padariau.<\/p>\n<p>\u012e\u0117jus \u012f patalp\u0105, \u012fsp\u016bdis tikrai yra \u2013 prie\u0161 akis atsiveria auk\u0161ta erdv\u0117, kurioje palei sienas sukasi laiptai. <\/p>\n<p>    <img decoding=\"async\" src=\"https:\/\/www.europesays.com\/lt\/wp-content\/uploads\/2026\/08\/148746eb-1ca8-4d4f-968d-de45646a4ffd.jpg\" loading=\"lazy\" alt=\"Klaip\u0117dos pilies muziejus\"\/>    <\/p>\n<p>Kiekviename auk\u0161te taip pat i\u0161kabinta \u012fvairaus laikotarpio nuotrauk\u0173, kurias galima ap\u017ei\u016br\u0117ti, ta\u010diau dauguma \u017emoni\u0173, bent jau mano apsilankymo metu, ties jomis neu\u017etrukdavo ir tiesiog kuo grei\u010diau nor\u0117jo pasiekti vir\u0161\u0173.<\/p>\n<p>Atsid\u016brusi vir\u0161utiniame auk\u0161te, per kiekvien\u0105 lang\u0105 atsakingai \u0117miau \u017evelgti, koks vaizdas atsiveria. O jis tikrai neblogas \u2013 matosi senamiestis, up\u0117, perk\u0117la. <\/p>\n<p>    <img decoding=\"async\" src=\"https:\/\/www.europesays.com\/lt\/wp-content\/uploads\/2026\/08\/aa111ba9-4040-4ce0-b5f9-f9003370415e.jpg\" loading=\"lazy\" alt=\"Klaip\u0117dos pilies muziejus\"\/>    <\/p>\n<p>Patalpos centre, be to, \u012frengtos stiklin\u0117s grindys \u2013 ant j\u0173 atsistojus, \u0161iek tiek gali suvirp\u0117ti kojos, jei bijote auk\u0161\u010dio, ta\u010diau visai smagu tai padaryti bei pa\u017eingsniuoti \u201ekiauromis\u201c grindimis.<\/p>\n<p>Nors bok\u0161to vidus \u012frengtas patraukliai akiai, turiu pripa\u017einti, kad tik\u0117jausi truput\u012f daugiau. Matytose nuotraukose ir vaizdo \u012fra\u0161uose jis tikrai atrodo \u012fsp\u016bdingai \u2013 moderniai, industri\u0161kai, ta\u010diau realyb\u0117je kiek kitaip.<\/p>\n<p>Prie\u0161 apsilankydama skai\u010diau komentarus internete ir viename j\u0173 buvo minima, jog bok\u0161tas yra tu\u0161\u010dias \u2013 tik laiptai, kelios nuotraukos ir nieko daugiau. Galiu pasakyti, kad sutinku \u2013 i\u0161 ties\u0173 nor\u0117t\u0173si ka\u017eko daugiau, nes dabar tiesiog u\u017elipama laiptais, apsi\u017evalgoma aplink ir nusileid\u017eiama liftu \u012f apa\u010di\u0105.<\/p>\n<p>Nepaisant to, Klaip\u0117dos pilies muziejus man paliko ger\u0105 \u012fsp\u016bd\u012f \u2013 jau\u010diausi turiningai praleidusi laik\u0105 ir su\u017einojusi nauj\u0173 dalyk\u0173.<\/p>\n","protected":false},"excerpt":{"rendered":"Klaip\u0117dos simbolis \u2013 pilis Prie\u0161pilio gatv\u0117je stovinti Klaip\u0117dos pilis da\u017enai pakli\u016bva \u012f mieste besilankan\u010di\u0173 \u017emoni\u0173 akirat\u012f. Vis d\u0117lto&hellip;\n","protected":false},"author":2,"featured_media":254281,"comment_status":"","ping_status":"","sticky":false,"template":"","format":"standard","meta":{"footnotes":"","_share_on_mastodon":"0"},"categories":[13],"tags":[25,30,31,34,35,24,511,20710,32,33,37,39,36,38,40,23,22,28,29,26,27],"class_list":["post-254280","post","type-post","status-publish","format-standard","has-post-thumbnail","category-lietuva","tag-antrastes","tag-breaking-news","tag-breakingnews","tag-featured-news","tag-featurednews","tag-headlines","tag-klaipeda","tag-klaipedos-pilis","tag-latest-news","tag-latestnews","tag-lietuva","tag-lietuviu","tag-lithuania","tag-lithuanian","tag-lt","tag-naujienos","tag-news","tag-populiariausios-naujienos","tag-populiariausiosnaujienos","tag-top-stories","tag-topstories"],"share_on_mastodon":{"url":"https:\/\/pubeurope.com\/@lt\/117098404279063039","error":""},"_links":{"self":[{"href":"https:\/\/www.europesays.com\/lt\/wp-json\/wp\/v2\/posts\/254280","targetHints":{"allow":["GET"]}}],"collection":[{"href":"https:\/\/www.europesays.com\/lt\/wp-json\/wp\/v2\/posts"}],"about":[{"href":"https:\/\/www.europesays.com\/lt\/wp-json\/wp\/v2\/types\/post"}],"author":[{"embeddable":true,"href":"https:\/\/www.europesays.com\/lt\/wp-json\/wp\/v2\/users\/2"}],"replies":[{"embeddable":true,"href":"https:\/\/www.europesays.com\/lt\/wp-json\/wp\/v2\/comments?post=254280"}],"version-history":[{"count":0,"href":"https:\/\/www.europesays.com\/lt\/wp-json\/wp\/v2\/posts\/254280\/revisions"}],"wp:featuredmedia":[{"embeddable":true,"href":"https:\/\/www.europesays.com\/lt\/wp-json\/wp\/v2\/media\/254281"}],"wp:attachment":[{"href":"https:\/\/www.europesays.com\/lt\/wp-json\/wp\/v2\/media?parent=254280"}],"wp:term":[{"taxonomy":"category","embeddable":true,"href":"https:\/\/www.europesays.com\/lt\/wp-json\/wp\/v2\/categories?post=254280"},{"taxonomy":"post_tag","embeddable":true,"href":"https:\/\/www.europesays.com\/lt\/wp-json\/wp\/v2\/tags?post=254280"}],"curies":[{"name":"wp","href":"https:\/\/api.w.org\/{rel}","templated":true}]}}