{"id":254530,"date":"2026-08-15T15:24:29","date_gmt":"2026-08-15T15:24:29","guid":{"rendered":"https:\/\/www.europesays.com\/lt\/254530\/"},"modified":"2026-08-15T15:24:29","modified_gmt":"2026-08-15T15:24:29","slug":"uz-milijona-parduodamas-isskirtinis-dvaras-lietuvoje","status":"publish","type":"post","link":"https:\/\/www.europesays.com\/lt\/254530\/","title":{"rendered":"U\u017e milijon\u0105 parduodamas i\u0161skirtinis dvaras Lietuvoje"},"content":{"rendered":"<p class=\"wp-block-paragraph\">Nekilnojamojo turto skelbim\u0173 portale \u201eDomoplius\u201c ne vieno ak\u012f traukia i\u0161skirtinis skelbimas apie <a style=\"font-weight:bold;\" href=\"https:\/\/madeinvilnius.lt\/tema\/vilniaus-rajonas\/\" target=\"_blank\" rel=\"nofollow noopener\">Vilniaus rajone<\/a>, Bezdonyse, u\u017e 1 mln. eur\u0173 parduodam\u0105 \u012fsp\u016bding\u0105 dvar\u0105. Neeilinis 710 kv. m ploto Arvyd\u0173-Bezdoni\u0173 dvaras stovi beveik pus\u0117s hektaro teritorijoje.<\/p>\n<p class=\"wp-block-paragraph\">Pardavimo skelbime nurodoma, kad \u0161ios vietos istorija siekia dar XV am\u017ei\u0173, o pats dvaras yra susij\u0119s su Lietuvos did\u017eiuoju kunigaik\u0161\u010diu Jogaila, J\u0117zuit\u0173 ordinu ir Ulricho Hozijaus gimine.<\/p>\n<p class=\"wp-block-paragraph\">Skelbime dvaras pristatomas ne tik kaip gyvenamasis namas, bet ir kaip i\u0161skirtinis istorinis objektas, kuriame derinami skirting\u0173 laikotarpi\u0173 ir Europos \u0161ali\u0173 architekt\u016bros bei interjero bruo\u017eai.<\/p>\n<p class=\"wp-block-paragraph\">\u010cia yra net 13 kambari\u0173, SPA zona, vyno r\u016bsys, ap\u017evalgos bok\u0161tas, lauko terasa, pri\u017ei\u016brima teritorija. Be to, kartu su pagrindiniu 45,68 aro sklypu gali b\u016bti parduodamas ir gerokai didesnis gretimas sklypas su pastatais. \u0160iuo skelbimu dvaro savininkas leido pasidalinti ir su naujien\u0173 portalo tv3.lt skaitytojais.<\/p>\n<p class=\"wp-block-paragraph\">Kvie\u010diame i\u0161 ar\u010diau pasi\u017evalgyti po dvaro vid\u0173:<\/p>\n<p>13 kambari\u0173, SPA zona ir i\u0161skirtin\u0117 men\u0117<\/p>\n<p class=\"wp-block-paragraph\">Skelbime nurodoma, kad dvaro patalpos i\u0161d\u0117stytos per du auk\u0161tus, apra\u0161oma ir tre\u010diajame auk\u0161te esanti pal\u0117p\u0117. Pirmame auk\u0161te \u012frengta virtuv\u0117, i\u0161 kurios patenkama \u012f atskir\u0105 valgom\u0105j\u012f, taip pat yra did\u017eioji men\u0117, SPA zona ir lauko terasa.<\/p>\n<p class=\"wp-block-paragraph\">Did\u017eioji men\u0117, kaip ra\u0161oma skelbime, i\u0161siskiria Genujos \u0161ilko u\u017euolaidomis, specialiai \u0161iai erdvei projektuotu bald\u0173 komplektu ir atkurtu sen\u0173j\u0173 dvaro kokli\u0173 \u017eidiniu.<\/p>\n<p class=\"wp-block-paragraph\">Antrame auk\u0161te, kaip matoma nuotraukose, \u012frengti septyni skirtingo stiliaus miegamieji, kiekvienas turi privat\u0173 vonios kambar\u012f. \u010cia taip pat galima rasti Florencijos amat\u0173 gamykloje pagamintus \u0161viestuvus.<\/p>\n<p class=\"wp-block-paragraph\">Be to, i\u0161 lauko balkono atsiveria vaizdas \u012f sen\u0105j\u012f dvaro r\u016bm\u0173 park\u0105 menan\u010dius \u0161imtame\u010dius med\u017eius.<\/p>\n<p class=\"wp-block-paragraph\">Dvaro pal\u0117p\u0117je \u012frengti dar du sve\u010di\u0173 miegamieji ir vonios kambarys. Tuo metu belvederio tipo bok\u0161te esan\u010diame kambaryje, skelbimo duomenimis, atsiveria vaizdas \u012f aplinkinius mi\u0161kus ir XIX am\u017eiaus viduryje nutiest\u0105 gele\u017einkel\u012f.<\/p>\n<p>Dvaro r\u016bsyje \u2013 vyno kolekcijai skirta erdv\u0117<\/p>\n<p class=\"wp-block-paragraph\">Vienas i\u0161 labiausiai i\u0161skiriam\u0173 dvaro objekt\u0173 \u2013 senasis r\u016bsys. Skelbime teigiama, kad XVI am\u017eiuje \u012frengtas skliautinis raudon\u0173 plyt\u0173 r\u016bsys iki \u0161iol i\u0161liko nepakit\u0119s. Pardav\u0117jai nurodo, kad ant m\u016brinio grindinio galima aptikti nei\u0161degtose plytose \u012fspaustus \u017ev\u0117reli\u0173 p\u0117dsakus ir plytas gaminusio meistro \u201epara\u0161\u0105\u201c.<\/p>\n<p class=\"wp-block-paragraph\">\u0160iame dvare galima pasteb\u0117ti viduram\u017ei\u0173 skliautiniame r\u016bsyje \u012frengt\u0105 vyno r\u016bs\u012f. Skelbime pabr\u0117\u017eiama, kad jame visais met\u0173 laikais stabiliai laikosi apie 12 laipsni\u0173 \u0161ilumos temperat\u016bra. Be to, dvaro teritorijoje \u012frengta SPA zona, kurioje yra pirtys ir s\u016bkurin\u0117 vonia.<\/p>\n<p class=\"wp-block-paragraph\">Pats dvaras yra m\u016brinis, statytas 1930-aisiais, bet 2007 m. renovuotas. Dvaras taip pat rekonstruotas \u2013 papildomai ap\u0161iltintas stogas, kuriame panaudota 30 cm storio akmens vata. Taip pat rekonstruotas ap\u017evalgos bok\u0161tas.<\/p>\n<p class=\"wp-block-paragraph\">Dvarui \u012frengtas geoterminis \u0161ildymas, vanduo tiekiamas i\u0161 artezinio vandens gr\u0119\u017einio, o nuotekoms naudojama vietin\u0117 sistema. Pastate taip pat yra \u017eidinys.<\/p>\n<p class=\"wp-block-paragraph\">Pagrindinis dvaro pastatas stovi 45,68 aro ploto sklype. Skelbime pabr\u0117\u017eiama, kad teritorija kruop\u0161\u010diai ir skoningai sutvarkyta bei pri\u017ei\u016brima.<\/p>\n<p class=\"wp-block-paragraph\">Tai dar ne viskas \u2013 potencialiam pirk\u0117jui si\u016bloma galimyb\u0117 \u012fsigyti ir gretim\u0105, gerokai didesn\u012f 1,5388 hektaro ploto sklyp\u0105 su pastatais. Viename j\u0173, kaip ra\u0161oma skelbime, \u012frengtas erdvus gara\u017eas ir dirbtuv\u0117s. Ant pastato stogo taip pat \u012frengta saul\u0117s elektrin\u0117.<\/p>\n<p class=\"wp-block-paragraph\">Dvaras, skelbimo duomenimis, yra greta mi\u0161ko. Teritorijoje \u012frengta erdvi <a style=\"font-weight:bold;\" href=\"https:\/\/madeinvilnius.lt\/tema\/stovejimo-aiksteles\/\" target=\"_blank\" rel=\"nofollow noopener\">automobili\u0173 stov\u0117jimo aik\u0161tel\u0117<\/a>, o pats sklypas aptvertas tvora. Saugumui u\u017etikrinti teritorijoje \u012frengtos vaizdo kameros ir signalizacija.<\/p>\n<p>Skelbime dvaro istorija siejama su Jogaila<\/p>\n<p class=\"wp-block-paragraph\">Skelbime Arvyd\u0173-Bezdoni\u0173 dvaras pristatomas kaip vieta, kurioje galima pajusti \u201e\u0161imtme\u010di\u0173 dvasi\u0105\u201c. Pardav\u0117jai pabr\u0117\u017eia, kad dvaras stovi miesto pakra\u0161tyje, ta\u010diau yra apsuptas gamtos, tod\u0117l \u010dia galima pab\u0117gti nuo miesto triuk\u0161mo ir nuolatinio skub\u0117jimo.<\/p>\n<p class=\"wp-block-paragraph\">Skelbime taip pat teigiama, kad dvaro r\u016bmai buvo reik\u0161minga Lietuvos did\u017eiojo kunigaik\u0161\u010dio posesija, o savo istorij\u0105 j\u0173 sienose es\u0105 \u012fra\u0161\u0117 J\u0117zuit\u0173 ordinas ir Ulricho Hozijaus gimin\u0117.<\/p>\n<p class=\"wp-block-paragraph\">\u201eIstoriniai \u0161altiniai liudija, jog apie \u0161\u012f Arvyd\u0173-Bezdoni\u0173 dvar\u0105 \u017einoma jau nuo XV a., kai jame apsilank\u0117 kunigaik\u0161tis Jogaila med\u017eiokl\u0117s savo plotuose metu\u201c, \u2013 ra\u0161oma skelbime.<\/p>\n<p class=\"wp-block-paragraph\">Dvaras, kaip priduriama, per ilgus metus priklaus\u0117 skirtingoms didik\u0173 \u0161eimoms. 2002 metais jis buvo privatizuotas ir restauruotas.<\/p>\n<p class=\"wp-block-paragraph\">Parduodamas dvaras gali b\u016bti priskiriamas XVIII\u2013XIX am\u017eiaus klasicizmo stiliui. Vis d\u0117lto jo interjere, kaip teigia pardav\u0117jai, galima rasti ir kit\u0173 architekt\u016bros stili\u0173 bruo\u017e\u0173 \u2013 nuo baroko ir klasicizmo iki sen\u0173j\u0173 Europos valstybi\u0173 dvarams b\u016bding\u0173 interjero sprendim\u0173.<\/p>\n<p class=\"wp-block-paragraph\">\u201e\u010cia vienas greta kito dera angli\u0161kas sant\u016brumas ir ispani\u0161ka aistra, Provanso lengvumas ir itali\u0161kas kar\u0161tis\u201c, \u2013 taip dvaro interjeras apib\u016bdinamas skelbime.<\/p>\n<p class=\"wp-block-paragraph\">Teigiama, kad laikme\u010dio dvasi\u0105 padeda perteikti klasikinio stiliaus baldai ir med\u017eiagos, sendinti \u0161viestuvai bei masyv\u016bs veidrod\u017eiai \u012fsp\u016bdingais r\u0117mais. Dvaro bendro naudojimo patalpos ir kambariai, skelbimo duomenimis, yra visi\u0161kai \u012frengti.<\/p>\n<p><a href=\"https:\/\/madeinvilnius.lt\/wp-content\/uploads\/2026\/08\/1-1.jpg\" rel=\"nofollow noopener\" target=\"_blank\"><img loading=\"lazy\" decoding=\"async\" width=\"1024\" height=\"682\" data-id=\"374548\" src=\"https:\/\/www.europesays.com\/lt\/wp-content\/uploads\/2026\/08\/1-1-1024x682.jpg\" alt=\"\" class=\"wp-image-374548\"\/><\/a>Nuotr.: Domopplius<a href=\"https:\/\/madeinvilnius.lt\/wp-content\/uploads\/2026\/08\/2.jpg\" rel=\"nofollow noopener\" target=\"_blank\"><img loading=\"lazy\" decoding=\"async\" width=\"1200\" height=\"799\" data-id=\"374534\" src=\"https:\/\/www.europesays.com\/lt\/wp-content\/uploads\/2026\/08\/2-1024x682.jpg\" alt=\"\" class=\"wp-image-374534\"\/><\/a>Nuotr.: Domopplius<a href=\"https:\/\/madeinvilnius.lt\/wp-content\/uploads\/2026\/08\/3.jpg\" rel=\"nofollow noopener\" target=\"_blank\"><img loading=\"lazy\" decoding=\"async\" width=\"1024\" height=\"682\" data-id=\"374550\" src=\"https:\/\/www.europesays.com\/lt\/wp-content\/uploads\/2026\/08\/3-1024x682.jpg\" alt=\"\" class=\"wp-image-374550\"\/><\/a>Nuotr.: Domopplius<a href=\"https:\/\/madeinvilnius.lt\/wp-content\/uploads\/2026\/08\/4.jpg\" rel=\"nofollow noopener\" target=\"_blank\"><img loading=\"lazy\" decoding=\"async\" width=\"1024\" height=\"682\" data-id=\"374532\" src=\"https:\/\/www.europesays.com\/lt\/wp-content\/uploads\/2026\/08\/4-1024x682.jpg\" alt=\"\" class=\"wp-image-374532\"\/><\/a>Nuotr.: Domopplius<a href=\"https:\/\/madeinvilnius.lt\/wp-content\/uploads\/2026\/08\/5.jpg\" rel=\"nofollow noopener\" target=\"_blank\"><img loading=\"lazy\" decoding=\"async\" width=\"1024\" height=\"682\" data-id=\"374546\" src=\"https:\/\/www.europesays.com\/lt\/wp-content\/uploads\/2026\/08\/5-1024x682.jpg\" alt=\"\" class=\"wp-image-374546\"\/><\/a>Nuotr.: Domopplius<a href=\"https:\/\/madeinvilnius.lt\/wp-content\/uploads\/2026\/08\/6.jpg\" rel=\"nofollow noopener\" target=\"_blank\"><img loading=\"lazy\" decoding=\"async\" width=\"1024\" height=\"684\" data-id=\"374544\" src=\"https:\/\/www.europesays.com\/lt\/wp-content\/uploads\/2026\/08\/6-1024x684.jpg\" alt=\"\" class=\"wp-image-374544\"\/><\/a>Nuotr.: Domopplius<a href=\"https:\/\/madeinvilnius.lt\/wp-content\/uploads\/2026\/08\/7.jpg\" rel=\"nofollow noopener\" target=\"_blank\"><img loading=\"lazy\" decoding=\"async\" width=\"1024\" height=\"682\" data-id=\"374536\" src=\"https:\/\/www.europesays.com\/lt\/wp-content\/uploads\/2026\/08\/7-1024x682.jpg\" alt=\"\" class=\"wp-image-374536\"\/><\/a>Nuotr.: Domopplius<a href=\"https:\/\/madeinvilnius.lt\/wp-content\/uploads\/2026\/08\/8.jpg\" rel=\"nofollow noopener\" target=\"_blank\"><img loading=\"lazy\" decoding=\"async\" width=\"1024\" height=\"684\" data-id=\"374530\" src=\"https:\/\/www.europesays.com\/lt\/wp-content\/uploads\/2026\/08\/8-1024x684.jpg\" alt=\"\" class=\"wp-image-374530\"\/><\/a>Nuotr.: Domopplius<a href=\"https:\/\/madeinvilnius.lt\/wp-content\/uploads\/2026\/08\/9.jpg\" rel=\"nofollow noopener\" target=\"_blank\"><img loading=\"lazy\" decoding=\"async\" width=\"1024\" height=\"682\" data-id=\"374540\" src=\"https:\/\/www.europesays.com\/lt\/wp-content\/uploads\/2026\/08\/9-1024x682.jpg\" alt=\"\" class=\"wp-image-374540\"\/><\/a>Nuotr.: Domopplius<a href=\"https:\/\/madeinvilnius.lt\/wp-content\/uploads\/2026\/08\/11aaa098cd8a60a05d566149c0c2366e.jpg\" rel=\"nofollow noopener\" target=\"_blank\"><img loading=\"lazy\" decoding=\"async\" width=\"1024\" height=\"684\" data-id=\"374538\" src=\"https:\/\/www.europesays.com\/lt\/wp-content\/uploads\/2026\/08\/11aaa098cd8a60a05d566149c0c2366e-1024x684.jpg\" alt=\"\" class=\"wp-image-374538\"\/><\/a>Nuotr.: Domopplius<a href=\"https:\/\/madeinvilnius.lt\/wp-content\/uploads\/2026\/08\/a0fe98761a3a1a7c6ffa1f60cce4ef84.jpg\" rel=\"nofollow noopener\" target=\"_blank\"><img loading=\"lazy\" decoding=\"async\" width=\"1024\" height=\"684\" data-id=\"374542\" src=\"https:\/\/www.europesays.com\/lt\/wp-content\/uploads\/2026\/08\/a0fe98761a3a1a7c6ffa1f60cce4ef84-1024x684.jpg\" alt=\"\" class=\"wp-image-374542\"\/><\/a>Nuotr.: Domopplius <a href=\"https:\/\/google.com\/preferences\/source?q=madeinvilnius.lt\" target=\"_blank\" rel=\"noopener nofollow\" onclick=\"if (!window.__cfRLUnblockHandlers) return false; if(window.gtag){gtag(&#039;event&#039;,&#039;preferred_source_click&#039;,{event_category:&#039;engagement&#039;,event_label:&#039;article_footer&#039;});}\" style=\"display:flex;align-items:center;gap:16px;width:100%;box-sizing:border-box;margin:2.5rem 0 1rem;padding:20px 24px;border:1px solid #e8e6e1;border-radius:14px;background:#fff;text-decoration:none !important;box-shadow:none !important;color:#1a1a1a;\" data-cf-modified-b41065805800f98d0440ea8d-=\"\">       Skaitykite mus pirmiau \u201eGoogle\u201d Prid\u0117kite madeinvilnius.lt kaip pageidaujam\u0105 \u0161altin\u012f  \u2192 <\/a><\/p>\n","protected":false},"excerpt":{"rendered":"Nekilnojamojo turto skelbim\u0173 portale \u201eDomoplius\u201c ne vieno ak\u012f traukia i\u0161skirtinis skelbimas apie Vilniaus rajone, Bezdonyse, u\u017e 1 mln.&hellip;\n","protected":false},"author":2,"featured_media":254531,"comment_status":"","ping_status":"","sticky":false,"template":"","format":"standard","meta":{"footnotes":"","_share_on_mastodon":"0"},"categories":[13],"tags":[25,30,31,34,35,24,32,33,37,39,36,38,40,23,22,2050,28,29,26,27],"class_list":["post-254530","post","type-post","status-publish","format-standard","has-post-thumbnail","category-lietuva","tag-antrastes","tag-breaking-news","tag-breakingnews","tag-featured-news","tag-featurednews","tag-headlines","tag-latest-news","tag-latestnews","tag-lietuva","tag-lietuviu","tag-lithuania","tag-lithuanian","tag-lt","tag-naujienos","tag-news","tag-nt","tag-populiariausios-naujienos","tag-populiariausiosnaujienos","tag-top-stories","tag-topstories"],"share_on_mastodon":{"url":"https:\/\/pubeurope.com\/@lt\/117100221064341989","error":""},"_links":{"self":[{"href":"https:\/\/www.europesays.com\/lt\/wp-json\/wp\/v2\/posts\/254530","targetHints":{"allow":["GET"]}}],"collection":[{"href":"https:\/\/www.europesays.com\/lt\/wp-json\/wp\/v2\/posts"}],"about":[{"href":"https:\/\/www.europesays.com\/lt\/wp-json\/wp\/v2\/types\/post"}],"author":[{"embeddable":true,"href":"https:\/\/www.europesays.com\/lt\/wp-json\/wp\/v2\/users\/2"}],"replies":[{"embeddable":true,"href":"https:\/\/www.europesays.com\/lt\/wp-json\/wp\/v2\/comments?post=254530"}],"version-history":[{"count":0,"href":"https:\/\/www.europesays.com\/lt\/wp-json\/wp\/v2\/posts\/254530\/revisions"}],"wp:featuredmedia":[{"embeddable":true,"href":"https:\/\/www.europesays.com\/lt\/wp-json\/wp\/v2\/media\/254531"}],"wp:attachment":[{"href":"https:\/\/www.europesays.com\/lt\/wp-json\/wp\/v2\/media?parent=254530"}],"wp:term":[{"taxonomy":"category","embeddable":true,"href":"https:\/\/www.europesays.com\/lt\/wp-json\/wp\/v2\/categories?post=254530"},{"taxonomy":"post_tag","embeddable":true,"href":"https:\/\/www.europesays.com\/lt\/wp-json\/wp\/v2\/tags?post=254530"}],"curies":[{"name":"wp","href":"https:\/\/api.w.org\/{rel}","templated":true}]}}