{"id":25483,"date":"2025-10-26T04:49:31","date_gmt":"2025-10-26T04:49:31","guid":{"rendered":"https:\/\/www.europesays.com\/lt\/25483\/"},"modified":"2025-10-26T04:49:31","modified_gmt":"2025-10-26T04:49:31","slug":"kodel-putinas-uzsispyrusiai-itikineja-trumpa-donecko-zemes-lopinelio-paslaptis","status":"publish","type":"post","link":"https:\/\/www.europesays.com\/lt\/25483\/","title":{"rendered":"Kod\u0117l Putinas u\u017esispyrusiai \u012ftikin\u0117ja Trump\u0105? Donecko \u017eem\u0117s lopin\u0117lio paslaptis"},"content":{"rendered":"\n<p>Prie\u0161 okupantams pradedant kar\u0105, Pokrovske gyveno beveik 100 t\u016bkst. \u017emoni\u0173. Jie visi prarado gyvenimus, kuriuos k\u016br\u0117 de\u0161imtme\u010dius: namai virto griuv\u0117siais, o i\u0161 kadaise dideli\u0173 Pokrovsko gamykl\u0173 neliko nieko. Taip pat u\u017edaryta did\u017eiausia Ukrainos kasykla \u201ePokrovska\u201c.<\/p>\n<p>\u201eMieste neliko nieko gyvo: Rusijos armija vis dar neokupavo miesto, bet nuolatiniu bombardavimu j\u012f sunaikino\u201c, \u2013 ra\u0161o leidinys.<\/p>\n<p>Ta\u010diau Pokrovskas n\u0117ra vienintelis Donecko srities miestas, kurio \u017emon\u0117s visk\u0105 prarado. Rusams prad\u0117jus kar\u0105, toks\u00a0likimas i\u0161tiko beveik 2 milijonus ukrainie\u010di\u0173.<\/p>\n<p>Okupant\u0173 nuniokotas Doneckas<\/p>\n<p>(15 nuotr.) <a style=\"height: 63vw;\" itemprop=\"contentUrl\" data-size=\"0x0\" href=\"#gid=115365&amp;pid=1\" data-href=\"https:\/\/static4.inspektorius.lt\/usi\/800x600\/2\/76\/7f\/b4\/767fb44ea6b4564ddf571542f2b9d108.jpg?v=4.2.7.280&amp;t=cr&amp;s=800x600&amp;m=2&amp;f=\/Uploads\/UGallery\/photos\/f2\/76\/6e\/e2\/f2766ee28abce6078c6f10730dbab03f.jpg\" rel=\"nofollow\" target=\"_blank\"><img decoding=\"async\" style=\"height: 63vw; object-fit: cover;\" itemprop=\"thumbnail\" class=\"newsPhoto300 landscape\" id=\"imgid-115365-2575189\" alt=\"1\" src=\"https:\/\/www.europesays.com\/lt\/wp-content\/uploads\/2025\/10\/f2766ee28abce6078c6f10730dbab03f.jpg\" title=\"Okupant\u0173 nuniokotas Doneckas (nuotr. SCANPIX)\" loading=\"lazy\" \/> <\/a> <\/p>\n<p>Okupant\u0173 nuniokotas Doneckas (nuotr. SCANPIX)<\/p>\n<p>  <a itemprop=\"contentUrl\" data-size=\"0x0\" href=\"#gid=115365&amp;pid=2\" data-href=\"https:\/\/static4.inspektorius.lt\/usi\/800x600\/2\/f7\/21\/ff\/f721ff1a53103ae3729ce758aed4ff25.jpg?v=4.2.7.280&amp;t=cr&amp;s=800x600&amp;m=2&amp;f=\/Uploads\/UGallery\/photos\/98\/76\/02\/22\/98760222d1cebd09c48dc78aad14a29a.jpg\" rel=\"nofollow\" target=\"_blank\"><img decoding=\"async\" itemprop=\"thumbnail\" class=\"newsPhoto300 portrait\" id=\"imgid-115365-2575190\" alt=\"2\" src=\"https:\/\/www.europesays.com\/lt\/wp-content\/uploads\/2025\/10\/98760222d1cebd09c48dc78aad14a29a.jpg\" title=\"Okupant\u0173 nuniokotas Doneckas (nuotr. SCANPIX)\" loading=\"lazy\" \/> <\/a> <\/p>\n<p>Okupant\u0173 nuniokotas Doneckas (nuotr. SCANPIX)<\/p>\n<p>  <a itemprop=\"contentUrl\" data-size=\"0x0\" href=\"#gid=115365&amp;pid=3\" data-href=\"https:\/\/static4.inspektorius.lt\/usi\/800x600\/2\/3a\/43\/ab\/3a43ab5f5c3225e91f3f2fc01c8c1c2c.jpg?v=4.2.7.280&amp;t=cr&amp;s=800x600&amp;m=2&amp;f=\/Uploads\/UGallery\/photos\/63\/07\/32\/96\/63073296bf03c1cc46a1cc7cddf2e6a0.jpg\" rel=\"nofollow\" target=\"_blank\"><img decoding=\"async\" itemprop=\"thumbnail\" class=\"newsPhoto300 portrait\" id=\"imgid-115365-2575191\" alt=\"3\" src=\"https:\/\/www.europesays.com\/lt\/wp-content\/uploads\/2025\/10\/63073296bf03c1cc46a1cc7cddf2e6a0.jpg\" title=\"Okupant\u0173 nuniokotas Doneckas (nuotr. SCANPIX)\" loading=\"lazy\" \/> <\/a> <\/p>\n<p>Okupant\u0173 nuniokotas Doneckas (nuotr. SCANPIX)<\/p>\n<p>  <a itemprop=\"contentUrl\" data-size=\"0x0\" href=\"#gid=115365&amp;pid=4\" data-href=\"https:\/\/static4.inspektorius.lt\/usi\/800x600\/2\/d7\/54\/5d\/d7545d62c3d98fbe7e2de2484e5065b3.jpg?v=4.2.7.280&amp;t=cr&amp;s=800x600&amp;m=2&amp;f=\/Uploads\/UGallery\/photos\/d8\/92\/15\/64\/d8921564be77432b3a7e40b6dcce1aec.jpg\" rel=\"nofollow\" target=\"_blank\"><img decoding=\"async\" itemprop=\"thumbnail\" class=\"newsPhoto300 portrait\" id=\"imgid-115365-2575192\" alt=\"4\" src=\"https:\/\/www.europesays.com\/lt\/wp-content\/uploads\/2025\/10\/d8921564be77432b3a7e40b6dcce1aec.jpg\" title=\"Okupant\u0173 nuniokotas Doneckas (nuotr. SCANPIX)\" loading=\"lazy\" \/> <\/a> <\/p>\n<p>Okupant\u0173 nuniokotas Doneckas (nuotr. SCANPIX)<\/p>\n<p>  <a itemprop=\"contentUrl\" data-size=\"0x0\" href=\"#gid=115365&amp;pid=5\" data-href=\"https:\/\/static4.inspektorius.lt\/usi\/800x600\/2\/21\/04\/2a\/21042aaad0474c93ac3bd750c3b3697f.jpg?v=4.2.7.280&amp;t=cr&amp;s=800x600&amp;m=2&amp;f=\/Uploads\/UGallery\/photos\/9c\/88\/91\/a2\/9c8891a2d7963d26a2d37fb2a49f6b40.jpg\" rel=\"nofollow\" target=\"_blank\"><img decoding=\"async\" itemprop=\"thumbnail\" class=\"newsPhoto300 portrait\" id=\"imgid-115365-2575193\" alt=\"5\" src=\"https:\/\/www.europesays.com\/lt\/wp-content\/uploads\/2025\/10\/9c8891a2d7963d26a2d37fb2a49f6b40.jpg\" title=\"Okupant\u0173 nuniokotas Doneckas (nuotr. SCANPIX)\" loading=\"lazy\" \/> <\/a> <\/p>\n<p>Okupant\u0173 nuniokotas Doneckas (nuotr. SCANPIX)<\/p>\n<p>  <a itemprop=\"contentUrl\" data-size=\"0x0\" href=\"#gid=115365&amp;pid=6\" data-href=\"https:\/\/static4.inspektorius.lt\/usi\/800x600\/2\/65\/14\/34\/651434dbcc8b645666d07b8dcb30d334.jpg?v=4.2.7.280&amp;t=cr&amp;s=800x600&amp;m=2&amp;f=\/Uploads\/UGallery\/photos\/44\/88\/b3\/9b\/4488b39b25dd4a30a1b998990cd6f1b1.jpg\" rel=\"nofollow\" target=\"_blank\"><img decoding=\"async\" itemprop=\"thumbnail\" class=\"newsPhoto300 portrait\" id=\"imgid-115365-2575194\" alt=\"6\" src=\"https:\/\/www.europesays.com\/lt\/wp-content\/uploads\/2025\/10\/4488b39b25dd4a30a1b998990cd6f1b1.jpg\" title=\"Okupant\u0173 nuniokotas Doneckas (nuotr. SCANPIX)\" loading=\"lazy\" \/> <\/a> <\/p>\n<p>Okupant\u0173 nuniokotas Doneckas (nuotr. SCANPIX)<\/p>\n<p>  <a itemprop=\"contentUrl\" data-size=\"0x0\" href=\"#gid=115365&amp;pid=7\" data-href=\"https:\/\/static4.inspektorius.lt\/usi\/800x600\/2\/0f\/44\/20\/0f4420b6f7cee670417c0f0dbf671ee7.jpg?v=4.2.7.280&amp;t=cr&amp;s=800x600&amp;m=2&amp;f=\/Uploads\/UGallery\/photos\/0b\/59\/8e\/ba\/0b598ebae8f70a1b79fed9a79e360e8f.jpg\" rel=\"nofollow\" target=\"_blank\"><img decoding=\"async\" itemprop=\"thumbnail\" class=\"newsPhoto300 portrait\" id=\"imgid-115365-2575195\" alt=\"7\" src=\"https:\/\/www.europesays.com\/lt\/wp-content\/uploads\/2025\/10\/0b598ebae8f70a1b79fed9a79e360e8f.jpg\" title=\"Okupant\u0173 nuniokotas Doneckas (nuotr. SCANPIX)\" loading=\"lazy\" \/> <\/a> <\/p>\n<p>Okupant\u0173 nuniokotas Doneckas (nuotr. SCANPIX)<\/p>\n<p>  <a itemprop=\"contentUrl\" data-size=\"0x0\" href=\"#gid=115365&amp;pid=8\" data-href=\"https:\/\/static4.inspektorius.lt\/usi\/800x600\/2\/f8\/52\/43\/f85243294d6195564b080eb0ebf46051.jpg?v=4.2.7.280&amp;t=cr&amp;s=800x600&amp;m=2&amp;f=\/Uploads\/UGallery\/photos\/5d\/94\/10\/6d\/5d94106dcdf532f94a1153e4d2fdb621.jpg\" rel=\"nofollow\" target=\"_blank\"><img decoding=\"async\" itemprop=\"thumbnail\" class=\"newsPhoto300 portrait\" id=\"imgid-115365-2575196\" alt=\"8\" src=\"https:\/\/www.europesays.com\/lt\/wp-content\/uploads\/2025\/10\/5d94106dcdf532f94a1153e4d2fdb621.jpg\" title=\"Okupant\u0173 nuniokotas Doneckas (nuotr. SCANPIX)\" loading=\"lazy\" \/> <\/a> <\/p>\n<p>Okupant\u0173 nuniokotas Doneckas (nuotr. SCANPIX)<\/p>\n<p>  <a itemprop=\"contentUrl\" data-size=\"0x0\" href=\"#gid=115365&amp;pid=9\" data-href=\"https:\/\/static4.inspektorius.lt\/usi\/800x600\/2\/a2\/5f\/5c\/a25f5ce1c20793b136f8c9edd8e35517.jpg?v=4.2.7.280&amp;t=cr&amp;s=800x600&amp;m=2&amp;f=\/Uploads\/UGallery\/photos\/b3\/48\/d4\/c0\/b348d4c00d3508ace523be8ea7016704.jpg\" rel=\"nofollow\" target=\"_blank\"><img decoding=\"async\" itemprop=\"thumbnail\" class=\"newsPhoto300 portrait\" id=\"imgid-115365-2575198\" alt=\"9\" src=\"https:\/\/www.europesays.com\/lt\/wp-content\/uploads\/2025\/10\/b348d4c00d3508ace523be8ea7016704.jpg\" title=\"Okupant\u0173 nuniokotas Doneckas (nuotr. SCANPIX)\" loading=\"lazy\" \/> <\/a> <\/p>\n<p>Okupant\u0173 nuniokotas Doneckas (nuotr. SCANPIX)<\/p>\n<p>  <a itemprop=\"contentUrl\" data-size=\"0x0\" href=\"#gid=115365&amp;pid=10\" data-href=\"https:\/\/static4.inspektorius.lt\/usi\/800x600\/2\/ea\/cd\/0c\/eacd0c2fa5e816bd8aede7231492154f.jpg?v=4.2.7.280&amp;t=cr&amp;s=800x600&amp;m=2&amp;f=\/Uploads\/UGallery\/photos\/96\/d2\/0a\/a6\/96d20aa633ea79c6192d6e40f96d9cd7.jpg\" rel=\"nofollow\" target=\"_blank\"><img decoding=\"async\" itemprop=\"thumbnail\" class=\"newsPhoto300 portrait\" id=\"imgid-115365-2575199\" alt=\"10\" src=\"https:\/\/www.europesays.com\/lt\/wp-content\/uploads\/2025\/10\/96d20aa633ea79c6192d6e40f96d9cd7.jpg\" title=\"Okupant\u0173 nuniokotas Doneckas (nuotr. SCANPIX)\" loading=\"lazy\" \/> <\/a> <\/p>\n<p>Okupant\u0173 nuniokotas Doneckas (nuotr. SCANPIX)<\/p>\n<p>  <a itemprop=\"contentUrl\" data-size=\"0x0\" href=\"#gid=115365&amp;pid=11\" data-href=\"https:\/\/static4.inspektorius.lt\/usi\/800x600\/2\/bc\/8d\/68\/bc8d686dcf703eff8bbeac08d5c2fd96.jpg?v=4.2.7.280&amp;t=cr&amp;s=800x600&amp;m=2&amp;f=\/Uploads\/UGallery\/photos\/1a\/a3\/65\/23\/1aa3652382613c5da219b306aada20f8.jpg\" rel=\"nofollow\" target=\"_blank\"><img decoding=\"async\" itemprop=\"thumbnail\" class=\"newsPhoto300 portrait\" id=\"imgid-115365-2575200\" alt=\"11\" src=\"https:\/\/www.europesays.com\/lt\/wp-content\/uploads\/2025\/10\/1aa3652382613c5da219b306aada20f8.jpg\" title=\"Okupant\u0173 nuniokotas Doneckas (nuotr. SCANPIX)\" loading=\"lazy\" \/> <\/a> <\/p>\n<p>Okupant\u0173 nuniokotas Doneckas (nuotr. SCANPIX)<\/p>\n<p>  <a itemprop=\"contentUrl\" data-size=\"0x0\" href=\"#gid=115365&amp;pid=12\" data-href=\"https:\/\/static4.inspektorius.lt\/usi\/800x600\/2\/1c\/25\/3b\/1c253b32e1adb5823bf0bf1d603fc750.jpg?v=4.2.7.280&amp;t=cr&amp;s=800x600&amp;m=2&amp;f=\/Uploads\/UGallery\/photos\/d5\/3f\/ae\/a1\/d53faea166797b1e25e635e3fe393763.jpg\" rel=\"nofollow\" target=\"_blank\"><img decoding=\"async\" itemprop=\"thumbnail\" class=\"newsPhoto300 portrait\" id=\"imgid-115365-2575201\" alt=\"12\" src=\"https:\/\/www.europesays.com\/lt\/wp-content\/uploads\/2025\/10\/d53faea166797b1e25e635e3fe393763.jpg\" title=\"Okupant\u0173 nuniokotas Doneckas (nuotr. SCANPIX)\" loading=\"lazy\" \/> <\/a> <\/p>\n<p>Okupant\u0173 nuniokotas Doneckas (nuotr. SCANPIX)<\/p>\n<p>  <a itemprop=\"contentUrl\" data-size=\"0x0\" href=\"#gid=115365&amp;pid=13\" data-href=\"https:\/\/static4.inspektorius.lt\/usi\/800x600\/2\/2d\/af\/5e\/2daf5e7d248728a002081425b23d45b6.jpg?v=4.2.7.280&amp;t=cr&amp;s=800x600&amp;m=2&amp;f=\/Uploads\/UGallery\/photos\/0a\/36\/72\/9d\/0a36729d388f374a4e700b3a656d3850.jpg\" rel=\"nofollow\" target=\"_blank\"><img decoding=\"async\" itemprop=\"thumbnail\" class=\"newsPhoto300 portrait\" id=\"imgid-115365-2575202\" alt=\"13\" src=\"https:\/\/www.europesays.com\/lt\/wp-content\/uploads\/2025\/10\/0a36729d388f374a4e700b3a656d3850.jpg\" title=\"Okupant\u0173 nuniokotas Doneckas (nuotr. SCANPIX)\" loading=\"lazy\" \/> <\/a> <\/p>\n<p>Okupant\u0173 nuniokotas Doneckas (nuotr. SCANPIX)<\/p>\n<p>  <a itemprop=\"contentUrl\" data-size=\"0x0\" href=\"#gid=115365&amp;pid=14\" data-href=\"https:\/\/static4.inspektorius.lt\/usi\/800x600\/2\/fe\/c8\/e2\/fec8e2deb8e335dd2e459ff28047afb6.jpg?v=4.2.7.280&amp;t=cr&amp;s=800x600&amp;m=2&amp;f=\/Uploads\/UGallery\/photos\/06\/f6\/b6\/82\/06f6b68216db6d0da8f4ad057931f41c.jpg\" rel=\"nofollow\" target=\"_blank\"><img decoding=\"async\" itemprop=\"thumbnail\" class=\"newsPhoto300 portrait\" id=\"imgid-115365-2575203\" alt=\"14\" src=\"https:\/\/www.europesays.com\/lt\/wp-content\/uploads\/2025\/10\/06f6b68216db6d0da8f4ad057931f41c.jpg\" title=\"Okupant\u0173 nuniokotas Doneckas (nuotr. SCANPIX)\" loading=\"lazy\" \/> <\/a> <\/p>\n<p>Okupant\u0173 nuniokotas Doneckas (nuotr. SCANPIX)<\/p>\n<p>  <a itemprop=\"contentUrl\" data-size=\"0x0\" href=\"#gid=115365&amp;pid=15\" data-href=\"https:\/\/static4.inspektorius.lt\/usi\/800x600\/2\/bb\/9f\/3d\/bb9f3ddabd387bbae29f0cd3c94fae35.jpg?v=4.2.7.280&amp;t=cr&amp;s=800x600&amp;m=2&amp;f=\/Uploads\/UGallery\/photos\/67\/f1\/c8\/d7\/67f1c8d7f621e3d885a71feefc0d4cea.jpg\" rel=\"nofollow\" target=\"_blank\"><img decoding=\"async\" itemprop=\"thumbnail\" class=\"newsPhoto300 portrait\" id=\"imgid-115365-2575204\" alt=\"15\" src=\"https:\/\/www.europesays.com\/lt\/wp-content\/uploads\/2025\/10\/67f1c8d7f621e3d885a71feefc0d4cea.jpg\" title=\"Okupant\u0173 nuniokotas Doneckas (nuotr. SCANPIX)\" loading=\"lazy\" \/> <\/a> <\/p>\n<p>Okupant\u0173 nuniokotas Doneckas (nuotr. SCANPIX)<\/p>\n<p>Vakar\u0173 \u017einiasklaida prane\u0161a, kad V. Putinas reikalauja, kad Ukraina be i\u0161imties perduot\u0173 vis\u0105 Donecko region\u0105. 2025 m. spalio m\u0117n. Rusijos kariuomen\u0117 u\u017eima apie 70 proc. regiono. Pa\u017eym\u0117tina, kad Rusija kar\u0105 Donecko regione prad\u0117jo prie\u0161 11 met\u0173 \u2013 2014 m. pavasar\u012f. Nuo tada, net po trej\u0173 met\u0173 itin intensyvi\u0173 karo veiksm\u0173, vis dar nesugeb\u0117jo u\u017eimti regiono. Dabar Kremlius nori \u0161ias \u017eemes, kuri\u0173 nesugeba u\u017eimti, tiesiog gauti.<\/p>\n<p>Ta\u010diau Ukraina vis dar kontroliuoja didelius miestus, tokius kaip Kramatorskas, Slovjanskas ir kitus. I\u0161 beveik 1300 apgyvendint\u0173 vietovi\u0173 vis dar kas tre\u010dia yra Ukrainos kontrol\u0117je.<\/p>\n<p> Visk\u0105 at\u0117m\u0117 Rusija <\/p>\n<p>Prie\u0161 prasidedant <a href=\"https:\/\/www.tv3.lt\/naujiena\/uzsienis\/karas-ukrainoje-zelenskis-es-smoge-i-tai-kas-maitina-rusijos-karo-masina-n1462995\" rel=\"nofollow noopener\" target=\"_blank\">plataus masto invazijai 2022 metais<\/a>, Ukrainos kontroliuojamoje Donecko srities teritorijoje gyveno apie 1,9 mln. \u017emoni\u0173. Per ateinan\u010dius trejus metus Ukrainos kontroliuojamose teritorijose gyvenan\u010di\u0173 \u017emoni\u0173 skai\u010dius suma\u017e\u0117jo septynis kartus \u2013 iki 250 t\u016bkst.<\/p>\n<p>\u017dmon\u0117s buvo priversti b\u0117gti nuo karo, kur\u012f Rusija atne\u0161\u0117 \u012f \u0161ias \u017eemes. Namai, \u0161eimos ir socialiniai ry\u0161iai, <a href=\"https:\/\/www.tv3.lt\/rubrika\/naujienos\/verslas\" target=\"_blank\" class=\"phrase\" rel=\"nofollow noopener\">verslas<\/a>, darbai ir \u0161imt\u0173 t\u016bkstan\u010di\u0173 \u0161eim\u0173 istorijos buvo sunaikinti. Viskas, k\u0105 \u017emon\u0117s k\u016br\u0117 vis\u0105 savo gyvenim\u0105, buvo atimta Rusijos. Tuo tarpu lik\u0119 ukrainie\u010diai toliau gyvena savo namuose ir butuose, dirba, augina vaikus ir kuria savo ateit\u012f.<\/p>\n<p>\u201eKokiu pagrindu teritorijos, kurios beveik 35 metus buvo Ukrainos dalis, gali b\u016bti tiesiog perduotos Rusijai?\u201c, \u2013 kelia klausim\u0105 \u201eUnited24 Media\u201c.<\/p>\n<p>Anot leidinio, pirmiausia, tai prie\u0161tarauja Ukrainos Konstitucijai; niekas Ukrainoje negali priimti tokio sprendimo. Be to, toks reikalavimas prie\u0161tarauja sveikai logikai: 250 t\u016bkst. \u017emoni\u0173, kurie gyveno Ukrainoje ir pastaraisiais metais kovojo u\u017e jos nepriklausomyb\u0119, b\u016bt\u0173 prievarta perduoti kitai \u0161aliai, kur jie b\u016bt\u0173 siun\u010diami \u012f filtravimo stovyklas ir baud\u017eiami u\u017e param\u0105 Ukrainos ginkluotosioms paj\u0117goms. Arba priversti palikti savo namus, b\u0117gti nuo okupant\u0173 prie\u0161i\u0161ko re\u017eimo ir atsisakyti viso savo gyvenimo.<\/p>\n<p>      <a href=\"https:\/\/www.tv3.lt\/Uploads\/UGallery\/photos\/d8\/92\/15\/64\/d8921564be77432b3a7e40b6dcce1aec.jpg\" data-fancybox=\"photos-embed\" data-caption=\"Okupant\u0173 nuniokotas Doneckas (nuotr. SCANPIX)\" target=\"_self\" rel=\"nofollow noopener\"> <img decoding=\"async\" class=\"photo-inside-article\" align=\"center\" alt=\"Okupant\u0173 nuniokotas Doneckas (nuotr. SCANPIX)\" title=\"Okupant\u0173 nuniokotas Doneckas (nuotr. SCANPIX)\" src=\"https:\/\/www.europesays.com\/lt\/wp-content\/uploads\/2025\/10\/1761454169_865_d8921564be77432b3a7e40b6dcce1aec.jpg\" width=\"684\" height=\"654\" loading=\"lazy\" \/> <\/a>       Negali \u012fveikti, bet nori pasiimti? <\/p>\n<p>Tuo tarpu JAV Karo studij\u0173 instituto (ISW) ataskaitoje apra\u0161oma 50 km ilgio \u201etvirtov\u0117s juosta\u201c, <a href=\"https:\/\/www.tv3.lt\/naujiena\/uzsienis\/ukrainos-pajegos-donecko-srityje-islaisvino-pankivkos-gyvenviete-n1452180\" rel=\"nofollow noopener\" target=\"_blank\">einanti per vakarin\u0119 Donecko dal\u012f<\/a>, ra\u0161o BBC.<\/p>\n<p>\u201eUkraina pastaruosius 11 met\u0173 skyr\u0117 laiko, pinig\u0173 ir pastang\u0173 tvirtov\u0117s juostos stiprinimui ir reik\u0161mingos gynybin\u0117s pramon\u0117s bei gynybin\u0117s infrastrukt\u016bros k\u016brimui\u201c, \u2013 ra\u0161oma ataskaitoje.<\/p>\n<p>Analitikai kalba apie tran\u0161\u0117jas, bunkerius, min\u0173 laukus, prie\u0161tankines kli\u016btis ir spygliuot\u0105 viel\u0105. Jie pabr\u0117\u017eia, kad d\u0117l \u0161ios \u201etvirtov\u0117s juostos\u201c rusams ypa\u010d sunku pulti. Pavyzd\u017eiui, analitikai prognozuoja, kad\u00a0Rusijos paj\u0117gos, puolan\u010dios Pokrovsko kryptimi, \u201egrei\u010diausiai u\u017etruks kelerius metus\u201c, kad miest\u0105 u\u017eimt\u0173.<\/p>\n<p>Fortifikacijos neabejotinai yra Ukrainos gynybos dalis, ta\u010diau svarb\u0173 vaidmen\u012f vaidina ir pa\u010dios teritorijos topografija, pabr\u0117\u017eia analitikai.<\/p>\n<p>  Teritorija n\u0117ra palanki ukrainie\u010diams <\/p>\n<p>\u201eTeritorija yra itin svarbi besiginantiems ukrainie\u010diams,\u00a0ypa\u010d \u010casiv Jaro auk\u0161tuma, kuri yra Ukrainos gynybin\u0117s linijos pagrindas\u201c, \u2013 BBC sako Nickas Reynoldsas, Jungtin\u0117s Karalyst\u0117s \u201eRoyal United Services Institute\u201c (RUSI) sausumos karo tyrim\u0173 mokslininkas.<\/p>\n<p>     <a href=\"https:\/\/www.tv3.lt\/Uploads\/UGallery\/photos\/86\/7e\/a0\/43\/867ea043db0b5cd5f7818f0aab74a763.jpg\" data-fancybox=\"photos-embed\" data-caption=\"Ukrainos kariai \u010casiv Jare (nuotr. SCANPIX)\" target=\"_self\" rel=\"nofollow noopener\"> <img decoding=\"async\" class=\"photo-inside-article\" align=\"center\" alt=\"Ukrainos kariai \u010casiv Jare (nuotr. SCANPIX)\" title=\"Ukrainos kariai \u010casiv Jare (nuotr. SCANPIX)\" src=\"https:\/\/www.europesays.com\/lt\/wp-content\/uploads\/2025\/10\/867ea043db0b5cd5f7818f0aab74a763.jpg\" width=\"684\" height=\"654\" loading=\"lazy\" \/> <\/a>       <\/p>\n<p>\u201eJei pa\u017evelgsite \u012f Donbaso, apskritai rytin\u0117s Ukrainos, topografij\u0105, bendrai teritorija n\u0117ra labai palanki ukrainie\u010diams, \u2013 priduria jis. \u2013 Donecko miestas yra auk\u0161toje vietoje. Vakar\u0173 kryptimi viskas eina \u017eemyn, o tai n\u0117ra palanku besiginantiems ukrainie\u010diams.\u201c<\/p>\n<p>Ekspertas pabr\u0117\u017eia, kad auk\u0161tumos itin svarbios Ukrainai\u00a0d\u0117l steb\u0117jimo bei geb\u0117jimo koordinuoti gynybinius veiksmus.<\/p>\n<p>\u201eBe to, auk\u0161tumos yra palankesn\u0117s radijo bang\u0173 sklidimui, tod\u0117l geriau tinka dron\u0173 koordinavimui\u201c, \u2013 sako N. Reynoldsas.<\/p>\n<p>\u010casiv Jaras, nors rusai neseniai ir skelb\u0117si j\u012f u\u017e\u0117m\u0119, \u201eyra viena i\u0161 paskutini\u0173 auk\u0161tum\u0173, kurias kontroliuoja ukrainie\u010diai\u201c, sako jis.<\/p>\n<p>N. Reynoldsas pa\u017eymi, kad \u017evalgybos informacija, gaunama i\u0161 palydovini\u0173 vaizd\u0173, nesvarbu, ar j\u0105 teikia Ukrainos tarptautiniai partneriai, ar komercin\u0117s \u012fmon\u0117s, yra labai svarbi, \u201ebet tai n\u0117ra tas pats, kas galimyb\u0117 tiesiogiai koordinuoti savo taktines misijas\u201c.<\/p>\n<p> Putinas nesileis \u012f kompromisus <\/p>\n<p>Anot \u201eUnited24 Media\u201c, V. Putino veiksmai \u012frodo, kad jis nesustos ties Luhansko ar Donecko regionais.<\/p>\n<p>\u201eDonecko srities perdavimas\u201c yra tik retorika, skirta i\u0161bandyti, kiek silpna gali b\u016bti Ukraina ar jos vakar\u0173 partneriai. V. Putinas ai\u0161kiai nesileis \u012f kompromisus, ra\u0161o \u201eUnited24 Media\u201c.<\/p>\n<p>\u201eVietoj to, kad atiduotume Ukrainos \u017eemes Rusijai, turime stengtis suma\u017einti prie\u0161o puolimo paj\u0117gumus ir suma\u017einti jo ekonomines galimybes tai daryti, t. y. toliau naikinti pagrindin\u012f \u0161\u012f kar\u0105 kurstant\u012f i\u0161tekli\u0173 \u2013 naft\u0105 ir dujas. Tod\u0117l Ukrainos kariuomenei reikalingos priemon\u0117s \u2013 raketos ir dronai, leid\u017eian\u010dios sunaikinti naftos perdirbimo gamyklas ir infrastrukt\u016br\u0105, kuri leid\u017eia gauti peln\u0105: gavyb\u0105, perdirbim\u0105 ir transportavim\u0105. \u0160iandien tai yra pagrindinis tikslas ir b\u016btent tai, kas nuolat smogia Rusijos ekonominiams paj\u0117gumams t\u0119sti kar\u0105\u201c, \u2013 apibendrina leidinys.<\/p>\n","protected":false},"excerpt":{"rendered":"Prie\u0161 okupantams pradedant kar\u0105, Pokrovske gyveno beveik 100 t\u016bkst. \u017emoni\u0173. Jie visi prarado gyvenimus, kuriuos k\u016br\u0117 de\u0161imtme\u010dius: namai&hellip;\n","protected":false},"author":2,"featured_media":25484,"comment_status":"","ping_status":"","sticky":false,"template":"","format":"standard","meta":{"footnotes":""},"categories":[15],"tags":[7763,25,30,31,57,43,34,35,55,48,24,54,51,49,50,32,33,37,39,36,38,40,45,23,22,44,28,29,53,42,56,47,26,27,41,46,58,74,75,76,52],"class_list":{"0":"post-25483","1":"post","2":"type-post","3":"status-publish","4":"format-standard","5":"has-post-thumbnail","7":"category-pasaulis","8":"tag-2025-10-26-050000","9":"tag-antrastes","10":"tag-breaking-news","11":"tag-breakingnews","12":"tag-daiktai","13":"tag-dienos-kronika","14":"tag-featured-news","15":"tag-featurednews","16":"tag-gatves-tekstai","17":"tag-gyvenimas","18":"tag-headlines","19":"tag-interneto-pievos","20":"tag-keliones","21":"tag-kultura","22":"tag-laisvalaikis","23":"tag-latest-news","24":"tag-latestnews","25":"tag-lietuva","26":"tag-lietuviu","27":"tag-lithuania","28":"tag-lithuanian","29":"tag-lt","30":"tag-mokslas-ir-it","31":"tag-naujienos","32":"tag-news","33":"tag-pasaulis","34":"tag-populiariausios-naujienos","35":"tag-populiariausiosnaujienos","36":"tag-projektai","37":"tag-rinktiniai-tekstai","38":"tag-simtmecio-portalas","39":"tag-sportas","40":"tag-top-stories","41":"tag-topstories","42":"tag-tv3-lt","43":"tag-verslas","44":"tag-video","45":"tag-world","46":"tag-world-news","47":"tag-worldnews","48":"tag-zaidimai"},"share_on_mastodon":{"url":"","error":"Validation failed: Text character limit of 500 exceeded"},"_links":{"self":[{"href":"https:\/\/www.europesays.com\/lt\/wp-json\/wp\/v2\/posts\/25483","targetHints":{"allow":["GET"]}}],"collection":[{"href":"https:\/\/www.europesays.com\/lt\/wp-json\/wp\/v2\/posts"}],"about":[{"href":"https:\/\/www.europesays.com\/lt\/wp-json\/wp\/v2\/types\/post"}],"author":[{"embeddable":true,"href":"https:\/\/www.europesays.com\/lt\/wp-json\/wp\/v2\/users\/2"}],"replies":[{"embeddable":true,"href":"https:\/\/www.europesays.com\/lt\/wp-json\/wp\/v2\/comments?post=25483"}],"version-history":[{"count":0,"href":"https:\/\/www.europesays.com\/lt\/wp-json\/wp\/v2\/posts\/25483\/revisions"}],"wp:featuredmedia":[{"embeddable":true,"href":"https:\/\/www.europesays.com\/lt\/wp-json\/wp\/v2\/media\/25484"}],"wp:attachment":[{"href":"https:\/\/www.europesays.com\/lt\/wp-json\/wp\/v2\/media?parent=25483"}],"wp:term":[{"taxonomy":"category","embeddable":true,"href":"https:\/\/www.europesays.com\/lt\/wp-json\/wp\/v2\/categories?post=25483"},{"taxonomy":"post_tag","embeddable":true,"href":"https:\/\/www.europesays.com\/lt\/wp-json\/wp\/v2\/tags?post=25483"}],"curies":[{"name":"wp","href":"https:\/\/api.w.org\/{rel}","templated":true}]}}