{"id":254974,"date":"2026-08-16T10:08:10","date_gmt":"2026-08-16T10:08:10","guid":{"rendered":"https:\/\/www.europesays.com\/lt\/254974\/"},"modified":"2026-08-16T10:08:10","modified_gmt":"2026-08-16T10:08:10","slug":"rusija-nakti-atakavo-kijeva-ir-krivoj-roga-respublika-lt","status":"publish","type":"post","link":"https:\/\/www.europesays.com\/lt\/254974\/","title":{"rendered":"Rusija nakt\u012f atakavo Kijev\u0105 ir Krivoj Rog\u0105 &#8211; Respublika.lt"},"content":{"rendered":"<p>    \u00d7<\/p>\n<p>    (1\/1) Rusija sureng\u0117 dar vien\u0105 balistini\u0173 raket\u0173 atak\u0105 prie\u0161 Kijev\u0105. EPA-Eltos nuotr. <a href=\"https:\/\/www.respublika.lt\/uploads\/img\/catalog\/1\/photo_1_79948251.jpg\" class=\"swiper-photo-download\" download=\"\" rel=\"nofollow noopener\" target=\"_blank\">Atsisi\u0173sti<\/a><\/p>\n<p><img loading=\"lazy\" decoding=\"async\" src=\"https:\/\/www.respublika.lt\/lt\/naujienos\/pasaulis\/kitos_pasaulio_naujienos\/rusija-nakti-atakavo-kijeva-ir-krivoj-roga\/images\/ico_camera_white.gif\" class=\"camera\" width=\"22\" height=\"15\" alt=\"nuotr.\" style=\"position:relative; top:-2px; right:2px;\"\/> 1 nuotr.<\/p>\n<p>Rusija sureng\u0117 dar vien\u0105 balistini\u0173 raket\u0173 atak\u0105 prie\u0161 Kijev\u0105. EPA-Eltos nuotr.<\/p>\n<p style=\"text-align: left;\">Rusija pra\u0117jusi\u0105 nakt\u012f sureng\u0117 dar vien\u0105 balistini\u0173 raket\u0173 atak\u0105 prie\u0161 Ukrainos sostin\u0119 Kijev\u0105, sekmadien\u012f prane\u0161\u0117 vald\u017eios institucijos.<\/p>\n<p style=\"text-align: justify;\" class=\"desktop_banner\">\u00a0<\/p>\n<p style=\"text-align: left;\">Meras Vitalijus Kli\u010dko sak\u0117, kad sostin\u0117je buvo girdimi sprogimai, ir paragino gyventojus likti sl\u0117ptuv\u0117se, kol \u012f viet\u0105 vyksta gelb\u0117jimo tarnybos.<\/p>\n<p style=\"text-align: left;\">Prane\u0161ama apie keliuose rajonuose kilusius gaisrus, platformoje \u201eTelegram\u201c ra\u0161\u0117 V. Kli\u010dko.<\/p>\n<p style=\"text-align: left;\">Ukrainos karin\u0117s oro paj\u0117gos prane\u0161\u0117, kad kitose \u0161alies vietov\u0117se, \u012fskaitant Kremen\u010duko ir Krivoj Rogo miestus, u\u017efiksuotos raket\u0173, sklend\u017eian\u010di\u0173j\u0173 bomb\u0173 ir dron\u0173 atakos.<\/p>\n<p style=\"text-align: left;\">Rusijos sostin\u0117s Maskvos Sergejus Sobianinas prane\u0161\u0117, kad per nakt\u012f oro gynybos paj\u0117gos per\u0117m\u0117 daugiau nei 50 dron\u0173.<\/p>\n<p style=\"text-align: left;\">Platformoje \u201eTelegram\u201c jis ra\u0161\u0117, kad \u012f vietas, kur nukrito nepilotuojamieji orlaiviai, buvo i\u0161si\u0173stos gelb\u0117jimo tarnybos.<\/p>\n<p style=\"text-align: left;\">Nepriklausomo nei vienos, nei kitos \u0161alies parei\u0161kim\u0173 patikrinimo atlikti nebuvo galimybi\u0173.<\/p>\n<p style=\"text-align: left;\">Ukraina jau daugiau nei ketverius metus prie\u0161inasi plataus masto Rusijos invazijai.<\/p>\n<p style=\"text-align: left;\">Kijevas ne kart\u0105 \u012fsp\u0117jo apie ma\u017e\u0117jan\u010dias prie\u0161raketini\u0173 raket\u0173, skirt\u0173 oro gynybos sistemoms \u201ePatriot\u201c, skirtoms apsiginti nuo balistini\u0173 raket\u0173 atak\u0173, atsargas.<\/p>\n<p>Patiko straipsnis? Leisk mums apie tai su\u017einoti. Nepamir\u0161k pasidalinti Facebook! <\/p>\n<p><img loading=\"lazy\" decoding=\"async\" class=\"p2_social_circle_icon\" src=\"https:\/\/www.respublika.lt\/images\/thumbs_up.svg\" width=\"21\" height=\"22\" alt=\"L\"\/><\/p>\n<p><img loading=\"lazy\" decoding=\"async\" class=\"p2_social_circle_icon\" src=\"https:\/\/www.respublika.lt\/images\/facebook.svg\" alt=\"F\" width=\"22\" height=\"22\" style=\"filter: invert(37%) sepia(55%) saturate(2351%) hue-rotate(187deg) brightness(102%) contrast(106%);\"\/><\/p>\n<p>&#13;<br \/>\n\tNesutinkate &#8211; diskutuokime!<br \/>&#13;<br \/>\n\tNepykite komentatoriai, bet komentarai su keiksma\u017eod\u017eiais bus \u0161alinami automati\u0161kai, be atsipra\u0161ymo.\n    <\/p>\n<p>&#13;<br \/>\n              Respublika.lt pasilieka teis\u0119 pa\u0161alinti nekult\u016bringus, keiksma\u017eod\u017eiais pagardintus, su tema nesusijusius, kito asmens vardu pasira\u0161ytus, \u012fstatymus pa\u017eeid\u017eian\u010dius, \u0161lam\u0161t\u0105 reklamuojan\u010dius ar nusikalsti kurstan\u010dius komentarus. Jei kurstysite smurt\u0105, rasin\u0119, tautin\u0119, religin\u0119 ar kitokio pob\u016bd\u017eio neapykant\u0105, \u017evirbliu i\u0161skrid\u0119 j\u016bs\u0173 \u017eod\u017eiai gr\u012f\u017edami gali virsti ton\u0105 sverian\u010diu jau\u010diu &#8211; specialiosioms Lietuvos tarnyboms pareikalavus suteiksime j\u016bs\u0173 duomenis.\n            <\/p>\n","protected":false},"excerpt":{"rendered":"\u00d7 (1\/1) Rusija sureng\u0117 dar vien\u0105 balistini\u0173 raket\u0173 atak\u0105 prie\u0161 Kijev\u0105. EPA-Eltos nuotr. Atsisi\u0173sti 1 nuotr. Rusija sureng\u0117&hellip;\n","protected":false},"author":2,"featured_media":254975,"comment_status":"","ping_status":"","sticky":false,"template":"","format":"standard","meta":{"footnotes":"","_share_on_mastodon":"0"},"categories":[15],"tags":[25,4443,30,31,34,35,24,815,6289,32,33,37,39,36,38,40,23,22,44,28,29,119,26,27,360,74,75,76],"class_list":["post-254974","post","type-post","status-publish","format-standard","has-post-thumbnail","category-pasaulis","tag-antrastes","tag-ataka","tag-breaking-news","tag-breakingnews","tag-featured-news","tag-featurednews","tag-headlines","tag-karas","tag-kijevas","tag-latest-news","tag-latestnews","tag-lietuva","tag-lietuviu","tag-lithuania","tag-lithuanian","tag-lt","tag-naujienos","tag-news","tag-pasaulis","tag-populiariausios-naujienos","tag-populiariausiosnaujienos","tag-rusija","tag-top-stories","tag-topstories","tag-ukraina","tag-world","tag-world-news","tag-worldnews"],"share_on_mastodon":{"url":"https:\/\/pubeurope.com\/@lt\/117104640801354571","error":""},"_links":{"self":[{"href":"https:\/\/www.europesays.com\/lt\/wp-json\/wp\/v2\/posts\/254974","targetHints":{"allow":["GET"]}}],"collection":[{"href":"https:\/\/www.europesays.com\/lt\/wp-json\/wp\/v2\/posts"}],"about":[{"href":"https:\/\/www.europesays.com\/lt\/wp-json\/wp\/v2\/types\/post"}],"author":[{"embeddable":true,"href":"https:\/\/www.europesays.com\/lt\/wp-json\/wp\/v2\/users\/2"}],"replies":[{"embeddable":true,"href":"https:\/\/www.europesays.com\/lt\/wp-json\/wp\/v2\/comments?post=254974"}],"version-history":[{"count":0,"href":"https:\/\/www.europesays.com\/lt\/wp-json\/wp\/v2\/posts\/254974\/revisions"}],"wp:featuredmedia":[{"embeddable":true,"href":"https:\/\/www.europesays.com\/lt\/wp-json\/wp\/v2\/media\/254975"}],"wp:attachment":[{"href":"https:\/\/www.europesays.com\/lt\/wp-json\/wp\/v2\/media?parent=254974"}],"wp:term":[{"taxonomy":"category","embeddable":true,"href":"https:\/\/www.europesays.com\/lt\/wp-json\/wp\/v2\/categories?post=254974"},{"taxonomy":"post_tag","embeddable":true,"href":"https:\/\/www.europesays.com\/lt\/wp-json\/wp\/v2\/tags?post=254974"}],"curies":[{"name":"wp","href":"https:\/\/api.w.org\/{rel}","templated":true}]}}