{"id":255002,"date":"2026-08-16T11:28:10","date_gmt":"2026-08-16T11:28:10","guid":{"rendered":"https:\/\/www.europesays.com\/lt\/255002\/"},"modified":"2026-08-16T11:28:10","modified_gmt":"2026-08-16T11:28:10","slug":"neseniai-parduotame-vilniaus-verslo-centre-100-proc-uzimtumas","status":"publish","type":"post","link":"https:\/\/www.europesays.com\/lt\/255002\/","title":{"rendered":"Neseniai parduotame Vilniaus verslo centre \u2013 100 proc. u\u017eimtumas"},"content":{"rendered":"<p class=\"wp-block-paragraph\">Tvari\u0173 miest\u0173 ir infrastrukt\u016bros pl\u0117tros bendrov\u0117s \u201e<a style=\"font-weight:bold;\" href=\"https:\/\/madeinvilnius.lt\/tema\/yit-lietuva\/\" target=\"_blank\" rel=\"nofollow noopener\">YIT Lietuva<\/a>\u201c vystytas verslo centras \u201eSky Office\u201c pasiek\u0117 100 proc. u\u017eimtum\u0105. Paskutinius laisvus verslo centro plotus pasirinko technologij\u0173 bendrov\u0117 \u201eiSense Technologies\u201c, farmacijos \u012fmon\u0117 \u201eGryNumber Health\u201c, priva\u010di\u0173 skryd\u017ei\u0173 bendrov\u0117 \u201eCharter Jets\u201c ir logistikos paslaug\u0173 \u012fmon\u0117 \u201eColliCare Logistics\u201c. Visi\u0161k\u0105 u\u017eimtum\u0105 verslo centras pasiek\u0117 netrukus po to, kai \u0161i\u0105 vasar\u0105 buvo parduotas fondui \u201eEvernord Real Estate Fund VII\u201c.<\/p>\n<p class=\"wp-block-paragraph\">\u201eVisi\u0161kas verslo centro u\u017eimtumas patvirtina, kad net ir konkurencingoje Vilniaus biur\u0173 rinkoje kokybi\u0161ki, tvar\u016bs ir strategi\u0161kai patogioje vietoje vystomi projektai i\u0161lieka itin paklaus\u016bs. Kurdami \u201eSky Office\u201c nuo pat projekto prad\u017eios orientavom\u0117s \u012f tvarius sprendimus, darbo aplinkos kokyb\u0119 ir ilgalaik\u0119 vert\u0119 tiek nuomininkams, tiek investuotojams. Tai, kad netrukus po pastato pardavimo pavyko pasiekti visi\u0161k\u0105 jo u\u017eimtum\u0105, patvirtina, jog pasirinkta projekto vystymo kryptis pasiteisino, o kokybi\u0161ki bei tvar\u016bs biurai ir toliau i\u0161lieka paklaus\u016bs\u201c, \u2013 sako \u201eYIT Lietuva\u201c vadovas K\u0119stutis Vanagas.<\/p>\n<p class=\"wp-block-paragraph\">Aplinkai draugi\u0161kas 18 auk\u0161t\u0173, daugiau kaip 12 t\u016bkst. kv. m ploto verslo centras \u012fsik\u016br\u0119s Spaudos g. 7, vienoje spar\u010diausiai besivystan\u010di\u0173 Vilniaus verslo teritorij\u0173, \u0161alia Vakarinio aplinkkelio. \u0160iandien jame veikia daugiau kaip 20 Lietuvos ir tarptautini\u0173 \u012fmoni\u0173. Tarp pastato nuominink\u0173 \u2013 \u201eYIT Lietuva\u201c, \u201eAljansas Aib\u0117\u201c, \u201e<a style=\"font-weight:bold;\" href=\"https:\/\/madeinvilnius.lt\/tema\/grinda\/\" target=\"_blank\" rel=\"nofollow noopener\">Grinda<\/a>\u201c, \u201ePayswix\u201c, taip pat tokios \u017einomos tarptautin\u0117s kompanijos kaip \u201eDr. Oetker\u201c, \u201eSaint-Gobain\u201c, \u201eEaton\u201c, \u201eAluprof\u201c bei kitos stiprios vietin\u0117s ir tarptautin\u0117s \u012fmon\u0117s.<\/p>\n<p class=\"wp-block-paragraph\">\u201e\u0160imtaprocentin\u012f u\u017eimtumo rodikl\u012f galima vertinti \u012fvairiais pj\u016bviais: tai rodo ir centro valdytoj\u0173 profesionalum\u0105, ir paties projekto kokyb\u0119 bei atitikim\u0105 rinkos tendencijoms. Tuo tarpu fondui tai yra ai\u0161kus signalas, kad investicij\u0173 objektas buvo pasirinktas tinkamai \u012fvertinus faktori\u0173 visum\u0105, \u012fskaitant besikei\u010dian\u010dios aplinkos rizik\u0105 ir ilgalaikes perspektyvas. Puik\u016bs \u201eSky Office\u201c rodikliai leid\u017eia ramiai planuotis finans\u0173 srautus ir si\u0173sti ger\u0105 \u017eini\u0105 \u201eEvernord\u201c investuotojams\u201c, \u2013 sak\u0117 fondo valdytojas Simonas Ba\u010diulis.<\/p>\n<p class=\"wp-block-paragraph\">\u201eSky Office\u201c savo techniniais bei tvarumo sprendimais atitinka A klas\u0117s biurams keliamus reikalavimus. Pastatas sertifikuotas tarptautiniu BREEAM New Construction \u201eExcellent\u201c tvarumo sertifikatu, o 2025 m. LNTPA organizuotame konkurse \u201eU\u017e darni\u0105 pl\u0117tr\u0105\u201d buvo pripa\u017eintas geriausiu komercin\u0117s paskirties pastatu Lietuvoje.\u00a0<\/p>\n<p class=\"wp-block-paragraph\">Verslo centre \u012fdiegti pa\u017eang\u016bs technologiniai ir in\u017eineriniai sprendimai: saul\u0117s elektrin\u0117, energij\u0105 regeneruojantys greitaeigiai liftai, elektromobili\u0173 \u012fkrovimo infrastrukt\u016bra, i\u0161maniosios energijos ir vandens valdymo sistemos, moderni \u0161ildymo ir v\u0117sinimo sistema su oro dr\u0117kinimo sistema. Pastate galimas lankstus biur\u0173 i\u0161planavimas, yra \u012frengtos dvira\u010di\u0173 saugyklos ir kiti \u0161iuolaikiniams verslams aktual\u016bs sprendimai, u\u017etikrinantys darbuotoj\u0173 komfort\u0105 bei ma\u017eesnes eksploatacines s\u0105naudas. Pastato i\u0161skirtinumu tapo ir jaukiai \u012frengta bei ap\u017eeldinta terasa vir\u0161utiniame auk\u0161te, nuo kurios atsiveria panoraminiai Vilniaus vaizdai. Terasoje \u012frengtas, vienintelis toks Lietuvoje, stiklinis balkonas.<\/p>\n<p> <a href=\"https:\/\/google.com\/preferences\/source?q=madeinvilnius.lt\" target=\"_blank\" rel=\"noopener nofollow\" onclick=\"if (!window.__cfRLUnblockHandlers) return false; if(window.gtag){gtag(&#039;event&#039;,&#039;preferred_source_click&#039;,{event_category:&#039;engagement&#039;,event_label:&#039;article_footer&#039;});}\" style=\"display:flex;align-items:center;gap:16px;width:100%;box-sizing:border-box;margin:2.5rem 0 1rem;padding:20px 24px;border:1px solid #e8e6e1;border-radius:14px;background:#fff;text-decoration:none !important;box-shadow:none !important;color:#1a1a1a;\" data-cf-modified-7848adab646ed586438acc85-=\"\">       Skaitykite mus pirmiau \u201eGoogle\u201d Prid\u0117kite madeinvilnius.lt kaip pageidaujam\u0105 \u0161altin\u012f  \u2192 <\/a><\/p>\n","protected":false},"excerpt":{"rendered":"Tvari\u0173 miest\u0173 ir infrastrukt\u016bros pl\u0117tros bendrov\u0117s \u201eYIT Lietuva\u201c vystytas verslo centras \u201eSky Office\u201c pasiek\u0117 100 proc. u\u017eimtum\u0105. Paskutinius&hellip;\n","protected":false},"author":2,"featured_media":255003,"comment_status":"","ping_status":"","sticky":false,"template":"","format":"standard","meta":{"footnotes":"","_share_on_mastodon":"0"},"categories":[17],"tags":[81,37,39,36,38,40,65,2050,46],"class_list":["post-255002","post","type-post","status-publish","format-standard","has-post-thumbnail","category-verslas","tag-business","tag-lietuva","tag-lietuviu","tag-lithuania","tag-lithuanian","tag-lt","tag-naujiena","tag-nt","tag-verslas"],"share_on_mastodon":{"url":"https:\/\/pubeurope.com\/@lt\/117104954856967597","error":""},"_links":{"self":[{"href":"https:\/\/www.europesays.com\/lt\/wp-json\/wp\/v2\/posts\/255002","targetHints":{"allow":["GET"]}}],"collection":[{"href":"https:\/\/www.europesays.com\/lt\/wp-json\/wp\/v2\/posts"}],"about":[{"href":"https:\/\/www.europesays.com\/lt\/wp-json\/wp\/v2\/types\/post"}],"author":[{"embeddable":true,"href":"https:\/\/www.europesays.com\/lt\/wp-json\/wp\/v2\/users\/2"}],"replies":[{"embeddable":true,"href":"https:\/\/www.europesays.com\/lt\/wp-json\/wp\/v2\/comments?post=255002"}],"version-history":[{"count":0,"href":"https:\/\/www.europesays.com\/lt\/wp-json\/wp\/v2\/posts\/255002\/revisions"}],"wp:featuredmedia":[{"embeddable":true,"href":"https:\/\/www.europesays.com\/lt\/wp-json\/wp\/v2\/media\/255003"}],"wp:attachment":[{"href":"https:\/\/www.europesays.com\/lt\/wp-json\/wp\/v2\/media?parent=255002"}],"wp:term":[{"taxonomy":"category","embeddable":true,"href":"https:\/\/www.europesays.com\/lt\/wp-json\/wp\/v2\/categories?post=255002"},{"taxonomy":"post_tag","embeddable":true,"href":"https:\/\/www.europesays.com\/lt\/wp-json\/wp\/v2\/tags?post=255002"}],"curies":[{"name":"wp","href":"https:\/\/api.w.org\/{rel}","templated":true}]}}