{"id":255116,"date":"2026-08-16T15:06:30","date_gmt":"2026-08-16T15:06:30","guid":{"rendered":"https:\/\/www.europesays.com\/lt\/255116\/"},"modified":"2026-08-16T15:06:30","modified_gmt":"2026-08-16T15:06:30","slug":"uz-neaisku-kiek-mokesciu-moketoju-pinigu-nemuno-saloje-pastatyti-nauji-pesciuju-takai","status":"publish","type":"post","link":"https:\/\/www.europesays.com\/lt\/255116\/","title":{"rendered":"U\u017e neai\u0161ku kiek mokes\u010di\u0173 mok\u0117toj\u0173 pinig\u0173 Nemuno saloje pastatyti nauji \u201ep\u0117s\u010di\u0173j\u0173 takai\u201c"},"content":{"rendered":"<p>Slaptumu pagars\u0117jusios statybos Kauno Nemuno saloje i\u0161 esm\u0117s baigtos. Technika i\u0161ve\u017eta, gruntas i\u0161lygintas, o aptvertoje aik\u0161tel\u0117je liko galutinis trij\u0173 savai\u010di\u0173 darb\u0173 rezultatas, kur\u012f portalas \u201eKas vyksta Kaune\u201c u\u017efiksavo i\u0161 oro. Savivaldyb\u0117 teigia \u012frengusi p\u0117s\u010di\u0173j\u0173 takus. Nuotraukose matyti dvi lygiagre\u010dios betono juostos, kurios nesijungia nei tarpusavyje, nei su esamu salos tak\u0173 tinklu ir kuriomis vaik\u0161\u010dioti kol kas negalima.<\/p>\n<p>Savivaldyb\u0117s paai\u0161kinimai apie tai, kas statoma saloje, per tris savaites keit\u0117si ne kart\u0105, ir juos verta prisiminti chronologi\u0161kai.<\/p>\n<p>Darbams prasid\u0117jus liepos 28-\u0105j\u0105, objektas nebuvo \u012fvardytas. \u201eNemuno saloje ruo\u0161iama vieta, kur ateityje b\u016bt\u0173 galima pastatyti \u012fvairius atrakcionus, mobilius \u012frenginius, kuriems reikalingas tvirtas pagrindas. Ant jo gal\u0117t\u0173 b\u016bti pastatytas <a href=\"https:\/\/kaunas.kasvyksta.lt\/apzvalgos-ratas\" title=\"Ap\u017evalgos ratas\" rel=\"nofollow noopener\" target=\"_blank\">ap\u017evalgos ratas<\/a>\u201c, \u2013 tuomet ai\u0161kino Statybos valdymo skyriaus ved\u0117jas Paulius Pachomovas.<\/p>\n<p>\u012e klausim\u0105 d\u0117l leidimo jis atsak\u0117 trumpai. \u201e\u0160ie darbai papuola \u012f pirmos grup\u0117s nesud\u0117ting\u0173 darb\u0173 kategorij\u0105, tai rei\u0161kia, statybos leidimo i\u0161siimti nereikia\u201c, \u2013 teig\u0117 ved\u0117jas.<\/p>\n<p>Portalui paklausus apie projektin\u012f plot\u0105, nuo kurio leidimo privalomumas ir priklauso, skai\u010diaus nebuvo. \u201e\u0160iuo metu statinio statyba pradin\u0117je stadijoje, tikslus statinio plotas paai\u0161k\u0117s \u012fvykd\u017eius statybos darbus bei atlikus i\u0161pildomuosius statinio matavimus\u201c, \u2013 atsak\u0117 P. Pachomovas. V\u0117liau paai\u0161k\u0117jo, kad plotai \u2013 60 ir 74 kvadratiniai metrai \u2013 buvo \u012fra\u0161yti dar bir\u017eel\u012f parengtame projekte.<\/p>\n<p>Rugpj\u016b\u010dio prad\u017eioje savivaldyb\u0117 takus pristat\u0117 kaip tinklo pl\u0117tr\u0105. \u201eU\u017eduotis ir yra prapl\u0117sti tak\u0173 tinkl\u0105, padidinti elektros paj\u0117gumus teritorijoje, nes jie reikalingi ap\u0161vietimui, steb\u0117jimo kameroms, renginiams\u201c, \u2013 portalui perduotame komentare teig\u0117 P. Pachomovas.<\/p>\n<p>Kit\u0105 dien\u0105, portalui pacitavus Kult\u016bros paveldo departamento ra\u0161t\u0105, ap\u017evalgos ratas pirm\u0105 kart\u0105 buvo pripa\u017eintas. \u201eVisos proced\u016bros, susijusios su ap\u017evalgos rato statymu, bus atliktos pagal teis\u0117s aktus. \u0160iandien tiek rato gamyba, tiek planavimas yra procese\u201c, \u2013 nurod\u0117 ved\u0117jas.<\/p>\n<p><img decoding=\"async\" width=\"720\" height=\"405\" loading=\"lazy\" src=\"https:\/\/www.europesays.com\/lt\/wp-content\/uploads\/2026\/08\/1786892786_484_rato-vietos-statybos-2-6a70ca0e42444.jpg@webp.webp\" class=\"w-auto h-auto\" alt=\"rato vietos statybos-2\"\/><\/p>\n<p>Darbai Nemuno saloje vyksta net ir vakarais \/ Kas vyksta Kaune nuotr.<\/p>\n<p>Nacionalin\u0117s televizijos eteryje nuskamb\u0117jo dar dvi versijos. \u201ePirmos kategorijos nesud\u0117tingiems takams statybos leidimo nereikia. Kai pastatysime tuos takus, i\u0161matuosime ir, manau, kad i\u0161liks iki 100 kvadratini\u0173 metr\u0173 bei i\u0161laikys nesud\u0117tingo statinio status\u0105\u201c, \u2013 LNK \u017einioms kalb\u0117jo P. Pachomovas.<\/p>\n<p>LRT eteryje takai tapo universaliais. \u201eAnt \u0161it\u0173 tak\u0173 gal\u0117s stov\u0117ti \u012fvair\u016bs \u012frenginiai \u2013 tai gal\u0117s b\u016bti tiek ratas, tiek karusel\u0117s, tiek bet koks kitas \u012frenginys\u201c, \u2013 ai\u0161kino ved\u0117jas.<\/p>\n<p>K\u0105 rodo nuotraukos?<\/p>\n<p>Baigt\u0173 darb\u0173 vaizdas i\u0161 oro su \u0161iais paai\u0161kinimais dera sunkiai. Ma\u017edaug 1 800 kvadratini\u0173 metr\u0173 aptvertoje aik\u0161tel\u0117je, kur prie\u0161 m\u0117nes\u012f dar \u017ealiavo pieva, guli dvi betono juostos \u2013 apie 20 ir 25 metr\u0173 ilgio, ma\u017edaug 3 metr\u0173 plo\u010dio. Abiej\u0173 galai remiasi \u012f i\u0161lygint\u0105 grunt\u0105. Esamas salos tak\u0173 tinklas, kur\u012f \u017ead\u0117ta prapl\u0117sti, driekiasi vos u\u017e keliolikos metr\u0173, ta\u010diau naujosios juostos prie jo neprijungtos n\u0117 viename ta\u0161ke. Patekti prie j\u0173 taip pat ne\u012fmanoma \u2013 teritorija teb\u0117ra aptverta mobili\u0105ja tvora.<\/p>\n<p><img decoding=\"async\" width=\"720\" height=\"405\" loading=\"lazy\" src=\"https:\/\/www.europesays.com\/lt\/wp-content\/uploads\/2026\/08\/rkz08454-6a71e4c0b0b95.JPG@webp.webp\" class=\"w-auto h-auto\" alt=\"RKZ08454\"\/><\/p>\n<p>Ap\u017evalgos rato vietos statybos Nemuno saloje \/ R. Tenio nuotr.<\/p>\n<p>Portalo kalbintas statybos srities specialistas, papra\u0161\u0119s jo ne\u012fvardinti, atkreip\u0117 d\u0117mes\u012f, kad p\u0117s\u010di\u0173j\u0173 tako esm\u0119 apibr\u0117\u017eia jo paskirtis. \u201eTakas savo funkcij\u0105 atlieka tada, kai juo galima nueiti i\u0161 vieno ta\u0161ko \u012f kit\u0105 \u2013 kai jis sujungtas su kitais takais ar traukos objektais ir yra prieinamas p\u0117stiesiems. Izoliuota betono juosta, kuri niekur neveda ir prie kurios negalima prieiti, p\u0117s\u010di\u0173j\u0173 tako funkcijos neatlieka\u201c, \u2013 sak\u0117 specialistas.<\/p>\n<p>Po \u017eeme liko ir tai, kas buvo statoma pirmiausia ir ko nuotraukose nebesimato. Portalo \u017eurnalist\u0173 vietoje matuoti pamatai \u2013 i\u0161betonuotos plok\u0161t\u0117s su ma\u017edaug 15 metr\u0173 gylio gr\u0119\u017etiniais poliais \u2013 siekia apie 30 metr\u0173 ilgio ir 5 metr\u0173 plo\u010dio, tai yra apie 150 kvadratini\u0173 metr\u0173 kiekviena.<\/p>\n<p><img decoding=\"async\" width=\"720\" height=\"405\" loading=\"lazy\" src=\"https:\/\/www.europesays.com\/lt\/wp-content\/uploads\/2026\/08\/dji-20260812204437-0155-d-6a7c78c067da9.JPG@webp.webp\" class=\"w-auto h-auto\" alt=\"DJI_20260812204437_0155_D\"\/><\/p>\n<p>P\u0117s\u010di\u0173j\u0173 takai su pamatais ap\u017evalgos ratui Nemuno saloje \/ R. Tenio nuotr.<\/p>\n<p>Rugpj\u016b\u010dio 11 dienos \u012fsakymu patvirtintame projekte abiej\u0173 statini\u0173 plotai nurodyti gerokai ma\u017eesni \u2013 60 ir 74 kvadratiniai metrai, ir \u0161ie skai\u010diai atitinka tik pavir\u0161iuje likusias juostas. Ar \u012f statinio plot\u0105, nuo kurio priklauso statybos leidimo privalomumas, turi b\u016bti \u012fskai\u010diuotos ir po\u017eemin\u0117s laikan\u010diosios konstrukcijos, portalas yra paklaus\u0119s Statyb\u0173 inspekcijos.<\/p>\n<p>Sunerimo ir Kauno architektai<\/p>\n<p>Situacija Nemuno saloje suk\u0117l\u0117 reakcij\u0105 ir profesin\u0117je bendruomen\u0117je. Ketvirtadien\u012f Lietuvos architekt\u0173 s\u0105jungos Kauno skyrius su\u0161auk\u0117 valdybos susirinkim\u0105 statyboms aptarti \u2013 kvorumas nesusirinko, nes dalis architekt\u0173 atostogauja, tad valdybos narius nuspr\u0119sta apklausti el. pa\u0161tu, ta\u010diau dalyvavusi\u0173j\u0173 nuotaika, skyriaus pirmininko Nerijaus Stanionio teigimu, buvo vieninga.<\/p>\n<p>\u201eKiek dalyvavo \u017emoni\u0173 \u2013 visi vienareik\u0161mi\u0161kai nusteb\u0119 procesu. Kas turb\u016bt keis\u010diausia \u2013 i\u0161laikoma keista paslaptis, kas gi \u010dia daroma. Neb\u016btinai architektai pasakyt\u0173, kad blogai statoma \u2013 keis\u010diausia, kad yra slepiama ne tik nuo architekt\u0173, bet ir visos visuomen\u0117s, kad vyksta procesas. Toki\u0105 nuotaik\u0105 i\u0161sak\u0117 visi\u201c, \u2013 portalui sak\u0117 N. Stanionis.<\/p>\n<p><img decoding=\"async\" width=\"720\" height=\"405\" loading=\"lazy\" src=\"https:\/\/www.europesays.com\/lt\/wp-content\/uploads\/2026\/08\/dji-20260812204549-0158-d-6a7c78c0d4126.JPG@webp.webp\" class=\"w-auto h-auto\" alt=\"DJI_20260812204549_0158_D\"\/><\/p>\n<p>P\u0117s\u010di\u0173j\u0173 takai su pamatais ap\u017evalgos ratui Nemuno saloje \/ R. Tenio nuotr.<\/p>\n<p>Ekspertinio vertinimo, pasak jo, architektai pateikti negali d\u0117l tos pa\u010dios prie\u017easties, d\u0117l kurios jo negali pateikti niekas. \u201eSvarstyti ir pasakyti, ar tai gera vieta, ar geras projektas, architektai nedr\u012fsta nemat\u0119 projekto. Kritikavimas nema\u010dius projekto gali b\u016bti labai klaidingas\u201c, \u2013 paai\u0161kino architektas.<\/p>\n<p>N. Stanionis primin\u0117, kad svarbesniems miesto objektams aptarti Kaune veikia Regionin\u0117 architekt\u0173 taryba ir Architekt\u016bros ir urbanistikos ekspert\u0173 taryba, \u012f kurias gali kreiptis ir savivaldyb\u0117, ir vyriausiasis architektas.<\/p>\n<p>\u201e\u0160is objektas teisi\u0161kai yra su tokiu klaustuku \u2013 turime sprendim\u0173, kuriuose \u012fvardyta, kad visuomenei reik\u0161mingus pastatus reikia svarstyti. Jeigu mes pa\u017eod\u017eiui skaitome dokumentus, galime sakyti, kad tai yra \u012frenginys ir papildomas svarstymas n\u0117ra privalomas. Be abejo \u2013 toks objektas savo dyd\u017eiu ir mase darys \u012ftak\u0105 ir bus puikiai matomas\u201c, \u2013 kalb\u0117jo skyriaus pirmininkas.<\/p>\n<p>Pa\u017eym\u0117tina, kad miesto vyriausiojo architekto pareigas \u0161iuo metu eina administracijos direktoriaus pavaduotojas Gedeminas Bar\u010dauskas \u2013 tas pats, kurio para\u0161u gegu\u017e\u0117s 13 dien\u0105 sudaryta tak\u0173 projektavimo sutartis.<\/p>\n<p>Infrastrukt\u016bra be dokument\u0173<\/p>\n<p>Keis\u010diausia \u0161ioje istorijoje tai, kad u\u017e mokes\u010di\u0173 mok\u0117toj\u0173 pinigus \u012frengtos infrastrukt\u016bros dokument\u0173 visuomen\u0117 nemato iki \u0161iol. Statybos projekto savivaldyb\u0117 \u017einiasklaidai neteikia, \u017ead\u0117dama j\u012f parodyti tik pasibaigus Statyb\u0173 inspekcijos tyrimui, nors teis\u0117s akto, leid\u017eian\u010dio dokument\u0173 neteikti, papra\u0161yta nenurod\u0117.<\/p>\n<p>Darb\u0173 s\u0105mata ne\u017einoma. Rangos darb\u0173 sutartis, pagal kuri\u0105 takai pastatyti, vie\u0161\u0173j\u0173 pirkim\u0173 sistemoje nepaskelbta iki \u0161iol, nors visi \u012fstatyme numatyti skelbimo terminai jau pasibaig\u0119 \u2013 sutartis privalo b\u016bti paskelbta per 15 dien\u0173 nuo pasira\u0161ymo ir ne v\u0117liau kaip iki pirmojo mok\u0117jimo rangovui. Kas, kada ir u\u017e koki\u0105 sum\u0105 \u012fsipareigojo atlikti darbus, kurie vietoje jau baigti, lieka ne\u017einoma.<\/p>\n<p><img decoding=\"async\" width=\"720\" height=\"405\" loading=\"lazy\" src=\"https:\/\/www.europesays.com\/lt\/wp-content\/uploads\/2026\/08\/dji-20260812204756-0163-d-6a7c78c09d4a6.JPG@webp.webp\" class=\"w-auto h-auto\" alt=\"DJI_20260812204756_0163_D\"\/><\/p>\n<p>P\u0117s\u010di\u0173j\u0173 takai su pamatais ap\u017evalgos ratui Nemuno saloje \/ R. Tenio nuotr.<\/p>\n<p>Abejoni\u0173 kelia ir dokument\u0173 seka. Projekto bendrosios ekspertiz\u0117s aktas pasira\u0161ytas rugpj\u016b\u010dio 3 dien\u0105 \u2013 t\u0105 pa\u010di\u0105, kai statybviet\u0117je apsilank\u0117 Statyb\u0173 inspekcijos pareig\u016bnai ir kai darbai saloje vyko visu paj\u0117gumu jau antr\u0105 savait\u0119. Pats projektas administracijos direktoriaus \u012fsakymu patvirtintas dar v\u0117liau, rugpj\u016b\u010dio 11 dien\u0105, pamatams jau stovint. Tad \u0161iuo atveju, dokumentai vis\u0105 laik\u0105 vijosi vykstan\u010di\u0105 skubi\u0105 statyb\u0105.<\/p>\n<p>K\u0105 sako Statyb\u0173 inspekcija?<\/p>\n<p>Statyb\u0173 inspekcijos pozicija nuo pat prad\u017ei\u0173 buvo kitokia nei savivaldyb\u0117s. Dar liepos pabaigoje inspekcija portalui ra\u0161tu patvirtino, kad statyb\u0105 leid\u017eiantis dokumentas objektui nei\u0161duotas, ir i\u0161ai\u0161kino rib\u0105, nuo kurios leidimas privalomas \u2013 aik\u0161tel\u0117 iki 100 kvadratini\u0173 metr\u0173 laikoma I grup\u0117s nesud\u0117tinguoju statiniu, o didesnei naujai statybai mieste leidimas b\u016btinas. Ten pat inspekcija primin\u0117, kad statinio kategorij\u0105 projekte nustato ir para\u0161u u\u017e j\u0105 atsako projektuotojas.<\/p>\n<p>Rugpj\u016b\u010dio 3 dien\u0105, apsilankiusi statybviet\u0117je, inspekcija prane\u0161\u0117 apie prad\u0117tus procesinius veiksmus. \u201ePatikrinimo metu buvo surinkti faktiniai duomenys. Toliau t\u0119siamas patikrinimas ir atliekami procesiniai veiksmai, vertinant gaut\u0105 informacij\u0105 apie vykdomus statybos darbus. Artimiausiu metu atsakingiems subjektams bus sura\u0161yti privalomieji nurodymai pateikti informacij\u0105, dokumentus ir kitus su statyba susijusius duomenis\u201c, \u2013 portal\u0105 informavo inspekcija.<\/p>\n<p><img decoding=\"async\" width=\"720\" height=\"405\" loading=\"lazy\" src=\"https:\/\/www.europesays.com\/lt\/wp-content\/uploads\/2026\/08\/1786892790_287_statybu-inspekcijos-patikrinimas-5-6a7060aa80e1a.jpg@webp.webp\" class=\"w-auto h-auto\" alt=\"statybu inspekcijos patikrinimas-5\"\/><\/p>\n<p>Statyb\u0173 inspekcijos patikrinimas Nemuno saloje \/ Kas vyksta Kaune nuotr.<\/p>\n<p>Rugpj\u016b\u010dio 4 dien\u0105 inspekcija portalui i\u0161ai\u0161kino ir ploto skai\u010diavimo taisykl\u0119 \u2013 plotas nustatomas \u201epagal statinio i\u0161orinio kont\u016bro vertikali\u0105 projekcij\u0105 \u012f \u017eem\u0117s pavir\u0161i\u0173\u201c, o ne pagal aptvert\u0105 statybviet\u0119. Ar \u012f statinio kont\u016br\u0105 patenka ir po\u017eemin\u0117s laikan\u010diosios konstrukcijos, kuri\u0173 matmenys didesni u\u017e pavir\u0161iuje matomas juostas, portalas inspekcijos paklaus\u0117 atskirai \u2013 atsakymo laukiama. Naujausiame atsakyme inspekcija patvirtino, kad tyrimas t\u0119siamas. \u201eVyksta (t\u0119siamas) tyrimas, atliekami procesiniai veiksmai, renkama informacija, duomenys ir dokumentai\u201c, \u2013 nurod\u0117 inspekcija.<\/p>\n<p>Kas toliau?<\/p>\n<p>Pagal vie\u0161uosius dokumentus aik\u0161tel\u0117s laukia kitas etapas. V\u0161\u012e \u201eKaunas IN\u201c i\u0161kabos sutartis numato, kad ap\u017evalgos rato konstrukcijos turi stov\u0117ti rugpj\u016b\u010dio pabaigoje, o \u0161vie\u010diantis pavadinimas \u201eSky View\u201c \u2013 veikti iki rugs\u0117jo 13 dienos. Pati \u201eKaunas IN\u201c portalui patvirtino, kad rato montavimo darbai preliminariai gali prasid\u0117ti rugs\u0117j\u012f.<\/p>\n<p>Statyb\u0173 inspekcijos tyrimas t\u0119siasi \u2013 inspekcija yra patvirtinusi, kad statyb\u0105 leid\u017eiantis dokumentas objektui nei\u0161duotas. Kult\u016bros paveldo departamentas savo ruo\u017etu nurod\u0117, kad prie\u0161 \u012frengiant ap\u017evalgos rat\u0105 \u0161ioje vietoje privaloma poveikio kult\u016bros paveldo vietovei analiz\u0117, kuri, departamento patvirtinimu, neatlikta. Apie tyrimo i\u0161vadas ir tolesnius darbus saloje portalas informuos savo skaitytojus.<\/p>\n","protected":false},"excerpt":{"rendered":"Slaptumu pagars\u0117jusios statybos Kauno Nemuno saloje i\u0161 esm\u0117s baigtos. Technika i\u0161ve\u017eta, gruntas i\u0161lygintas, o aptvertoje aik\u0161tel\u0117je liko galutinis&hellip;\n","protected":false},"author":2,"featured_media":255117,"comment_status":"","ping_status":"","sticky":false,"template":"","format":"standard","meta":{"footnotes":"","_share_on_mastodon":"0"},"categories":[13],"tags":[25,26160,30,31,34,35,24,1061,32,33,37,39,36,38,40,23,8070,22,28,29,19966,2822,26,27],"class_list":["post-255116","post","type-post","status-publish","format-standard","has-post-thumbnail","category-lietuva","tag-antrastes","tag-apzvalgos-ratas","tag-breaking-news","tag-breakingnews","tag-featured-news","tag-featurednews","tag-headlines","tag-kaunas","tag-latest-news","tag-latestnews","tag-lietuva","tag-lietuviu","tag-lithuania","tag-lithuanian","tag-lt","tag-naujienos","tag-nemuno-sala","tag-news","tag-populiariausios-naujienos","tag-populiariausiosnaujienos","tag-rekomenduojame","tag-statybos","tag-top-stories","tag-topstories"],"share_on_mastodon":{"url":"https:\/\/pubeurope.com\/@lt\/117105812421542348","error":""},"_links":{"self":[{"href":"https:\/\/www.europesays.com\/lt\/wp-json\/wp\/v2\/posts\/255116","targetHints":{"allow":["GET"]}}],"collection":[{"href":"https:\/\/www.europesays.com\/lt\/wp-json\/wp\/v2\/posts"}],"about":[{"href":"https:\/\/www.europesays.com\/lt\/wp-json\/wp\/v2\/types\/post"}],"author":[{"embeddable":true,"href":"https:\/\/www.europesays.com\/lt\/wp-json\/wp\/v2\/users\/2"}],"replies":[{"embeddable":true,"href":"https:\/\/www.europesays.com\/lt\/wp-json\/wp\/v2\/comments?post=255116"}],"version-history":[{"count":0,"href":"https:\/\/www.europesays.com\/lt\/wp-json\/wp\/v2\/posts\/255116\/revisions"}],"wp:featuredmedia":[{"embeddable":true,"href":"https:\/\/www.europesays.com\/lt\/wp-json\/wp\/v2\/media\/255117"}],"wp:attachment":[{"href":"https:\/\/www.europesays.com\/lt\/wp-json\/wp\/v2\/media?parent=255116"}],"wp:term":[{"taxonomy":"category","embeddable":true,"href":"https:\/\/www.europesays.com\/lt\/wp-json\/wp\/v2\/categories?post=255116"},{"taxonomy":"post_tag","embeddable":true,"href":"https:\/\/www.europesays.com\/lt\/wp-json\/wp\/v2\/tags?post=255116"}],"curies":[{"name":"wp","href":"https:\/\/api.w.org\/{rel}","templated":true}]}}