{"id":25572,"date":"2025-10-26T07:10:07","date_gmt":"2025-10-26T07:10:07","guid":{"rendered":"https:\/\/www.europesays.com\/lt\/25572\/"},"modified":"2025-10-26T07:10:07","modified_gmt":"2025-10-26T07:10:07","slug":"agnes-kuzmickaites-kolekcijoje-nuo-odes-estetikai-iki-igyvendintos-mano-dienos-vizijos-gyvenimas","status":"publish","type":"post","link":"https:\/\/www.europesays.com\/lt\/25572\/","title":{"rendered":"Agn\u0117s Kuzmickait\u0117s kolekcijoje \u2013 nuo od\u0117s estetikai iki \u012fgyvendintos \u201eMano dienos\u201c vizijos | Gyvenimas"},"content":{"rendered":"<p>A. Kuzmickait\u0117 pasakoja, kad jau ketvirt\u0105 kart\u0105 bendradarbiauja su \u201eUtenos trikota\u017eu\u201c, o \u0161i kolaboracija tapo reik\u0161minga naujosios kolekcijos dalimi.<\/p>\n<p>Tikriausiai visi \u017einome, jog \u201eUtenos trikota\u017eas\u201c gars\u0117ja miego linija \u2013 pi\u017eamomis, naktiniais, apatiniais, laisvalaikio drabu\u017eiais. Kita kolekcijos dalis \u2013 autoriniai mano darbai, skirti tiek kasdienai, tiek vakarui \u2013 yra mano k\u016brybin\u0117s paie\u0161kos. Matydama \u0161iuos du polius, galvojau, kokia gal\u0117t\u0173 b\u016bti jungiamoji grandis? Pama\u010diau, jog kolekcijoje itin platus drabu\u017ei\u0173 asortimentas \u2013 nuo miego drabu\u017ei\u0173 iki laisvalaikio ir vakarini\u0173. Jie atspindi vis\u0105 \u017emogaus dienos cikl\u0105 \u2013 nuo ryto iki vakaro. Tuomet ir gim\u0117 mintis, kad kolekcijos id\u0117ja gal\u0117t\u0173 b\u016bti \u201eMano diena\u201c, o a\u0161 \u2013 vis\u0173 \u0161i\u0173 drabu\u017ei\u0173 jungiamoji grandis. Viena vertus, esu j\u0173 autor\u0117, kita vertus \u2013 visi siluetai ir modeliai yra tai, k\u0105 pati mielai d\u0117v\u0117\u010diau\u201c, \u2013 pasakoja dizainer\u0117.<\/p>\n<p>Svarbi \u0161ios kolekcijos dalis \u2013 drugelio motyvas ir ra\u0161tai i\u0161 drugeli\u0173, jau tap\u0119 neatsiejama A. Kuzmickait\u0117s k\u016brybos dalimi. Jie atsikartoja daugelyje modeli\u0173. Ant podiumo vyravo \u0161velnios, subtilios spalvos bei j\u0173 deriniai. Autoriniai darbai buvo monochrominiai \u2013 juodos ir baltos spalv\u0173, o bendrai su \u201eUtenos trikota\u017eu\u201c sukurta dalis \u2013 spalvingesn\u0117: dominuoja jau dizainer\u0117s vizitine kortele tap\u0119s nude ir juodos derinys bei \u0161velniai ro\u017einiai tonai.<\/p>\n<p>Dizainer\u0117 t\u0119sia ir kit\u0105 k\u016brybin\u0119 krypt\u012f \u2013 darbus su juostomis.<br \/>\u201eJeigu pernai dirbau su tautin\u0117mis juostomis, taip pat k\u016briau juostas i\u0161 perdirbt\u0173 ir pad\u0117v\u0117t\u0173 drabu\u017ei\u0173, tai \u0161\u012fkart nusprend\u017eiau panaudoti likusias savo kurtas juosteles ir paeksperimentuoti. Man patinka dirbti su juostomis, kurti i\u0161 j\u0173 konstrukcijas \u2013 jos labai organi\u0161kai \u012fsilieja \u012f \u201eMano dienos\u201c tem\u0105\u201c, \u2013 pasakoja k\u016br\u0117ja.<\/p>\n<p>A. Kuzmickait\u0117 priduria, kad kolekcija gim\u0117 eksperimentuojant su jai artimais elementais, j\u0173 konstrukcijomis ir estetika. Paraleliai ji ie\u0161kojo b\u016bd\u0173, kaip visus \u0161iuos aspektus sujungti \u012f vientis\u0105 visum\u0105. \u201eTai lyg bendras k\u016brybinis procesas \u2013 n\u0117ra vienos atskiros id\u0117jos, viskas susij\u0119\u201c, \u2013 sako dizainer\u0117.<\/p>\n<p>Anot jos, kolekcija skirta pla\u010diai auditorijai \u2013 tiek jaunimui, tiek vyresniems. \u201ePolo mar\u0161kin\u0117liai, suknel\u0117s, miego ir kiti drabu\u017eiai tinka ir paaugliams, ir brandesnio am\u017eiaus \u017emon\u0117ms. D\u017eiaugiuosi, kad \u0161ioje kolekcijoje kiekvienas gali atrasti tai, kas jam artima\u201c, \u2013 dalijosi A. Kuzmickait\u0117.<\/p>\n","protected":false},"excerpt":{"rendered":"A. Kuzmickait\u0117 pasakoja, kad jau ketvirt\u0105 kart\u0105 bendradarbiauja su \u201eUtenos trikota\u017eu\u201c, o \u0161i kolaboracija tapo reik\u0161minga naujosios kolekcijos&hellip;\n","protected":false},"author":2,"featured_media":25573,"comment_status":"","ping_status":"","sticky":false,"template":"","format":"standard","meta":{"footnotes":""},"categories":[21],"tags":[113,37,39,36,38,40,114],"class_list":{"0":"post-25572","1":"post","2":"type-post","3":"status-publish","4":"format-standard","5":"has-post-thumbnail","7":"category-pramogos","8":"tag-entertainment","9":"tag-lietuva","10":"tag-lietuviu","11":"tag-lithuania","12":"tag-lithuanian","13":"tag-lt","14":"tag-pramogos"},"share_on_mastodon":{"url":"https:\/\/pubeurope.com\/@lt\/115439221009048255","error":""},"_links":{"self":[{"href":"https:\/\/www.europesays.com\/lt\/wp-json\/wp\/v2\/posts\/25572","targetHints":{"allow":["GET"]}}],"collection":[{"href":"https:\/\/www.europesays.com\/lt\/wp-json\/wp\/v2\/posts"}],"about":[{"href":"https:\/\/www.europesays.com\/lt\/wp-json\/wp\/v2\/types\/post"}],"author":[{"embeddable":true,"href":"https:\/\/www.europesays.com\/lt\/wp-json\/wp\/v2\/users\/2"}],"replies":[{"embeddable":true,"href":"https:\/\/www.europesays.com\/lt\/wp-json\/wp\/v2\/comments?post=25572"}],"version-history":[{"count":0,"href":"https:\/\/www.europesays.com\/lt\/wp-json\/wp\/v2\/posts\/25572\/revisions"}],"wp:featuredmedia":[{"embeddable":true,"href":"https:\/\/www.europesays.com\/lt\/wp-json\/wp\/v2\/media\/25573"}],"wp:attachment":[{"href":"https:\/\/www.europesays.com\/lt\/wp-json\/wp\/v2\/media?parent=25572"}],"wp:term":[{"taxonomy":"category","embeddable":true,"href":"https:\/\/www.europesays.com\/lt\/wp-json\/wp\/v2\/categories?post=25572"},{"taxonomy":"post_tag","embeddable":true,"href":"https:\/\/www.europesays.com\/lt\/wp-json\/wp\/v2\/tags?post=25572"}],"curies":[{"name":"wp","href":"https:\/\/api.w.org\/{rel}","templated":true}]}}