{"id":25584,"date":"2025-10-26T07:26:24","date_gmt":"2025-10-26T07:26:24","guid":{"rendered":"https:\/\/www.europesays.com\/lt\/25584\/"},"modified":"2025-10-26T07:26:24","modified_gmt":"2025-10-26T07:26:24","slug":"avarija-moletu-rajone-girtas-vyras-neprisipazino-ivaziaves-i-medi","status":"publish","type":"post","link":"https:\/\/www.europesays.com\/lt\/25584\/","title":{"rendered":"Avarija Mol\u0117t\u0173 rajone \u2013 girtas vyras neprisipa\u017eino \u012fva\u017eiav\u0119s \u012f med\u012f"},"content":{"rendered":"<p>Pasak <a rel=\"noopener nofollow\" target=\"_blank\" href=\"https:\/\/www.delfi.lt\/temos\/policija\" tag-id=\"41418589\">policijos<\/a>, prane\u0161imo apie nelaim\u0119 sulaukta 17.39 val., buvo prane\u0161ta, kad kelyje Mol\u0117tai-Joni\u0161kis-Pabrad\u0117, 24-ajame kilometre, automobilis r\u0117\u017e\u0117si \u012f med\u012f. <\/p>\n<p>\u012etariama, kad automobil\u012f \u201e\u0160koda\u201c vairavo girtas, 1997 metais gim\u0119s vyras. Jam nustatytas 1,97 prom. girtumas. Visgi asmuo kalt\u0117s nepripa\u017e\u012fsta. <\/p>\n<p>Anot policijos, avarija \u012fvyko nesuvald\u017eius automobilio. <\/p>\n<p>Vyras po medik\u0173 ap\u017ei\u016bros buvo i\u0161leistas gydytis ambulatori\u0161kai. <\/p>\n<p>Policija prad\u0117jo ikiteismin\u012f tyrim\u0105 d\u0117l transporto priemon\u0117s vairavimo, kai vairuoja neblaivus asmuo. <\/p>\n<p>Tas, kas vairavo motorin\u0119 transporto priemon\u0119, traktori\u0173 ar savaeig\u0119 ma\u0161in\u0105 arba mok\u0117 praktinio vairavimo b\u016bdamas neblaivus, kai jam nustatytas 1,51 ir daugiau promili\u0173 neblaivumas, arba veng\u0117 neblaivumo patikrinimo, kai jam buvo nustatyti neblaivumo po\u017eymiai, arba vartojo alkohol\u012f po eismo \u012fvykio iki jo aplinkybi\u0173 nustatymo ir jam nustatytas 1,51 ir daugiau promili\u0173 neblaivumas, baud\u017eiamas bauda arba are\u0161tu, arba laisv\u0117s at\u0117mimu iki vieneri\u0173 met\u0173.<\/p>\n","protected":false},"excerpt":{"rendered":"Pasak policijos, prane\u0161imo apie nelaim\u0119 sulaukta 17.39 val., buvo prane\u0161ta, kad kelyje Mol\u0117tai-Joni\u0161kis-Pabrad\u0117, 24-ajame kilometre, automobilis r\u0117\u017e\u0117si \u012f&hellip;\n","protected":false},"author":2,"featured_media":25585,"comment_status":"","ping_status":"","sticky":false,"template":"","format":"standard","meta":{"footnotes":""},"categories":[13],"tags":[25,155,30,31,34,35,24,32,33,37,39,36,38,40,23,22,601,28,29,26,27],"class_list":{"0":"post-25584","1":"post","2":"type-post","3":"status-publish","4":"format-standard","5":"has-post-thumbnail","7":"category-lietuva","8":"tag-antrastes","9":"tag-avarija","10":"tag-breaking-news","11":"tag-breakingnews","12":"tag-featured-news","13":"tag-featurednews","14":"tag-headlines","15":"tag-latest-news","16":"tag-latestnews","17":"tag-lietuva","18":"tag-lietuviu","19":"tag-lithuania","20":"tag-lithuanian","21":"tag-lt","22":"tag-naujienos","23":"tag-news","24":"tag-policija","25":"tag-populiariausios-naujienos","26":"tag-populiariausiosnaujienos","27":"tag-top-stories","28":"tag-topstories"},"share_on_mastodon":{"url":"https:\/\/pubeurope.com\/@lt\/115439283907734743","error":""},"_links":{"self":[{"href":"https:\/\/www.europesays.com\/lt\/wp-json\/wp\/v2\/posts\/25584","targetHints":{"allow":["GET"]}}],"collection":[{"href":"https:\/\/www.europesays.com\/lt\/wp-json\/wp\/v2\/posts"}],"about":[{"href":"https:\/\/www.europesays.com\/lt\/wp-json\/wp\/v2\/types\/post"}],"author":[{"embeddable":true,"href":"https:\/\/www.europesays.com\/lt\/wp-json\/wp\/v2\/users\/2"}],"replies":[{"embeddable":true,"href":"https:\/\/www.europesays.com\/lt\/wp-json\/wp\/v2\/comments?post=25584"}],"version-history":[{"count":0,"href":"https:\/\/www.europesays.com\/lt\/wp-json\/wp\/v2\/posts\/25584\/revisions"}],"wp:featuredmedia":[{"embeddable":true,"href":"https:\/\/www.europesays.com\/lt\/wp-json\/wp\/v2\/media\/25585"}],"wp:attachment":[{"href":"https:\/\/www.europesays.com\/lt\/wp-json\/wp\/v2\/media?parent=25584"}],"wp:term":[{"taxonomy":"category","embeddable":true,"href":"https:\/\/www.europesays.com\/lt\/wp-json\/wp\/v2\/categories?post=25584"},{"taxonomy":"post_tag","embeddable":true,"href":"https:\/\/www.europesays.com\/lt\/wp-json\/wp\/v2\/tags?post=25584"}],"curies":[{"name":"wp","href":"https:\/\/api.w.org\/{rel}","templated":true}]}}