{"id":256356,"date":"2026-08-18T09:22:13","date_gmt":"2026-08-18T09:22:13","guid":{"rendered":"https:\/\/www.europesays.com\/lt\/256356\/"},"modified":"2026-08-18T09:22:13","modified_gmt":"2026-08-18T09:22:13","slug":"slaptose-statybose-nemuno-saloje-netiketai-atsirado-ir-kauno-svara-dar-papildyta","status":"publish","type":"post","link":"https:\/\/www.europesays.com\/lt\/256356\/","title":{"rendered":"Slaptose statybose Nemuno saloje netik\u0117tai atsirado ir \u201eKauno \u0161vara\u201c (dar papildyta)"},"content":{"rendered":"<p>Toliau be statybos leidim\u0173 vykstant statyboms Nemuno saloje, \u201eKas vyksta Kaune\u201c galiausiai rado vie\u0161ojo pirkimo sutart\u012f, pagal kuri\u0105 vykdomi p\u0117s\u010di\u0173j\u0173 tak\u0173 konstrukcij\u0173 \u012frengimo darbai. \u012edomu tai, jog \u0161i\u0105 sutart\u012f pasira\u0161\u0117 visai ne savivaldyb\u0117, o savivaldybei pavaldi bendrov\u0117 UAB \u201eKauno \u0161vara\u201c, nors statybviet\u0117je esan\u010diame stende skelbiama prie\u0161ingai. Pa\u017eym\u0117tina, kad sutart\u012f \u201eKas vyksta Kaune\u201c aptiko atsitiktinai, nes savivaldyb\u0117 jau beveik m\u0117nes\u012f neatsako \u012f kylan\u010dius klausimus.<\/p>\n<p>Centrin\u0117s vie\u0161\u0173j\u0173 pirkim\u0173 informacin\u0117s sistemos (CVP IS) duomenimis, sutartis tarp savivaldybei pavald\u017eios bendrov\u0117s UAB \u201eKauno \u0161vara\u201d ir tiek\u0117jos UAB \u201eAutokausta\u201c d\u0117l tak\u0173 dang\u0173 konstrukcij\u0173 \u012frengimo darb\u0173 buvo pasira\u0161yta liepos 28 d. Sutarties vert\u0117 \u2013 17 370,45 Eur su PVM.<\/p>\n<p>Sutartyje nurodoma, jog darbai bus vykdomi K. Mindaugo pr., o \u201eAutokausta\u201d pasi\u016blymo \u017einiara\u0161tyje nurodomi perkami darbai \u2013 perkamas kelio nu\u017eym\u0117jimas, grunto lyginimas, sm\u0117lio ir \u017evyro pagrindas, dolomito skalda, geotekstil\u0117, gazon\u0173 s\u0117jimas ir lietas \u0161ukuotas 18 cm storio betonas, kurio perkami lygiai 134 kv. m<\/p>\n<p>\u0160is 134 kv. m. skai\u010dius buvo minimas ir anks\u010diau \u2013 rugpj\u016b\u010dio 11 d. administracijos direktorius Tadas Metelionis pasira\u0161\u0117 \u012fsakym\u0105, kuriuo patvirtinamas supaprastintas p\u0117s\u010di\u0173j\u0173 tak\u0173 projektas \u2013 projekte numatomi du statiniai po 60 ir 74 kv. m., taigi bendras plotas siekia 134 kv. m. Savivaldyb\u0117 projekt\u0105 \u012f du statinius veikiausiai i\u0161skaid\u0117 tod\u0117l, jog anks\u010diau Valstybin\u0117 teritorij\u0173 planavimo ir statybos inspekcija (VTPSI) yra paai\u0161kinusi, jog I grup\u0117s nesud\u0117tingiems statiniams statyb\u0173 leidimas n\u0117ra reikalingas, jei statyb\u0173 plotas siekia iki 100 kv. m.<\/p>\n<p>Nors \u201eKas vyksta Kaune\u201c u\u017efiksuotose nuotraukose matoma, jog anks\u010diau \u201eAutokausta\u201c darbininkai gr\u0119\u017e\u0117 ir betonavo ma\u017edaug 15 metr\u0173 gylio polius, tarp \u201eKauno \u0161vara\u201c ir \u201eAutokausta\u201c pasira\u0161ytos sutarties dokumente nerasime n\u0117 \u017eod\u017eio apie polius, gr\u0119\u017eim\u0105, rostverkus, armat\u016br\u0105 ar pamat\u0173 beton\u0105.<\/p>\n<p><img decoding=\"async\" width=\"720\" height=\"405\" loading=\"lazy\" src=\"https:\/\/www.europesays.com\/lt\/wp-content\/uploads\/2026\/08\/1787044933_701_rkz08454-6a71e4c0b0b95.JPG@webp.webp\" class=\"w-auto h-auto\" alt=\"RKZ08454\"\/><\/p>\n<p>Ap\u017evalgos rato vietos statybos Nemuno saloje \/ R. Tenio nuotr.<\/p>\n<p>\u0160i sutartis dengia tik vir\u0161utin\u012f dangos sluoksn\u012f, tad lieka neai\u0161ku, pagal koki\u0105 sutart\u012f ir kokius dokumentus buvo vykdomi pamat\u0173 tvarkymo darbai, truk\u0119 ma\u017edaug tris savaites.<\/p>\n<p>Statybviet\u0117je esan\u010diame informaciniame stende nurodoma, jog kitos paskirties (kit\u0173 in\u017einerini\u0173 statini\u0173 grup\u0117s) p\u0117s\u010di\u0173j\u0173 tak\u0173 statybos projekt\u0105 Kauno miesto savivaldyb\u0117s administracijos u\u017esakymu atlieka \u201eAutokausta\u201d, ta\u010diau \u0161i sutartis iki \u0161iol n\u0117ra \u012fkelta, o vir\u0161utin\u0117s dangos konstrukcijos darbus \u012fsigijo ne visai savivaldyb\u0117, kaip buvo nurodoma, o \u201eKauno \u0161vara\u201d.<\/p>\n<p>I\u0161analizavus dokumentus, taip pat kyla klausim\u0173, ar \u0161i sutartis nebuvo \u012fkelta atgaline tvarka. CVP IS duomenimis, sutartis pasira\u0161yta liepos 28 d. \u2013 t\u0105 pa\u010di\u0105 dien\u0105, kaip ir buvo prad\u0117tos statybos Nemuno saloje, be to, pagal sutart\u012f, rangovas \u012fsipareigojo statybos darbus prad\u0117ti ne v\u0117liau kaip per 3 dienas nuo sutarties pasira\u0161ymo.<\/p>\n<p>CVP IS duomenimis, sutartis buvo \u012fkelta rugpj\u016b\u010dio 10 d., ta\u010diau sutartis buvo pasira\u0161yta fiziniais para\u0161ais, joki\u0173 metaduomen\u0173 sutarties faile n\u0117ra, tad neai\u0161ku, kada i\u0161 ties\u0173 buvo pasira\u0161yta \u0161i sutartis.<\/p>\n<p>\u201eKas vyksta Kaune\u201d kreip\u0117si \u012f Kauno miesto savivaldyb\u0119 ir savivaldybei pavald\u017ei\u0105 \u012fmon\u0119 UAB \u201eKauno \u0161vara\u201d \u2013 teiravom\u0117s, kod\u0117l darbus u\u017esak\u0117 \u201eKauno \u0161vara\u201d. Sulaukus atsakym\u0173, publikacij\u0105 papildysime.<\/p>\n<p>Papildyta rugpj\u016b\u010dio 18 d., 10:54:<\/p>\n<p>\u201eKauno \u0161vara\u201d antradien\u012f pasidalino atsakymu \u012f portalo klausimus ir patvirtino, jog pasira\u0161yta sutartis yra susijusi su atliekamais darbais Nemuno saloje, o rangov\u0117 \u201eAutokausta\u201d es\u0105 pasitelkta, nes \u201eKauno \u0161vara\u201d pati \u012fgyvendinti vis\u0173 darb\u0173 negali.<\/p>\n<p>\u201eRuo\u0161iantis Karaliaus Mindaugo prospekte atlikti tak\u0173 dang\u0173 konstrukcij\u0173 \u012frengimo darbus, buvo \u012fvertintos darb\u0173 apimtys ir UAB \u201eKauno \u0161vara\u201c turimi paj\u0117gumai, d\u0117l kit\u0173 vykdom\u0173 projekt\u0173. \u012evertinus \u0161ias aplinkybes nustatyta, kad dalies darb\u0173 UAB \u201eKauno \u0161vara\u201c savo paj\u0117gumais atlikti negal\u0117s, tod\u0117l siekiant u\u017etikrinti savalaik\u012f darb\u0173 atlikim\u0105 ir tinkam\u0105 projekto \u012fgyvendinim\u0105, buvo nuspr\u0119sta daliai darb\u0173 pasitelkti kit\u0105 rangov\u0105 ir organizuoti atskir\u0105 ma\u017eos vert\u0117s pirkim\u0105. 2026 m. liepos 28 d. UAB \u201eKauno \u0161vara\u201c su UAB \u201eAutokausta\u201c sudar\u0117 sutart\u012f d\u0117l tak\u0173 dang\u0173 konstrukcij\u0173 \u012frengimo darb\u0173 Karaliaus Mindaugo prospekte. \u0160ie darbai yra susij\u0119 su Nemuno saloje vykdomais darbais, kuri\u0173 metu \u012frengiami p\u0117s\u010di\u0173j\u0173 takai. Pirkimas vykdytas laikantis vie\u0161uosius pirkimus reglamentuojan\u010di\u0173 teis\u0117s akt\u0173 reikalavim\u0173\u201c, \u2013 teig\u0117 \u201eKauno \u0161vara\u201d.<\/p>\n<p>Papildyta 11:37:<\/p>\n<p>Kauno savivaldyb\u0117s Statybos valdymo skyriaus vyr. specialistas Darius \u010c\u0117sna portalui teig\u0117, jog UAB \u201eKauno \u0161vara\u201c pirkim\u0105 vykd\u0117 gavusi savivaldyb\u0117s administracijos pavedim\u0105 pagal 2024 m. sausio 25 d. sutart\u012f. Nors statybviet\u0117s informaciniame stende u\u017esakove nurodyta Kauno miesto savivaldyb\u0117s administracija, taip yra tod\u0117l, kad ji inicijavo projekt\u0105 ir paved\u0117 atlikti darbus. Savivaldyb\u0117 pabr\u0117\u017eia, kad kalbama ne apie du skirtingus projektus ar pirkimus, o apie t\u0105 pat\u012f projekt\u0105.<\/p>\n<p>Be leidim\u0173 statomi p\u0117s\u010di\u0173j\u0173 takai, ta\u010diau gal\u0117t\u0173 i\u0161kilti ir ratas<\/p>\n<p>Liepos 28 d. Nemuno saloje, prie \u201eMokslo salos\u201c, prad\u0117ti statyb\u0173 darbai \u2013 aptverta teritorija, dirbo sunkioji technika, buvo gr\u0119\u017eiami apie 15 metr\u0173 gylio poliai ir liejamas betoninis pagrindas. \u201eKas vyksta Kaune\u201c skelb\u0117, kad vietoje ruo\u0161iama konstrukcija, kuri, darbinink\u0173 teigimu, skirta ap\u017evalgos ratui. Savivaldyb\u0117 oficialiai nepatvirtino, kad ratas stov\u0117s b\u016btent ten. Ji ai\u0161kino, kad ruo\u0161iama universali aik\u0161tel\u0117 \u012fvairiems mobiliems atrakcionams, o <a href=\"https:\/\/kaunas.kasvyksta.lt\/apzvalgos-ratas\" title=\"Ap\u017evalgos ratas\" rel=\"nofollow noopener\" target=\"_blank\">ap\u017evalgos ratas<\/a> b\u016bt\u0173 tik viena i\u0161 galim\u0173 konstrukcij\u0173. Oficialiai \u010dia statomi p\u0117s\u010di\u0173j\u0173 takai \u2013 savivaldyb\u0117 su bendrove UAB \u201eURBAN LINE\u201c gegu\u017e\u0117s 13 dien\u0105 pasira\u0161\u0117 34,2 t\u016bkst. Eur vert\u0117s projektavimo sutart\u012f, kurios pavadinime \u012fra\u0161yta \u201eP\u0117s\u010di\u0173j\u0173 takai Nemuno saloje\u201c, o u\u017eduoties failas nuora\u0161o metaduomenyse pavadintas \u201eTU p\u0117s\u010di\u0173j\u0173 takas ap\u017evalgos ratui\u201c.<\/p>\n<p>Did\u017eiausi\u0105 klausim\u0105 suk\u0117l\u0117 tai, kad Kauno \u012fsigytas 45 metr\u0173 ap\u017evalgos ratas pagal vie\u0161ojo pirkimo dokumentus yra mobilus \u012frenginys, tod\u0117l neai\u0161ku, kod\u0117l jam reikalingi giluminiai poliai ir masyvus betoninis pagrindas.<\/p>\n<p>Statyb\u0173 inspekcija portalui nurod\u0117, kad sistemoje \u201eInfostatyba\u201c \u0161iam objektui statyb\u0105 leid\u017eiantis dokumentas n\u0117ra i\u0161duotas. Savivaldyb\u0117 atsak\u0117, kad leidimo nereikia, nes darbai es\u0105 priskiriami nesud\u0117tingam statiniui. V\u0117liau inspekcija atliko patikrinim\u0105 statybviet\u0117je ir prane\u0161\u0117, kad fiksuoja faktines aplinkybes bei rengia tolesnius veiksmus.<\/p>\n<p>Nors statybos vyksta beveik m\u0117nes\u012f, savivaldyb\u0117 vis dar nesidalina svarbiausiais dokumentais \u2013 techniniu projektu ir rangos sutartimi, \u012f visus portalo i\u0161si\u0173stus klausimus dar n\u0117ra atsakiusi. Vie\u0161\u0173j\u0173 pirkim\u0173 sistemoje iki \u0161iol n\u0117ra patalpinta ir rangos darb\u0173 sutartis, nors darbai jau beveik atlikti.<\/p>\n<p>Sunerimo ir Kauno architektai<\/p>\n<p>Situacija Nemuno saloje suk\u0117l\u0117 reakcij\u0105 ir profesin\u0117je bendruomen\u0117je. Ketvirtadien\u012f Lietuvos architekt\u0173 s\u0105jungos Kauno skyrius su\u0161auk\u0117 valdybos susirinkim\u0105 statyboms aptarti \u2013 kvorumas nesusirinko, nes dalis architekt\u0173 atostogauja, tad valdybos narius nuspr\u0119sta apklausti el. pa\u0161tu, ta\u010diau dalyvavusi\u0173j\u0173 nuotaika, skyriaus pirmininko Nerijaus Stanionio teigimu, buvo viena. \u201eKiek dalyvavo \u017emoni\u0173 \u2013 visi vienareik\u0161mi\u0161kai nusteb\u0119 procesu. Kas turb\u016bt keis\u010diausia \u2013 i\u0161laikoma keista paslaptis, kas gi \u010dia daroma. Neb\u016btinai architektai pasakyt\u0173, kad blogai statoma \u2013 keis\u010diausia, kad yra slepiama ne tik nuo architekt\u0173, bet ir visos visuomen\u0117s, kad vyksta procesas. Toki\u0105 nuotaik\u0105 i\u0161sak\u0117 visi\u201c, \u2013 portalui sak\u0117 N. Stanionis.<\/p>\n<p>Ekspertinio vertinimo, pasak jo, architektai pateikti negali d\u0117l tos pa\u010dios prie\u017easties, d\u0117l kurios jo negali pateikti niekas. \u201eSvarstyti ir pasakyti, ar tai gera vieta, ar geras projektas, architektai nedr\u012fsta nemat\u0119 projekto. Kritikavimas nema\u010dius projekto gali b\u016bti labai klaidingas\u201c, \u2013 paai\u0161kino architektas.<\/p>\n<p>N. Stanionis primin\u0117, kad svarbesniems miesto objektams aptarti Kaune veikia Regionin\u0117 architekt\u0173 taryba ir Architekt\u016bros ir urbanistikos ekspert\u0173 taryba, \u012f kurias gali kreiptis ir savivaldyb\u0117, ir vyriausiasis architektas.<\/p>\n<p>\u201e\u0160is objektas teisi\u0161kai yra su tokiu klaustuku \u2013 turime sprendim\u0173, kuriuose \u012fvardyta, kad visuomenei reik\u0161mingus pastatus reikia svarstyti. Jeigu mes pa\u017eod\u017eiui skaitome dokumentus, galime sakyti, kad tai yra \u012frenginys ir papildomas svarstymas n\u0117ra privalomas. Be abejo \u2013 toks objektas savo dyd\u017eiu ir mase darys \u012ftak\u0105 ir bus puikiai matomas\u201c, \u2013 kalb\u0117jo skyriaus pirmininkas.<\/p>\n<p>Pa\u017eym\u0117tina, kad miesto vyriausiojo architekto pareigas \u0161iuo metu eina administracijos direktoriaus pavaduotojas Gedeminas Bar\u010dauskas \u2013 tas pats, kurio para\u0161u gegu\u017e\u0117s 13 dien\u0105 sudaryta tak\u0173 projektavimo sutartis.<\/p>\n","protected":false},"excerpt":{"rendered":"Toliau be statybos leidim\u0173 vykstant statyboms Nemuno saloje, \u201eKas vyksta Kaune\u201c galiausiai rado vie\u0161ojo pirkimo sutart\u012f, pagal kuri\u0105&hellip;\n","protected":false},"author":2,"featured_media":256357,"comment_status":"","ping_status":"","sticky":false,"template":"","format":"standard","meta":{"footnotes":"","_share_on_mastodon":"0"},"categories":[13],"tags":[25,26160,30,31,34,35,24,1061,20369,32,33,37,39,36,38,40,23,8070,22,28,29,19966,2822,26,27],"class_list":["post-256356","post","type-post","status-publish","format-standard","has-post-thumbnail","category-lietuva","tag-antrastes","tag-apzvalgos-ratas","tag-breaking-news","tag-breakingnews","tag-featured-news","tag-featurednews","tag-headlines","tag-kaunas","tag-kauno-svara","tag-latest-news","tag-latestnews","tag-lietuva","tag-lietuviu","tag-lithuania","tag-lithuanian","tag-lt","tag-naujienos","tag-nemuno-sala","tag-news","tag-populiariausios-naujienos","tag-populiariausiosnaujienos","tag-rekomenduojame","tag-statybos","tag-top-stories","tag-topstories"],"share_on_mastodon":{"url":"https:\/\/pubeurope.com\/@lt\/117115784626004645","error":""},"_links":{"self":[{"href":"https:\/\/www.europesays.com\/lt\/wp-json\/wp\/v2\/posts\/256356","targetHints":{"allow":["GET"]}}],"collection":[{"href":"https:\/\/www.europesays.com\/lt\/wp-json\/wp\/v2\/posts"}],"about":[{"href":"https:\/\/www.europesays.com\/lt\/wp-json\/wp\/v2\/types\/post"}],"author":[{"embeddable":true,"href":"https:\/\/www.europesays.com\/lt\/wp-json\/wp\/v2\/users\/2"}],"replies":[{"embeddable":true,"href":"https:\/\/www.europesays.com\/lt\/wp-json\/wp\/v2\/comments?post=256356"}],"version-history":[{"count":0,"href":"https:\/\/www.europesays.com\/lt\/wp-json\/wp\/v2\/posts\/256356\/revisions"}],"wp:featuredmedia":[{"embeddable":true,"href":"https:\/\/www.europesays.com\/lt\/wp-json\/wp\/v2\/media\/256357"}],"wp:attachment":[{"href":"https:\/\/www.europesays.com\/lt\/wp-json\/wp\/v2\/media?parent=256356"}],"wp:term":[{"taxonomy":"category","embeddable":true,"href":"https:\/\/www.europesays.com\/lt\/wp-json\/wp\/v2\/categories?post=256356"},{"taxonomy":"post_tag","embeddable":true,"href":"https:\/\/www.europesays.com\/lt\/wp-json\/wp\/v2\/tags?post=256356"}],"curies":[{"name":"wp","href":"https:\/\/api.w.org\/{rel}","templated":true}]}}