{"id":25649,"date":"2025-10-26T09:21:23","date_gmt":"2025-10-26T09:21:23","guid":{"rendered":"https:\/\/www.europesays.com\/lt\/25649\/"},"modified":"2025-10-26T09:21:23","modified_gmt":"2025-10-26T09:21:23","slug":"sakiu-rajone-susidure-du-automobiliai-moteriai-prireike-mediku","status":"publish","type":"post","link":"https:\/\/www.europesays.com\/lt\/25649\/","title":{"rendered":"\u0160aki\u0173 rajone susid\u016br\u0117 du automobiliai, moteriai prireik\u0117 medik\u0173"},"content":{"rendered":"<p>Pareig\u016bnai \u012f \u012fvykio viet\u0105 Baltru\u0161i\u0173 kaime i\u0161skub\u0117jo apie 10 val. 08 min., gav\u0119 prane\u0161im\u0105, kad \u010dia susid\u016br\u0117 du automobiliai. <\/p>\n<p>Anot policijos prane\u0161imo, susid\u016br\u0117 \u201eVolkswagen Polo\u201c, kur\u012f vairavo 1940 metais gimusi moteris ir automobilis \u201eToyota Auris\u201c, kur\u012f vairavo blaivi moteris. <\/p>\n<p>Eismo \u012fvykio metu nukent\u0117jo \u201eVolkswagen Polo\u201c vairuotoja, kuri pristatyta \u012f Marijampol\u0117s ligonin\u0117s Pri\u0117mimo ir skubios pagalbos skyri\u0173. <\/p>\n<p>Avarijoje Panev\u0117\u017eyje nukent\u0117jo \u017emogus<\/p>\n<p>Kita avarija ketvirtadien\u012f \u012fvyko Panev\u0117\u017eyje. <\/p>\n<p>Pasak policijos, prane\u0161imo apie nelaim\u0119 sulaukta kelios minut\u0117s po vidurnak\u010dio. <\/p>\n<p>Prane\u0161ta, kad Vakarin\u0117s ir Klaip\u0117dos gatvi\u0173 sankry\u017eoje 2007 metais gim\u0119s vyras, vairuodamas lengv\u0105j\u012f automobil\u012f \u201eAudi A4\u201c, sukdamas \u012f kair\u0119 pus\u0119, nepraleido tiesiai pagrindiniu keliu automobiliu \u201eVolkswagen Golf\u201c va\u017eiavusio vairuotojo (gim. 1965 m.), ir su juo susid\u016br\u0117. <\/p>\n<p>Avarijos metu buvo su\u017ealotas automobilio \u201eVolkswagen\u201c keleivis, gim\u0119s 1984 metais. <\/p>\n<p>D\u0117l abiej\u0173 \u012fvyki\u0173 policija prad\u0117jo ikiteismin\u012f tyrim\u0105 d\u0117l keli\u0173 transporto eismo saugumo ar transporto priemoni\u0173 eksploatavimo taisykli\u0173 pa\u017eeidimo.<\/p>\n","protected":false},"excerpt":{"rendered":"Pareig\u016bnai \u012f \u012fvykio viet\u0105 Baltru\u0161i\u0173 kaime i\u0161skub\u0117jo apie 10 val. 08 min., gav\u0119 prane\u0161im\u0105, kad \u010dia susid\u016br\u0117 du&hellip;\n","protected":false},"author":2,"featured_media":25650,"comment_status":"","ping_status":"","sticky":false,"template":"","format":"standard","meta":{"footnotes":""},"categories":[13],"tags":[25,155,30,31,34,35,24,32,33,37,39,36,38,40,23,22,601,28,29,7803,26,27],"class_list":{"0":"post-25649","1":"post","2":"type-post","3":"status-publish","4":"format-standard","5":"has-post-thumbnail","7":"category-lietuva","8":"tag-antrastes","9":"tag-avarija","10":"tag-breaking-news","11":"tag-breakingnews","12":"tag-featured-news","13":"tag-featurednews","14":"tag-headlines","15":"tag-latest-news","16":"tag-latestnews","17":"tag-lietuva","18":"tag-lietuviu","19":"tag-lithuania","20":"tag-lithuanian","21":"tag-lt","22":"tag-naujienos","23":"tag-news","24":"tag-policija","25":"tag-populiariausios-naujienos","26":"tag-populiariausiosnaujienos","27":"tag-sakiu-rajonas","28":"tag-top-stories","29":"tag-topstories"},"share_on_mastodon":{"url":"https:\/\/pubeurope.com\/@lt\/115439736241378880","error":""},"_links":{"self":[{"href":"https:\/\/www.europesays.com\/lt\/wp-json\/wp\/v2\/posts\/25649","targetHints":{"allow":["GET"]}}],"collection":[{"href":"https:\/\/www.europesays.com\/lt\/wp-json\/wp\/v2\/posts"}],"about":[{"href":"https:\/\/www.europesays.com\/lt\/wp-json\/wp\/v2\/types\/post"}],"author":[{"embeddable":true,"href":"https:\/\/www.europesays.com\/lt\/wp-json\/wp\/v2\/users\/2"}],"replies":[{"embeddable":true,"href":"https:\/\/www.europesays.com\/lt\/wp-json\/wp\/v2\/comments?post=25649"}],"version-history":[{"count":0,"href":"https:\/\/www.europesays.com\/lt\/wp-json\/wp\/v2\/posts\/25649\/revisions"}],"wp:featuredmedia":[{"embeddable":true,"href":"https:\/\/www.europesays.com\/lt\/wp-json\/wp\/v2\/media\/25650"}],"wp:attachment":[{"href":"https:\/\/www.europesays.com\/lt\/wp-json\/wp\/v2\/media?parent=25649"}],"wp:term":[{"taxonomy":"category","embeddable":true,"href":"https:\/\/www.europesays.com\/lt\/wp-json\/wp\/v2\/categories?post=25649"},{"taxonomy":"post_tag","embeddable":true,"href":"https:\/\/www.europesays.com\/lt\/wp-json\/wp\/v2\/tags?post=25649"}],"curies":[{"name":"wp","href":"https:\/\/api.w.org\/{rel}","templated":true}]}}