{"id":256610,"date":"2026-08-18T14:26:58","date_gmt":"2026-08-18T14:26:58","guid":{"rendered":"https:\/\/www.europesays.com\/lt\/256610\/"},"modified":"2026-08-18T14:26:58","modified_gmt":"2026-08-18T14:26:58","slug":"mokytoju-truksta-bet-vercia-susimoketi-po-8000-euru-respublika-lt","status":"publish","type":"post","link":"https:\/\/www.europesays.com\/lt\/256610\/","title":{"rendered":"Mokytoj\u0173 tr\u016bksta, bet ver\u010dia susimok\u0117ti po 8000 eur\u0173 &#8211; Respublika.lt"},"content":{"rendered":"<p><img loading=\"lazy\" decoding=\"async\" src=\"https:\/\/www.respublika.lt\/lt\/naujienos\/lietuva\/kitos-lietuvos-zinios\/mokytoju-truksta-bet-vercia-susimoketi-po-8000-euru\/images\/ico_camera_white.gif\" class=\"camera\" width=\"22\" height=\"15\" alt=\"nuotr.\" style=\"position:relative; top:-2px; right:2px;\"\/> 2 nuotr.<\/p>\n<p>Jau ne vienerius metus mokyklos tus\u030cte\u0307ja &#8211; daugiausiai de\u0307l maz\u030ce\u0307janc\u030cio mokiniu\u0328 skaic\u030ciaus, tac\u030ciau dabar prie proceso prisideda ir \u201enykstantys\u201c mokytojai. Eltos nuotr.<\/p>\n<p style=\"text-align: justify;\" class=\"desktop_banner\">\u00a0<\/p>\n<p>Ta\u010diau paradoksas: valstyb\u0117s finansuojam\u0173 viet\u0173 t\u0117ra apie 400, o \u012f jas nepatekusiems per dvejus metus u\u017e studijas u\u017e kvalifikacijos keitim\u0105 reikia susimok\u0117ti apie 8 t\u016bkst. eur\u0173!<\/p>\n<p>Vilniaus universiteto Pri\u0117mimo skyriaus vadovas Art\u016bras \u0160altis \u201eVakaro \u017einioms&#8221; pasakojo, kad galimyb\u0119 keisti kvalifikacij\u0105 atsirado prie\u0161 dvejus metus ir profesin\u0117s pedagogikos studijos sulauk\u0117 didelio susidom\u0117jimo, ta\u010diau valstyb\u0117s finansuojam\u0173 viet\u0173 labai tr\u016bksta.<\/p>\n<p>\u201eAnks\u010diau mokytojo kvalifikacij\u0105 b\u016bdavo galima \u012fgyti tik baigus pedagogin\u0119 program\u0105. Dabar \u017emogus gali baigti, tarkime, in\u017einerijos studijas, bet per dvejus metus persikvalifikuoti \u012f pedagogus.<\/p>\n<p>O tiems, kurie yra \u012fgij\u0119, pavyzd\u017eiui, matematikos, fizikos ar chemijos kvalifikacij\u0105 ir nori tapti \u0161ios srities mokytojais, persikvalifikuoti u\u017etenka met\u0173.<\/p>\n<p>Nes pastariesiems nebereikia \u0161io dalyko studij\u0173, reikia baigti tik pedagogikos studijas, o pirmiesiems reikia ir to, ir to &#8211; metai dalyko studij\u0173, metai &#8211; pedagogikos&#8221;, &#8211; paai\u0161kino A.\u0160altis.<\/p>\n<p>Pasak jo, ne bet kas gali persikvalifikuoti \u012f mokytojus, tam yra b\u016btinas auk\u0161tasis i\u0161silavinimas.<\/p>\n<p>Ta\u010diau b\u0117da ta, kad paklausa yra gerokai didesn\u0117 u\u017e pasi\u016bl\u0105: valstyb\u0117s finansuojam\u0173 viet\u0173 yra gerokai ma\u017eiau nei yra norin\u010di\u0173j\u0173 \u012f jas patekti.<\/p>\n<p>O susimok\u0117ti u\u017e dvejus studij\u0173 metus apie 8 t\u016bkst. eur\u0173 gali ne kiekvienas.<\/p>\n<p>Tiesa, pa\u0161nekovas atkreip\u0117 d\u0117mes\u012f, kad kai kurios savivaldyb\u0117s sutinka sumok\u0117ti u\u017e studijas, jei tr\u016bksta tam tikro specialisto, tik pastarasis \u012fsipareigoja tam tikr\u0105 laik\u0105 toje savivaldyb\u0117je atidirbti.<\/p>\n<p>O jei \u012fsipareigojimo nevykdo &#8211; turi gr\u0105\u017einti savivaldyb\u0117s auk\u0161tajai mokyklai sumok\u0117tus pinigus.<\/p>\n<p>\u0160vietimo, mokslo ir sporto ministr\u0117 Raminta Popovien\u0117 LRT sak\u0117, kad valstyb\u0117s finansuojam\u0173 viet\u0173 skai\u010dius nustatomas pagal poreik\u012f.<\/p>\n<p>\u201e\u017dinau, kad norin\u010di\u0173j\u0173 yra apie 600, ta\u010diau tai n\u0117ra pagrindinis pedagogo kvalifikacijos \u012fgijimo kelias. Turime ir bakalauro studijas, kurioms skiriamos prioritetin\u0117s stipendijos, taip pat yra savivaldybi\u0173 parama.<\/p>\n<p>\u017dinoma, \u0161i sritis labai svarbi, ta\u010diau kiekvienais metais vertiname, kiek pedagog\u0173 tr\u016bksta ir kok\u012f poreik\u012f galime finansuoti.<\/p>\n<p>\u0160iais metais skiriama tiek viet\u0173, kiek leid\u017eia galimyb\u0117s, o rengiant kit\u0173 met\u0173 biud\u017eet\u0105 \u0161\u012f klausim\u0105 svarstysime pagal finansines galimybes&#8221;, &#8211; teigia ministr\u0117, pasak kurios, \u0161iemet profesin\u0117ms pedagogikos studijoms skirta 400 valstyb\u0117s finansuojam\u0173 viet\u0173&#8221;, &#8211; teig\u0117 ministr\u0117.<\/p>\n<p>\u012edomu tai, kad kai kur valstyb\u0117s finansuojam\u0173 viet\u0173 netgi yra daugiau nei yra norin\u010di\u0173j\u0173 jas u\u017eimti.<\/p>\n<p>Pavyzd\u017eiui, po pirmojo pri\u0117mimo etapo universitetuose liko apie 170-180 valstyb\u0117s finansuojam\u0173 IT studij\u0173 viet\u0173, o \u012fskai\u010diavus kolegijas &#8211; dar daugiau.<\/p>\n<p>A.\u0160altis nesupranta, kod\u0117l ministerija finansuojam\u0173 viet\u0173 neperkelia \u012f kitas sritis, kur specialist\u0173 tr\u016bksta.<\/p>\n<p>\u201ePavyzd\u017eiui, per vis\u0105 Lietuv\u0105 u\u017e valstyb\u0117s pinigus paruo\u0161iama vos apie 200 fizikos specialist\u0173. \u012esivaizduokite: visam lazeriniam sektoriui ir dar \u0161is kiekis turi kompensuoti pedagog\u0173 tr\u016bkum\u0105. Nerealu. Valstyb\u0117s planavime reikia lankstumo. Racionalumui tikrai dar yra vietos&#8221;, &#8211; konstatavo A.\u0160altis.<\/p>\n<p>Seimo \u0160vietimo ir mokslo komiteto pirminink\u0117 Jurgita \u0160ukevi\u010dien\u0117 u\u017etikrino, kad ministerija kasmet analizuoja, koks yra tam tikro dalyko mokytoj\u0173 poreikis.<\/p>\n<p>\u201eTame did\u017eiul\u012f vaidmen\u012f atlieka savivaldyb\u0117s, kurios \u017eino, kiek, pavyzd\u017eiui, tam tikro dalyko mokytoj\u0173 artimiausiu metu gali i\u0161eiti \u012f u\u017etarnaut\u0105 poils\u012f ir juos reik\u0117s pakeisti.<\/p>\n<p>Sugalvota ir persikvalifikavimo galimyb\u0117, kad pedagog\u0173 tr\u016bkumas b\u016bt\u0173 ma\u017einamas. Kad kai kam u\u017e tai reikia susimok\u0117ti, matyt, yra normalu. Valstyb\u0117s galimyb\u0117s n\u0117ra berib\u0117s&#8221;, &#8211; kalb\u0117jo J.\u0160ukevi\u010dien\u0117.<\/p>\n<p>Ta\u010diau, pasak jos, savivaldyb\u0117s ie\u0161ko \u012fvairiausi\u0173 i\u0161ei\u010di\u0173, pavyzd\u017eiui, sostin\u0117 pedagogais \u012fdarbina netgi pirmakursius pedagogikos studentus, Alytus pedagogams suteikia galimyb\u0119 dirbti nuotoliniu b\u016bdu (klas\u0117je s\u0117di ir vaikus pri\u017ei\u016bri mokytojo pad\u0117j\u0117jas, o pedagogas d\u0117sto net i\u0161 kitos savivaldyb\u0117s).<\/p>\n","protected":false},"excerpt":{"rendered":"2 nuotr. Jau ne vienerius metus mokyklos tus\u030cte\u0307ja &#8211; daugiausiai de\u0307l maz\u030ce\u0307janc\u030cio mokiniu\u0328 skaic\u030ciaus, tac\u030ciau dabar prie proceso&hellip;\n","protected":false},"author":2,"featured_media":256611,"comment_status":"","ping_status":"","sticky":false,"template":"","format":"standard","meta":{"footnotes":"","_share_on_mastodon":"0"},"categories":[13],"tags":[25,30,31,34,35,24,12094,32,33,37,39,36,38,40,3938,23,22,25087,1666,28,29,3026,129,26,27,4969],"class_list":["post-256610","post","type-post","status-publish","format-standard","has-post-thumbnail","category-lietuva","tag-antrastes","tag-breaking-news","tag-breakingnews","tag-featured-news","tag-featurednews","tag-headlines","tag-kvalifikacija","tag-latest-news","tag-latestnews","tag-lietuva","tag-lietuviu","tag-lithuania","tag-lithuanian","tag-lt","tag-mokytojai","tag-naujienos","tag-news","tag-pedagogika","tag-pinigai","tag-populiariausios-naujienos","tag-populiariausiosnaujienos","tag-studijos","tag-svietimas","tag-top-stories","tag-topstories","tag-trukumas"],"share_on_mastodon":{"url":"https:\/\/pubeurope.com\/@lt\/117116983859213148","error":""},"_links":{"self":[{"href":"https:\/\/www.europesays.com\/lt\/wp-json\/wp\/v2\/posts\/256610","targetHints":{"allow":["GET"]}}],"collection":[{"href":"https:\/\/www.europesays.com\/lt\/wp-json\/wp\/v2\/posts"}],"about":[{"href":"https:\/\/www.europesays.com\/lt\/wp-json\/wp\/v2\/types\/post"}],"author":[{"embeddable":true,"href":"https:\/\/www.europesays.com\/lt\/wp-json\/wp\/v2\/users\/2"}],"replies":[{"embeddable":true,"href":"https:\/\/www.europesays.com\/lt\/wp-json\/wp\/v2\/comments?post=256610"}],"version-history":[{"count":0,"href":"https:\/\/www.europesays.com\/lt\/wp-json\/wp\/v2\/posts\/256610\/revisions"}],"wp:featuredmedia":[{"embeddable":true,"href":"https:\/\/www.europesays.com\/lt\/wp-json\/wp\/v2\/media\/256611"}],"wp:attachment":[{"href":"https:\/\/www.europesays.com\/lt\/wp-json\/wp\/v2\/media?parent=256610"}],"wp:term":[{"taxonomy":"category","embeddable":true,"href":"https:\/\/www.europesays.com\/lt\/wp-json\/wp\/v2\/categories?post=256610"},{"taxonomy":"post_tag","embeddable":true,"href":"https:\/\/www.europesays.com\/lt\/wp-json\/wp\/v2\/tags?post=256610"}],"curies":[{"name":"wp","href":"https:\/\/api.w.org\/{rel}","templated":true}]}}