{"id":256622,"date":"2026-08-18T14:43:36","date_gmt":"2026-08-18T14:43:36","guid":{"rendered":"https:\/\/www.europesays.com\/lt\/256622\/"},"modified":"2026-08-18T14:43:36","modified_gmt":"2026-08-18T14:43:36","slug":"uzsienyje-sukeltos-avarijos-pasekmes-pasivijo-lietuvoje-teismas-priteise-beveik-140-tukst-euru","status":"publish","type":"post","link":"https:\/\/www.europesays.com\/lt\/256622\/","title":{"rendered":"U\u017esienyje sukeltos avarijos pasekm\u0117s pasivijo Lietuvoje: teismas priteis\u0117 beveik 140 t\u016bkst. eur\u0173"},"content":{"rendered":"<p>Eismo \u012fvykio, kuris \u012fvyko Vokietijoje, finansines pasekmes \u2013 \u017ealos atlyginim\u0105 \u2013 prisiimti privalo tiek vairuotojas, tiek jam patik\u0117to automobilio savininkas. Teismo sprendimu i\u0161 dviej\u0173 atsakov\u0173 solidariai priteista 139 424,86 Eur draudimo i\u0161moka, 5 procent\u0173 metin\u0117s pal\u016bkanos bei bylin\u0117jimosi i\u0161laidos.<\/p>\n<p>\u0160i suma bus i\u0161ie\u0161kota i\u0161 automobilio vairuotojo, suk\u0117lusio eismo \u012fvyk\u012f, ir transporto priemon\u0117s savininko, ne\u012fvykd\u017eiusio pareigos apdrausti automobil\u012f privalomuoju draudimu.<\/p>\n<p>Sprendimas, kur\u012f dar galima sk\u0173sti auk\u0161tesn\u0117s instancijos teismui, priimtas po eismo \u012fvykio Vokietijoje, kai Lietuvoje \u012fregistruotas automobilis <a href=\"https:\/\/kaunas.kasvyksta.lt\/bmw\" title=\"BMW\" rel=\"nofollow noopener\" target=\"_blank\">BMW<\/a> nuva\u017eiavo nuo kelio ir atsitrenk\u0117 \u012f auk\u0161tos \u012ftampos elektros linijos atram\u0105.<\/p>\n<p>Sm\u016bgio metu buvo stipriai pa\u017eeista 110 kW elektros perdavimo linijos konstrukcija, o jos remonto darbai \u012fvertinti daugiau nei 135 t\u016bkst. eur\u0173.<\/p>\n<p>Po \u012fvykio paai\u0161k\u0117jo, kad automobilis avarijos metu nebuvo apdraustas transporto priemoni\u0173 valdytoj\u0173 civilin\u0117s atsakomyb\u0117s privalomuoju draudimu.<\/p>\n<p>Kadangi BMW vairuotojas ir savininkas padarytos \u017ealos neatlygino, nuostolius nukent\u0117jusiai energetikos \u012fmonei padeng\u0117 Vokietijos nacionalinis draudik\u0173 biuras.<\/p>\n<p>Pastarasis, vadovaudamasi tarptautiniais susitarimais, kreip\u0117si \u012f Lietuvos Respublikos transporto priemoni\u0173 draudik\u0173 biur\u0105, kuris kompensavo patirtas i\u0161laidas, o v\u0117liau kreip\u0117si \u012f teism\u0105, siekdamas susigr\u0105\u017einti l\u0117\u0161as i\u0161 atsaking\u0173 asmen\u0173.<\/p>\n<p>Anot civilin\u0119 byl\u0105 d\u0117l nuostoli\u0173 atlyginimo regreso tvarka i\u0161nagrin\u0117jusio Panev\u0117\u017eio apygardos teismo pirmininko pad\u0117j\u0117jos ry\u0161iams su \u017einiasklaida ir visuomene Jolitos Gudelien\u0117s, teismas visi\u0161kai patenkino Lietuvos Respublikos transporto priemoni\u0173 draudik\u0173 biuro ie\u0161kin\u012f.<\/p>\n<p>Konstatuota, kad atsakomyb\u0117 kyla abiem asmenims: vairuotojui \u2013 kaip tiesioginiam \u017ealos suk\u0117l\u0117jui, o automobilio savininkui \u2013 u\u017e tai, kad nepais\u0117 \u012fstatym\u0173 reikalavimo apdrausti transporto priemon\u0119 ir leido ja naudotis kitiems.<\/p>\n<p>Teismas atmet\u0117 \u012fvyk\u012f suk\u0117lusio vairuotojo pra\u0161ym\u0105 suma\u017einti priteistin\u0105 sum\u0105 d\u0117l sunkios finansin\u0117s pad\u0117ties, nusprend\u0119s, kad pateikti duomenys apie pajamas n\u0117ra pakankami ir \u012ftikinami.<\/p>\n<p>Vertindamas automobilio savininko elges\u012f, teismas pabr\u0117\u017e\u0117 kad \u0161is nesi\u0117m\u0117 joki\u0173 veiksm\u0173, jog neapdrausta transporto priemone neb\u016bt\u0173 naudojamasi, Automobilio savininkas paliko jo raktelius bei dokumentus kitam asmeniui ir neprane\u0161\u0117 teis\u0117saugai apie galim\u0105 neteis\u0117t\u0105 valdymo per\u0117mim\u0105.<\/p>\n<p>\u201eTokiu neteis\u0117tu neveikimu automobilio savininkas sudar\u0117 s\u0105lygas \u017ealai kilti, tod\u0117l jis pripa\u017eintinas kartu solidariai atsakingu u\u017e eismo \u012fvykiu padarytos \u017ealos atlyginim\u0105,\u201c \u2013 pa\u017eym\u0117jo byl\u0105 i\u0161nagrin\u0117j\u0119s teis\u0117jas Laimantas Misi\u016bnas.<\/p>\n","protected":false},"excerpt":{"rendered":"Eismo \u012fvykio, kuris \u012fvyko Vokietijoje, finansines pasekmes \u2013 \u017ealos atlyginim\u0105 \u2013 prisiimti privalo tiek vairuotojas, tiek jam patik\u0117to&hellip;\n","protected":false},"author":2,"featured_media":256623,"comment_status":"","ping_status":"","sticky":false,"template":"","format":"standard","meta":{"footnotes":"","_share_on_mastodon":"0"},"categories":[13],"tags":[25,3534,2130,30,31,3000,563,8090,34,35,24,1061,32,33,37,39,36,38,40,23,22,28,29,26,27,28168],"class_list":["post-256622","post","type-post","status-publish","format-standard","has-post-thumbnail","category-lietuva","tag-antrastes","tag-bauda","tag-bmw","tag-breaking-news","tag-breakingnews","tag-draudimas","tag-eismas","tag-eismo-ivykis","tag-featured-news","tag-featurednews","tag-headlines","tag-kaunas","tag-latest-news","tag-latestnews","tag-lietuva","tag-lietuviu","tag-lithuania","tag-lithuanian","tag-lt","tag-naujienos","tag-news","tag-populiariausios-naujienos","tag-populiariausiosnaujienos","tag-top-stories","tag-topstories","tag-zalos-atlyginimas"],"share_on_mastodon":{"url":"https:\/\/pubeurope.com\/@lt\/117117046337433602","error":""},"_links":{"self":[{"href":"https:\/\/www.europesays.com\/lt\/wp-json\/wp\/v2\/posts\/256622","targetHints":{"allow":["GET"]}}],"collection":[{"href":"https:\/\/www.europesays.com\/lt\/wp-json\/wp\/v2\/posts"}],"about":[{"href":"https:\/\/www.europesays.com\/lt\/wp-json\/wp\/v2\/types\/post"}],"author":[{"embeddable":true,"href":"https:\/\/www.europesays.com\/lt\/wp-json\/wp\/v2\/users\/2"}],"replies":[{"embeddable":true,"href":"https:\/\/www.europesays.com\/lt\/wp-json\/wp\/v2\/comments?post=256622"}],"version-history":[{"count":0,"href":"https:\/\/www.europesays.com\/lt\/wp-json\/wp\/v2\/posts\/256622\/revisions"}],"wp:featuredmedia":[{"embeddable":true,"href":"https:\/\/www.europesays.com\/lt\/wp-json\/wp\/v2\/media\/256623"}],"wp:attachment":[{"href":"https:\/\/www.europesays.com\/lt\/wp-json\/wp\/v2\/media?parent=256622"}],"wp:term":[{"taxonomy":"category","embeddable":true,"href":"https:\/\/www.europesays.com\/lt\/wp-json\/wp\/v2\/categories?post=256622"},{"taxonomy":"post_tag","embeddable":true,"href":"https:\/\/www.europesays.com\/lt\/wp-json\/wp\/v2\/tags?post=256622"}],"curies":[{"name":"wp","href":"https:\/\/api.w.org\/{rel}","templated":true}]}}