{"id":256780,"date":"2026-08-18T18:13:09","date_gmt":"2026-08-18T18:13:09","guid":{"rendered":"https:\/\/www.europesays.com\/lt\/256780\/"},"modified":"2026-08-18T18:13:09","modified_gmt":"2026-08-18T18:13:09","slug":"pirmasis-telefonas-vaikui-eksperte-ivardijo-taisykles-kuriu-turi-laikytis-ir-tevai-2","status":"publish","type":"post","link":"https:\/\/www.europesays.com\/lt\/256780\/","title":{"rendered":"Pirmasis telefonas vaikui: ekspert\u0117 \u012fvardijo taisykles, kuri\u0173 turi laikytis ir t\u0117vai"},"content":{"rendered":"<p>Art\u0117jant mokslo metams, t\u0117v\u0173 pirkini\u0173 s\u0105ra\u0161e vis da\u017eniau atsiduria ne tik s\u0105siuviniai ir ra\u0161ymo priemon\u0117s, bet ir pirmasis vaiko telefonas. Nors daug d\u0117mesio \u0161iuo klausimu skiriama \u012fvairioms \u012frenginio technin\u0117ms savyb\u0117ms, Julija Markeli\u016bn\u0117, \u201eTelia\u201c skaitmenin\u0117s \u012ftraukties vadov\u0117, nurodo, jog vertingiau b\u016bt\u0173 pasigilinti \u012f kai kuriuos saugos nustatymus. Savo ruo\u017etu \u201eVaik\u0173 linijos\u201c psicholog\u0117 rekomenduoja prie\u0161 perkant telefon\u0105 \u012fvertinti vaiko brand\u0105 \u2013 ar jis tikrai pasiruo\u0161\u0119s ne tik tur\u0117ti tok\u012f daikt\u0105, bet ir laikytis su juo susijusi\u0173 taisykli\u0173.<\/p>\n<p>Pirmasis vaiko telefonas daugeliui \u0161eim\u0173 tampa svarbiu \u017eingsniu \u012f didesn\u012f savaranki\u0161kum\u0105. Vis d\u0117lto \u201eVaik\u0173 linijos\u201c psicholog\u0117 Jurgita Smilt\u0117 Jasiulion\u0117 pabr\u0117\u017eia, kad sprend\u017eiant, kada vaikui pirkti pirm\u0105j\u012f telefon\u0105, svarbiausi tur\u0117t\u0173 b\u016bti vaiko poreikiai, am\u017eius ir brandumas.\n<\/p>\n<p>\u201eJeigu telefonas reikalingas tiesiog susisiekti su vaiku, poreikis da\u017eniausiai atsiranda tada, kai jis pradeda savaranki\u0161kai jud\u0117ti: vienas eina \u012f mokykl\u0105, b\u016brelius ar susitinka su draugais. Tokiais atvejais ry\u0161io priemon\u0117 padeda u\u017etikrinti saugum\u0105 ir suteikia daugiau ramyb\u0117s t\u0117vams. Ta\u010diau i\u0161manusis telefonas yra kur kas daugiau nei skambu\u010diai ar \u017einut\u0117s. Jis atveria prieig\u0105 prie socialini\u0173 tinkl\u0173, \u012fvairi\u0173 program\u0117li\u0173, interneto turinio ir bendravimo platform\u0173, tod\u0117l jo \u012fsigijimas tur\u0117t\u0173 b\u016bti gerai apgalvotas\u201c, \u2013 pabr\u0117\u017eia psicholog\u0117.\n<\/p>\n<p>Pasak pa\u0161nekov\u0117s, sprend\u017eiant d\u0117l pirmojo telefono svarbu vertinti ne tik vaiko am\u017ei\u0173, bet ir brandum\u0105. T\u0117vai tur\u0117t\u0173 pagalvoti, ar vaikas geba laikytis susitarim\u0173, ar moka papra\u0161yti pagalbos susid\u016br\u0119s su sunkumais, ar gali kontroliuoti laik\u0105 prie ekrano ir atsitraukti nuo telefono, kai to reikia. Taip pat svarbu, ar jis supranta pagrindines rizikas internete.\n<\/p>\n<p>Vis d\u0117lto vaikams da\u017enai lengviau suprasti ai\u0161kias taisykles nei abstrakt\u0173 pa\u017ead\u0105 telefon\u0105 gauti tada, kai taps \u201epakankamai brand\u016bs\u201c. D\u0117l \u0161ios prie\u017easties kai kurios \u0161eimos, pvz., susitaria pirm\u0105j\u012f i\u0161man\u0173j\u012f telefon\u0105 dovanoti baigus pradin\u0119 mokykl\u0105, ma\u017edaug vienuolikos met\u0173 am\u017eiaus.\n<\/p>\n<p>Daugiau d\u0117mesio saugumui<\/p>\n<p>Pasak \u201eTelia\u201c skaitmenin\u0117s \u012ftraukties vadov\u0117s Julijos Markeli\u016bn\u0117s, nema\u017eai t\u0117v\u0173 daug d\u0117mesio pirmiausia skiria technin\u0117ms \u012frenginio savyb\u0117ms, ta\u010diau per ma\u017eai kalba apie tai, kaip telefonas bus naudojamas.\n<\/p>\n<p>\u201eVaikas tur\u0117t\u0173 ai\u0161kiai \u017einoti, kiek laiko per dien\u0105 gal\u0117s naudotis telefonu, kokias program\u0117les gal\u0117s atsisi\u0173sti, kaip elgtis socialiniuose tinkluose ir k\u0105 daryti susid\u016brus su paty\u010diomis, netinkamu turiniu ar nepa\u017e\u012fstamais \u017emon\u0117mis internete. Taip pat svarbu sutarti, kad naujas program\u0117les ar mokam\u0105 turin\u012f bus galima diegti tik gavus t\u0117v\u0173 leidim\u0105\u201c, \u2013 ai\u0161kina J. Markeli\u016bn\u0117.J.Markeli\u016bn\u0117 pabr\u0117\u017eia, kad renkantis pirm\u0105j\u012f telefon\u0105 svarbiausia ne jo presti\u017eas ar technin\u0117s galimyb\u0117s, o saugumas ir funkcionalumas. Vert\u0117t\u0173 rinktis patikim\u0105 \u012frengin\u012f, kuris palaiko saugumo atnaujinimus ir leid\u017eia nustatyti ekrano laiko ribas, turinio filtrus bei program\u0117li\u0173 atsisiuntimo kontrol\u0119.\n<\/p>\n<p>Ne ma\u017eiau svarbu nuo pirmos dienos pasir\u016bpinti ir papildomomis apsaugos priemon\u0117mis. Tam gali b\u016bti naudojami t\u0117v\u0173 kontrol\u0117s sprendimai, tokie kaip \u201eFamily Link\u201c ar \u201eMicrosoft Family Safety\u201c, taip pat \u201eTelia Safe\u201c, kuri padeda atpa\u017einti ir blokuoti pavojingas ar suk\u010diavimo svetaines, saugo nuo kenk\u0117ji\u0161k\u0173 program\u0173 bei leid\u017eia taikyti turinio ir naudojimosi internetu apribojimus vaik\u0173 \u012frenginiuose. Tuo metu u\u017e itin galing\u0105 procesori\u0173 ar pa\u017eangias kameras pirmojo telefono atveju da\u017eniausiai neverta permok\u0117ti.\n<\/p>\n<p>Taisykli\u0173 reikia laikytis grie\u017etai ir nuosekliai\n<\/p>\n<p>Pasak J. Markeli\u016bn\u0117s, ai\u0161kios ribos padeda i\u0161vengti konflikt\u0173 ir formuoja sveikesnius skaitmeninius \u012fpro\u010dius. Ta\u010diau vien susitarti d\u0117l taisykli\u0173 nepakanka. Ne ma\u017eiau svarbu nuosekliai reaguoti ir tuomet, kai j\u0173 nesilaikoma.<\/p>\n<p>\u201eJei nustatote pasekmes, svarbu, kad jos b\u016bt\u0173 ne tik protingos, bet ir realiai \u012fgyvendinamos. Kitaip tariant, jos netur\u0117t\u0173 b\u016bti tokios grie\u017etos, kad patys nenor\u0117tum\u0117te j\u0173 taikyti, ta\u010diau jas \u012fvardijus laikytis savo \u017eod\u017eio b\u016btina. Da\u017enai problem\u0173 kyla tada, kai vien\u0105 kart\u0105 taisykl\u0117s nesilaikymas turi pasekmi\u0173, o kit\u0105 kart\u0105 j\u0173 n\u0117ra. Vaikui sunku ugdytis \u012fpro\u010dius, kai tr\u016bksta ai\u0161kaus nuoseklumo. Suaugusieji neretai, nor\u0117dami i\u0161vengti konflikto, atsitraukia nuo savo \u017eod\u017ei\u0173, ta\u010diau b\u016btent tai da\u017enai ir sukuria dar daugiau nesusipratim\u0173 ateityje\u201c, \u2013 sako J. Markeli\u016bn\u0117.\n<\/p>\n<p>Ekspert\u0117 taip pat atkreipia d\u0117mes\u012f, jog ma\u017eiesiems sunku suprasti taisykles, kuri\u0173 nesilaiko patys suaugusieji. Tod\u0117l, kai sakome vaikui pad\u0117ti telefon\u0105 \u012f \u0161al\u012f, bet patys nar\u0161ome socialiniuose tinkluose ar nuolat tikriname prane\u0161imus, tokios \u017einut\u0117s tampa sunkiai \u012ftikinamos. Kartais kartu su pirmuoju vaiko telefonu verta per\u017ei\u016br\u0117ti ir visos \u0161eimos technologij\u0173 naudojimo \u012fpro\u010dius bei susitarti d\u0117l laiko, kai ekranai padedami \u012f \u0161al\u012f, o d\u0117mesys skiriamas vieni kitiems.<\/p>\n","protected":false},"excerpt":{"rendered":"Art\u0117jant mokslo metams, t\u0117v\u0173 pirkini\u0173 s\u0105ra\u0161e vis da\u017eniau atsiduria ne tik s\u0105siuviniai ir ra\u0161ymo priemon\u0117s, bet ir pirmasis&hellip;\n","protected":false},"author":2,"featured_media":256781,"comment_status":"","ping_status":"","sticky":false,"template":"","format":"standard","meta":{"footnotes":"","_share_on_mastodon":"0"},"categories":[17],"tags":[81,37,39,36,38,40,1714,46],"class_list":["post-256780","post","type-post","status-publish","format-standard","has-post-thumbnail","category-verslas","tag-business","tag-lietuva","tag-lietuviu","tag-lithuania","tag-lithuanian","tag-lt","tag-technologijos","tag-verslas"],"share_on_mastodon":{"url":"https:\/\/pubeurope.com\/@lt\/117117871975096408","error":""},"_links":{"self":[{"href":"https:\/\/www.europesays.com\/lt\/wp-json\/wp\/v2\/posts\/256780","targetHints":{"allow":["GET"]}}],"collection":[{"href":"https:\/\/www.europesays.com\/lt\/wp-json\/wp\/v2\/posts"}],"about":[{"href":"https:\/\/www.europesays.com\/lt\/wp-json\/wp\/v2\/types\/post"}],"author":[{"embeddable":true,"href":"https:\/\/www.europesays.com\/lt\/wp-json\/wp\/v2\/users\/2"}],"replies":[{"embeddable":true,"href":"https:\/\/www.europesays.com\/lt\/wp-json\/wp\/v2\/comments?post=256780"}],"version-history":[{"count":0,"href":"https:\/\/www.europesays.com\/lt\/wp-json\/wp\/v2\/posts\/256780\/revisions"}],"wp:featuredmedia":[{"embeddable":true,"href":"https:\/\/www.europesays.com\/lt\/wp-json\/wp\/v2\/media\/256781"}],"wp:attachment":[{"href":"https:\/\/www.europesays.com\/lt\/wp-json\/wp\/v2\/media?parent=256780"}],"wp:term":[{"taxonomy":"category","embeddable":true,"href":"https:\/\/www.europesays.com\/lt\/wp-json\/wp\/v2\/categories?post=256780"},{"taxonomy":"post_tag","embeddable":true,"href":"https:\/\/www.europesays.com\/lt\/wp-json\/wp\/v2\/tags?post=256780"}],"curies":[{"name":"wp","href":"https:\/\/api.w.org\/{rel}","templated":true}]}}