{"id":257358,"date":"2026-08-19T12:48:57","date_gmt":"2026-08-19T12:48:57","guid":{"rendered":"https:\/\/www.europesays.com\/lt\/257358\/"},"modified":"2026-08-19T12:48:57","modified_gmt":"2026-08-19T12:48:57","slug":"amerikieciu-imone-vilniuje-atleidzia-daugiau-nei-50-darbuotoju","status":"publish","type":"post","link":"https:\/\/www.europesays.com\/lt\/257358\/","title":{"rendered":"Amerikie\u010di\u0173 \u012fmon\u0117 Vilniuje atleid\u017eia daugiau nei 50 darbuotoj\u0173"},"content":{"rendered":"<p class=\"wp-block-paragraph\">Jungtini\u0173 Amerikos Valstij\u0173 (<a style=\"font-weight:bold;\" href=\"https:\/\/madeinvilnius.lt\/tema\/jav\/\" target=\"_blank\" rel=\"nofollow noopener\">JAV<\/a>) integruot\u0173 mok\u0117jim\u0173 technologij\u0173 bendrov\u0117 \u201eShift4 Payments Lithuania\u201c prane\u0161\u0117 U\u017eimtumo tarnybai apie 53 darbuotoj\u0173 atleidim\u0105.<\/p>\n<p class=\"wp-block-paragraph\">Kaip Eltai nurod\u0117 tarnyba, atleidimai vykdomi d\u0117l darbo organizavimo poky\u010di\u0173, d\u0117l kuri\u0173 dalies darbuotoj\u0173 atliekamos funkcijos tapo nebereikalingos.<\/p>\n<p class=\"wp-block-paragraph\">Darbuotojams taip pat bus si\u016bloma darbo sutartis nutraukti abipusiu susitarimu.<\/p>\n<p class=\"wp-block-paragraph\">Pasak tarnybos, tarp numatom\u0173 atleisti darbuotoj\u0173 vyrauja programin\u0117s \u012frangos k\u016br\u0117j\u0173 pogrupio darbuotojai \u2013 jie sudarys did\u017ei\u0105j\u0105 dal\u012f darbo netekusi\u0173j\u0173.<\/p>\n<p class=\"wp-block-paragraph\">\u201eShift4\u201c numato darbuotojus atleisti \u0161i\u0173 met\u0173 rugpj\u016b\u010dio\u2013spalio m\u0117nesiais.<\/p>\n<p class=\"wp-block-paragraph\">\u0160iuo metu \u012fmon\u0117je dirba 586 darbuotojai, ra\u0161o Rekvizitai.lt.<\/p>\n<p class=\"wp-block-paragraph\">Portalo duomenimis, 2025 metais \u201eShift4\u201c pelnas siek\u0117 3,1 mln. eur\u0173, grynasis pelnas \u2013 2,5 mln. eur\u0173.<\/p>\n<p class=\"wp-block-paragraph\">ELTA primena, kad 2025 m. kovo m\u0117nes\u012f, \u012fmon\u0117 taip pat buvo prane\u0161usi apie grupin\u012f atleidim\u0105, tada \u012fmon\u0117 atleido 32 darbuotojus.<\/p>\n<p> <a href=\"https:\/\/google.com\/preferences\/source?q=madeinvilnius.lt\" target=\"_blank\" rel=\"noopener nofollow\" onclick=\"if (!window.__cfRLUnblockHandlers) return false; if(window.gtag){gtag(&#039;event&#039;,&#039;preferred_source_click&#039;,{event_category:&#039;engagement&#039;,event_label:&#039;article_footer&#039;});}\" style=\"display:flex;align-items:center;gap:16px;width:100%;box-sizing:border-box;margin:2.5rem 0 1rem;padding:20px 24px;border:1px solid #e8e6e1;border-radius:14px;background:#fff;text-decoration:none !important;box-shadow:none !important;color:#1a1a1a;\" data-cf-modified-4f371da8ce5020470f2c0c5c-=\"\">       Skaitykite mus pirmiau \u201eGoogle\u201d Prid\u0117kite madeinvilnius.lt kaip pageidaujam\u0105 \u0161altin\u012f  \u2192 <\/a><\/p>\n","protected":false},"excerpt":{"rendered":"Jungtini\u0173 Amerikos Valstij\u0173 (JAV) integruot\u0173 mok\u0117jim\u0173 technologij\u0173 bendrov\u0117 \u201eShift4 Payments Lithuania\u201c prane\u0161\u0117 U\u017eimtumo tarnybai apie 53 darbuotoj\u0173 atleidim\u0105.&hellip;\n","protected":false},"author":2,"featured_media":257359,"comment_status":"","ping_status":"","sticky":false,"template":"","format":"standard","meta":{"footnotes":"","_share_on_mastodon":"0"},"categories":[6],"tags":[25,30,31,34,35,24,559,223,32,33,37,39,36,38,40,65,23,22,28,29,26,27],"class_list":["post-257358","post","type-post","status-publish","format-standard","has-post-thumbnail","category-antrastes","tag-antrastes","tag-breaking-news","tag-breakingnews","tag-featured-news","tag-featurednews","tag-headlines","tag-it","tag-jav","tag-latest-news","tag-latestnews","tag-lietuva","tag-lietuviu","tag-lithuania","tag-lithuanian","tag-lt","tag-naujiena","tag-naujienos","tag-news","tag-populiariausios-naujienos","tag-populiariausiosnaujienos","tag-top-stories","tag-topstories"],"share_on_mastodon":{"url":"https:\/\/pubeurope.com\/@lt\/117122260455100953","error":""},"_links":{"self":[{"href":"https:\/\/www.europesays.com\/lt\/wp-json\/wp\/v2\/posts\/257358","targetHints":{"allow":["GET"]}}],"collection":[{"href":"https:\/\/www.europesays.com\/lt\/wp-json\/wp\/v2\/posts"}],"about":[{"href":"https:\/\/www.europesays.com\/lt\/wp-json\/wp\/v2\/types\/post"}],"author":[{"embeddable":true,"href":"https:\/\/www.europesays.com\/lt\/wp-json\/wp\/v2\/users\/2"}],"replies":[{"embeddable":true,"href":"https:\/\/www.europesays.com\/lt\/wp-json\/wp\/v2\/comments?post=257358"}],"version-history":[{"count":0,"href":"https:\/\/www.europesays.com\/lt\/wp-json\/wp\/v2\/posts\/257358\/revisions"}],"wp:featuredmedia":[{"embeddable":true,"href":"https:\/\/www.europesays.com\/lt\/wp-json\/wp\/v2\/media\/257359"}],"wp:attachment":[{"href":"https:\/\/www.europesays.com\/lt\/wp-json\/wp\/v2\/media?parent=257358"}],"wp:term":[{"taxonomy":"category","embeddable":true,"href":"https:\/\/www.europesays.com\/lt\/wp-json\/wp\/v2\/categories?post=257358"},{"taxonomy":"post_tag","embeddable":true,"href":"https:\/\/www.europesays.com\/lt\/wp-json\/wp\/v2\/tags?post=257358"}],"curies":[{"name":"wp","href":"https:\/\/api.w.org\/{rel}","templated":true}]}}