{"id":257754,"date":"2026-08-20T04:18:19","date_gmt":"2026-08-20T04:18:19","guid":{"rendered":"https:\/\/www.europesays.com\/lt\/257754\/"},"modified":"2026-08-20T04:18:19","modified_gmt":"2026-08-20T04:18:19","slug":"amber-grid-lietuvoje-biometano-gamyba-per-metus-isaugo-26-karto","status":"publish","type":"post","link":"https:\/\/www.europesays.com\/lt\/257754\/","title":{"rendered":"\u201eAmber Grid\u201c: Lietuvoje biometano gamyba per metus i\u0161augo 2,6 karto"},"content":{"rendered":"<p>Pirm\u0105j\u012f \u0161i\u0173 met\u0173 pusmet\u012f \u012f Lietuvos duj\u0173 perdavimo ir skirstymo sistemas \u012fleista 242,9 gigavatvaland\u0117s (GWh) biometano \u2013 2,6 karto daugiau nei tuo pa\u010diu laikotarpiu pernai, skelbia duj\u0173 perdavimo sistemos operator\u0117 \u201eAmber Grid\u201c.\u00a0<\/p>\n<p>Pagal biometano kiek\u012f Lietuva lenkia kaimynines Baltijos \u0161alis ir tampa viena regiono lyderi\u0173.<\/p>\n<p>Bendrov\u0117s teigimu, per pirm\u0105j\u012f pusmet\u012f \u012f sistem\u0105 patiektas biometano kiekis jau vir\u0161ijo ankstesnius metinius rezultatus.<\/p>\n<p>\u201ePer metus 2,6 karto i\u0161aug\u0119s \u012f sistem\u0105 \u012fleid\u017eiamo biometano kiekis rodo, kad Lietuvoje spar\u010diai stipr\u0117ja nauja vietin\u0117s energijos gamybos \u0161aka. Kuo daugiau energijos pasigaminame patys, tuo daugiau investicij\u0173, darbo viet\u0173 ir ekonomin\u0117s vert\u0117s lieka Lietuvoje\u201c, \u2013 prane\u0161ime teigia energetikos ministras Lukas Savickas.<\/p>\n<p>Nuo bir\u017eelio vidurio, suma\u017e\u0117jus duj\u0173 vartojimui, biometanas sudaro apie 5 proc. viso Lietuvos duj\u0173 poreikio. \u201eAmber Grid\u201c skai\u010diavimu, pirm\u0105j\u012f pusmet\u012f \u012f sistem\u0105 patiekto biometano pakakt\u0173 ma\u017edaug \u0161e\u0161tadalio \u0161alies buitini\u0173 vartotoj\u0173 metiniam duj\u0173 poreikiui patenkinti.<\/p>\n<p>\u201eBiometanas Lietuvai svarbus stiprinant \u0161alies energetin\u0119 nepriklausomyb\u0119. Gamindami biometan\u0105 i\u0161 vietini\u0173 \u017ealiav\u0173 dal\u012f duj\u0173 poreikio galime u\u017esitikrinti Lietuvoje ir taip ma\u017einti priklausomyb\u0119 nuo importuojam\u0173 energijos,\u201c \u2013 sako \u201eAmber Grid\u201c vadovas Nemunas Biknius.<\/p>\n<p>\u0160iuo metu Lietuvoje veikia 17 biometano j\u0117gaini\u0173. Septynios j\u0173 dujas tiekia tiesiogiai \u012f perdavimo sistem\u0105, viena \u2013 \u012f skirstymo sistem\u0105, o kit\u0173 pagamintas biometanas \u012f tinkl\u0105 pristatomas dujove\u017eiais.<\/p>\n<p>Pagal gamintoj\u0173 pateiktas prisijungimo parai\u0161kas, iki 2030 m. biometano \u012fleidimo \u012f Lietuvos duj\u0173 sistem\u0105 paj\u0117gumai gal\u0117t\u0173 pasiekti apie 1,4 TWh per metus.<\/p>\n<p>\u201eAmber Grid\u201c duomenimis, biometano gamyba auga ir kitose regiono \u0161alyse. Estijoje pernai pagaminta apie 300 GWh biometano, Latvijoje \u2013 167 GWh, o Suomija iki 2030 m. siekia gamyb\u0105 padidinti iki 4 TWh per metus.<\/p>\n<p>\u201eAmber Grid\u201c pajamos pirm\u0105j\u012f \u0161i\u0173 met\u0173 pusmet\u012f siek\u0117 49,4 mln. eur\u0173 \u2013 41 proc. daugiau nei tuo pa\u010diu laikotarpiu pernai, kai jos sudar\u0117 35 mln. eur\u0173.<\/p>\n<p>Bendrov\u0117s grynasis pelnas i\u0161augo daugiau nei \u0161e\u0161is kartus \u2013 nuo 2,8 mln. iki 18,1 mln. eur\u0173.<\/p>\n<p>\t\t\t\t\t\t\t\t\t\t\t\t <img decoding=\"async\" src=\"https:\/\/www.europesays.com\/lt\/wp-content\/uploads\/2026\/08\/1787199499_438_elta.png\"\/><\/p>\n","protected":false},"excerpt":{"rendered":"Pirm\u0105j\u012f \u0161i\u0173 met\u0173 pusmet\u012f \u012f Lietuvos duj\u0173 perdavimo ir skirstymo sistemas \u012fleista 242,9 gigavatvaland\u0117s (GWh) biometano \u2013 2,6&hellip;\n","protected":false},"author":2,"featured_media":257755,"comment_status":"","ping_status":"","sticky":false,"template":"","format":"standard","meta":{"footnotes":"","_share_on_mastodon":"0"},"categories":[17],"tags":[81,1787,37,39,36,38,40,46],"class_list":["post-257754","post","type-post","status-publish","format-standard","has-post-thumbnail","category-verslas","tag-business","tag-dujos","tag-lietuva","tag-lietuviu","tag-lithuania","tag-lithuanian","tag-lt","tag-verslas"],"share_on_mastodon":{"url":"https:\/\/pubeurope.com\/@lt\/117125913592921609","error":""},"_links":{"self":[{"href":"https:\/\/www.europesays.com\/lt\/wp-json\/wp\/v2\/posts\/257754","targetHints":{"allow":["GET"]}}],"collection":[{"href":"https:\/\/www.europesays.com\/lt\/wp-json\/wp\/v2\/posts"}],"about":[{"href":"https:\/\/www.europesays.com\/lt\/wp-json\/wp\/v2\/types\/post"}],"author":[{"embeddable":true,"href":"https:\/\/www.europesays.com\/lt\/wp-json\/wp\/v2\/users\/2"}],"replies":[{"embeddable":true,"href":"https:\/\/www.europesays.com\/lt\/wp-json\/wp\/v2\/comments?post=257754"}],"version-history":[{"count":0,"href":"https:\/\/www.europesays.com\/lt\/wp-json\/wp\/v2\/posts\/257754\/revisions"}],"wp:featuredmedia":[{"embeddable":true,"href":"https:\/\/www.europesays.com\/lt\/wp-json\/wp\/v2\/media\/257755"}],"wp:attachment":[{"href":"https:\/\/www.europesays.com\/lt\/wp-json\/wp\/v2\/media?parent=257754"}],"wp:term":[{"taxonomy":"category","embeddable":true,"href":"https:\/\/www.europesays.com\/lt\/wp-json\/wp\/v2\/categories?post=257754"},{"taxonomy":"post_tag","embeddable":true,"href":"https:\/\/www.europesays.com\/lt\/wp-json\/wp\/v2\/tags?post=257754"}],"curies":[{"name":"wp","href":"https:\/\/api.w.org\/{rel}","templated":true}]}}