{"id":257828,"date":"2026-08-20T06:56:25","date_gmt":"2026-08-20T06:56:25","guid":{"rendered":"https:\/\/www.europesays.com\/lt\/257828\/"},"modified":"2026-08-20T06:56:25","modified_gmt":"2026-08-20T06:56:25","slug":"rustamui-liubajevui-iteiktas-lietuvos-kariuomenes-apdovanojimas-respublika-lt","status":"publish","type":"post","link":"https:\/\/www.europesays.com\/lt\/257828\/","title":{"rendered":"Rustamui Liubajevui \u012fteiktas Lietuvos kariuomen\u0117s apdovanojimas &#8211; Respublika.lt"},"content":{"rendered":"<p><img loading=\"lazy\" decoding=\"async\" src=\"https:\/\/www.respublika.lt\/lt\/naujienos\/lietuva\/kitos-lietuvos-zinios\/rustamui-liubajevui-iteiktas-lietuvos-kariuomenes-apdovanojimas\/images\/ico_camera_white.gif\" class=\"camera\" width=\"22\" height=\"15\" alt=\"nuotr.\" style=\"position:relative; top:-2px; right:2px;\"\/> 1 nuotr.<\/p>\n<p>Rustamas Liubajevas. Irmanto Sidarevi\u010diaus nuotr.<\/p>\n<p style=\"text-align: justify;\" class=\"desktop_banner\">\u00a0<\/p>\n<p style=\"text-align: left;\">\u00a0<\/p>\n<p style=\"text-align: left;\">Apie tai socialiniame tinkle \u201eFacebook\u201c tre\u010diadienio popiet\u0119 paskelb\u0117 kariuomen\u0117s vadas Raimundas Vaik\u0161noras.\u00a0<\/p>\n<p style=\"text-align: left;\">\u201eD\u017eiaugiuosi gal\u0117damas u\u017e nuopelnus stiprinant Lietuvos saugum\u0105 generolui R. Liubajevui \u012fteikti Lietuvos kariuomen\u0117s apdovanojim\u0105\u201c, \u2013 skelbiama \u012fra\u0161e.\u00a0<\/p>\n<p style=\"text-align: left;\">Kaip jame nurodo kariuomen\u0117s vadas, judviej\u0173 pa\u017eintis u\u017esimezg\u0117 dar\u00a02019 metais.\u00a0<\/p>\n<p style=\"text-align: left;\">\u201eTuo metu prad\u0117jau eiti Lietuvos kariuomen\u0117s Sausumos paj\u0117g\u0173 vado pareigas, o generolas R. Liubajevas tapo VSAT vadu\u201c, \u2013 teigiama \u012fra\u0161e.<\/p>\n<p style=\"text-align: left;\">\u201e\u0160iandien m\u016bs\u0173 institucijos bendradarbiauja kasdien. Per visus \u0161iuos metus generol\u0105 pa\u017einau kaip profesional\u0173 vad\u0105, tikr\u0105 Lietuvos patriot\u0105 ir ginklo brol\u012f\u201c, \u2013 sako kariuomen\u0117s vadas.\u00a0<\/p>\n<p style=\"text-align: left;\">Kaip skelb\u0117 ELTA, \u017einiasklaidoje pasirod\u0117 informacija, jog incidento metu tarp pasienie\u010di\u0173 ir i\u0161 tunelio i\u0161lindusi\u0173 migrant\u0173 \u012fvyko grumtyn\u0117s, kuri\u0173 metu vienas Lietuvos pareig\u016bn\u0173 buvo aptal\u017eytas. Konflikto metu es\u0105 taip pat buvo bandoma vien\u0105 i\u0161 pasienie\u010di\u0173 nusitempti \u012f Baltarusijos pus\u0119, ta\u010diau pareig\u016bnui pavyko i\u0161silaisvinti. Toki\u0105 informacij\u0105 remdamasis \u0161altiniais prane\u0161\u0117 naujien\u0173 portalas \u201eLrytas\u201c.<\/p>\n<p style=\"text-align: left;\">Reaguodamas \u012f \u0161i\u0105 informacij\u0105 vidaus reikal\u0173 ministras Martynas Katelynas parei\u0161k\u0117, kad \u0161iems duomenims pasitvirtinus jis nebematyt\u0173 galimybi\u0173 R. Liubajevui toliau eiti pareig\u0173.\u00a0<\/p>\n<p style=\"text-align: left;\">Pirmadienio popiet\u0119 surengtoje spaudos konferencijoje M. Katelynas prane\u0161\u0117, jog R. Liubajevas traukiasi i\u0161 pareig\u0173.<\/p>\n<p style=\"text-align: left;\">Kai kurie opozicijos atstovai svarsto, kad pasienie\u010di\u0173 vado sprendimas atsistatydinti gal\u0117jo b\u016bti priimtas d\u0117l didelio vidaus reikal\u0173 ministro spaudimo.<\/p>\n","protected":false},"excerpt":{"rendered":"1 nuotr. Rustamas Liubajevas. Irmanto Sidarevi\u010diaus nuotr. \u00a0 \u00a0 Apie tai socialiniame tinkle \u201eFacebook\u201c tre\u010diadienio popiet\u0119 paskelb\u0117 kariuomen\u0117s&hellip;\n","protected":false},"author":2,"featured_media":257829,"comment_status":"","ping_status":"","sticky":false,"template":"","format":"standard","meta":{"footnotes":"","_share_on_mastodon":"0"},"categories":[6],"tags":[25,9627,30,31,34,35,24,32,33,37,39,36,38,29162,12782,40,23,22,28,29,26,27,6344,549],"class_list":["post-257828","post","type-post","status-publish","format-standard","has-post-thumbnail","category-antrastes","tag-antrastes","tag-apdovanojimas","tag-breaking-news","tag-breakingnews","tag-featured-news","tag-featurednews","tag-headlines","tag-latest-news","tag-latestnews","tag-lietuva","tag-lietuviu","tag-lithuania","tag-lithuanian","tag-liubajevas","tag-lk","tag-lt","tag-naujienos","tag-news","tag-populiariausios-naujienos","tag-populiariausiosnaujienos","tag-top-stories","tag-topstories","tag-vaiksnoras","tag-vsat"],"share_on_mastodon":{"url":"https:\/\/pubeurope.com\/@lt\/117126535265804391","error":""},"_links":{"self":[{"href":"https:\/\/www.europesays.com\/lt\/wp-json\/wp\/v2\/posts\/257828","targetHints":{"allow":["GET"]}}],"collection":[{"href":"https:\/\/www.europesays.com\/lt\/wp-json\/wp\/v2\/posts"}],"about":[{"href":"https:\/\/www.europesays.com\/lt\/wp-json\/wp\/v2\/types\/post"}],"author":[{"embeddable":true,"href":"https:\/\/www.europesays.com\/lt\/wp-json\/wp\/v2\/users\/2"}],"replies":[{"embeddable":true,"href":"https:\/\/www.europesays.com\/lt\/wp-json\/wp\/v2\/comments?post=257828"}],"version-history":[{"count":0,"href":"https:\/\/www.europesays.com\/lt\/wp-json\/wp\/v2\/posts\/257828\/revisions"}],"wp:featuredmedia":[{"embeddable":true,"href":"https:\/\/www.europesays.com\/lt\/wp-json\/wp\/v2\/media\/257829"}],"wp:attachment":[{"href":"https:\/\/www.europesays.com\/lt\/wp-json\/wp\/v2\/media?parent=257828"}],"wp:term":[{"taxonomy":"category","embeddable":true,"href":"https:\/\/www.europesays.com\/lt\/wp-json\/wp\/v2\/categories?post=257828"},{"taxonomy":"post_tag","embeddable":true,"href":"https:\/\/www.europesays.com\/lt\/wp-json\/wp\/v2\/tags?post=257828"}],"curies":[{"name":"wp","href":"https:\/\/api.w.org\/{rel}","templated":true}]}}