{"id":25785,"date":"2025-10-26T12:58:10","date_gmt":"2025-10-26T12:58:10","guid":{"rendered":"https:\/\/www.europesays.com\/lt\/25785\/"},"modified":"2025-10-26T12:58:10","modified_gmt":"2025-10-26T12:58:10","slug":"ziema-siandien-gali-uzklupti-lietuvius-sinoptikai-pateike-netiketa-prognoze-galime-sulaukti-pirmo-sniego","status":"publish","type":"post","link":"https:\/\/www.europesays.com\/lt\/25785\/","title":{"rendered":"\u017diema \u0161iandien gali u\u017eklupti lietuvius: sinoptikai pateik\u0117 netik\u0117t\u0105 prognoz\u0119, galime sulaukti pirmo sniego"},"content":{"rendered":"<p>Artimiausiomis dienomis Lietuvoje vyraus darganoti, permainingi orai. Orai bus veikiami aktyvaus ciklono, tod\u0117l laukia daug debes\u0173, krituli\u0173, stiprokas v\u0117jas ir \u017eemesn\u0117 temperat\u016bra.\u00a0<\/p>\n<p>Nors saul\u0117 trumpam pasirodys, bendras \u012fsp\u016bdis tas, kad ruduo \u012fsismarkauja visu paj\u0117gumu. Sekmadienio dien\u0105 m\u016bs\u0173 \u0161alies teritorija atsidurs ciklono rytin\u0117je dalyje, o tai rei\u0161kia, kad b\u016bsime \u0161altojo sektoriaus \u012ftakoje.\u00a0<\/p>\n<p>Danguje vyraus tank\u016bs debesys, ta\u010diau prognozuojami pragiedruliai leis trumpam pasirodyti ir saulei. Saul\u0117s spinduliai pasieks visus regionus, ta\u010diau tai bus trumpalaikiai momentai tarp debes\u0173.<\/p>\n<p><img loading=\"lazy\" decoding=\"async\" style=\"aspect-ratio:632\/421;\" src=\"https:\/\/bilis.lt\/assets\/nuotraukos\/_tekstuose\/927950\/rain-window.avif\" width=\"632\" height=\"421\" alt=\"\"\/><\/p>\n<p>Daugelyje rajon\u0173 sulauksime protarpinio lietaus. Nors jis nebus smarkus, ta\u010diau gali pasirodyti kelis kartus per dien\u0105, ypa\u010d susitelkus tankesniems debesims. Pietini\u0173 kryp\u010di\u0173 v\u0117jas sustipr\u0117s iki 8\u201313 m\/s, o paj\u016bryje g\u016bsiai gali siekti net 15 m\/s, tad lauke jausis ne tik dr\u0117gm\u0117, bet ir v\u0117sa.<\/p>\n<p>Dien\u0105 temperat\u016bra kils vos iki 7\u201311 laipsni\u0173 \u0161ilumos, tod\u0117l \u0161iltesnis r\u016bbas bus b\u016btinas, ypa\u010d v\u0117juotose vietov\u0117se.<\/p>\n<p>Sekmadienio nakt\u012f \u2013 \u0161lapias sniegas ryt\u0173 Lietuvoje<\/p>\n<p><img loading=\"lazy\" decoding=\"async\" style=\"aspect-ratio:632\/356;\" src=\"https:\/\/bilis.lt\/assets\/nuotraukos\/_tekstuose\/926876\/car-in-rain_2025-07-08-074244_gdrc.avif\" width=\"632\" height=\"356\" alt=\"\"\/><\/p>\n<p>Nakt\u012f i\u0161 sekmadienio \u012f pirmadien\u012f krituli\u0173 irgi nei\u0161vengsime. Protarpiais lis, o rytiniuose \u0161alies rajonuose gali pasirodyti ir \u0161lapias sniegas. Tai bus pirmieji \u0161io sezono \u017eenklai, kad \u017eiema pama\u017eu art\u0117ja.<\/p>\n<p>V\u0117jas suksis i\u0161 pietry\u010di\u0173 \u012f piet\u0173, o ryt\u0105 jau ims p\u016bsti i\u0161 pietvakari\u0173, sustipr\u0117s iki 9\u201314 m\/s. Oro temperat\u016bra kris iki 0\u20135 laipsni\u0173 \u0161ilumos, tad vietomis, ypa\u010d rytiniuose rajonuose, kur gali pasitaikyti ir \u0161lapi\u0173 krituli\u0173, gali b\u016bti slidu.<\/p>\n<p>Pirmadien\u012f \u2013 nepastov\u016bs orai su \u0161lapdribos tikimybe<\/p>\n<p><img loading=\"lazy\" decoding=\"async\" style=\"aspect-ratio:632\/420;\" src=\"https:\/\/bilis.lt\/assets\/nuotraukos\/_tekstuose\/950304\/woman-feeling-rain-with-her-hand.avif\" width=\"632\" height=\"420\" alt=\"\"\/><\/p>\n<p>Pirmadienio dien\u0105 krituli\u0173 v\u0117l nei\u0161vengsime, daug kur prognozuojamas protarpinis lietus, o kai kuriose vietov\u0117se gali pasirodyti ir \u0161lapdriba. Tai ypa\u010d tik\u0117tina rytiniuose ir auk\u0161tesnio reljefo rajonuose.<\/p>\n<p>V\u0117jas i\u0161liks stiprokas ir permainingos krypties, p\u016bs i\u0161 pietvakari\u0173, greitis sieks 9\u201314 m\/s, o paj\u016bryje g\u016bsiai v\u0117l stipr\u0117s iki 15\u201318 m\/s. Temperat\u016bra i\u0161liks pana\u0161i kaip sekmadien\u012f \u2013 tarp 7 ir 12 laipsni\u0173 \u0161ilumos.<\/p>\n<p>Antradien\u012f \u2013 t\u0119siasi rudeni\u0161ka dargana<\/p>\n<p><img loading=\"lazy\" decoding=\"async\" style=\"aspect-ratio:632\/356;\" src=\"https:\/\/bilis.lt\/assets\/nuotraukos\/_tekstuose\/927077\/photo-1397703596.avif\" width=\"632\" height=\"356\" alt=\"\"\/><\/p>\n<p>Antradienio nakt\u012f krituliai i\u0161liks vietiniai, bet dien\u0105 jie v\u0117l apims daugel\u012f rajon\u0173. Daugiausia tai bus lietus, ta\u010diau i\u0161liks \u0161lapdribos rizika vietomis, ypa\u010d rytin\u0117je Lietuvos pus\u0117je.<\/p>\n<p>Pietvakari\u0173, piet\u0173 v\u0117jas bus stiprus \u2013 sieks 8\u201313 m\/s, o nakt\u012f paj\u016bryje g\u016bsiai i\u0161liks stipr\u016bs \u2013 iki 15\u201317 m\/s.<\/p>\n<p>Temperat\u016bra nakt\u012f sieks 1\u20136 laipsnius \u0161ilumos, o vakarin\u0117je \u0161alies dalyje bus \u0161il\u010diau \u2013 iki 7\u20139 laipsni\u0173. Dien\u0105 orai i\u0161liks v\u0117s\u016bs, temperat\u016bra svyruos nuo 7 iki 12 laipsni\u0173 \u0161ilumos.<\/p>\n<p>I\u0161lieka darganota, v\u0117juota ir dr\u0117gna<\/p>\n<p>Artimiausiomis dienomis vyraus rudeni\u0161kai ni\u016br\u016bs orai. Krituliai bus da\u017eni, daug kur palis, o vietomis pasirodys ir \u0161lapdriba. V\u0117jas i\u0161liks stiprokas, tod\u0117l juntamoji temperat\u016bra bus dar \u017eemesn\u0117 nei rodo termometrai.\u00a0<\/p>\n<p>Saul\u0117s \u0161viesa trumpam su\u017eib\u0117s tarp debes\u0173, bet bendra atmosferos nuotaika \u2013 v\u0117soka ir dr\u0117gna.<\/p>\n","protected":false},"excerpt":{"rendered":"Artimiausiomis dienomis Lietuvoje vyraus darganoti, permainingi orai. Orai bus veikiami aktyvaus ciklono, tod\u0117l laukia daug debes\u0173, krituli\u0173, stiprokas&hellip;\n","protected":false},"author":2,"featured_media":25786,"comment_status":"","ping_status":"","sticky":false,"template":"","format":"standard","meta":{"footnotes":""},"categories":[6],"tags":[25,30,31,34,35,441,5149,24,32,33,37,39,7836,36,38,40,23,7838,22,7837,7840,28,29,487,7026,658,7841,7839,26,27,7835,5654],"class_list":{"0":"post-25785","1":"post","2":"type-post","3":"status-publish","4":"format-standard","5":"has-post-thumbnail","7":"category-antrastes","8":"tag-antrastes","9":"tag-breaking-news","10":"tag-breakingnews","11":"tag-featured-news","12":"tag-featurednews","13":"tag-gali","14":"tag-galime","15":"tag-headlines","16":"tag-latest-news","17":"tag-latestnews","18":"tag-lietuva","19":"tag-lietuviu","20":"tag-lietuvius","21":"tag-lithuania","22":"tag-lithuanian","23":"tag-lt","24":"tag-naujienos","25":"tag-netiketa","26":"tag-news","27":"tag-pateike","28":"tag-pirmo","29":"tag-populiariausios-naujienos","30":"tag-populiariausiosnaujienos","31":"tag-prognoze","32":"tag-siandien","33":"tag-sinoptikai","34":"tag-sniego","35":"tag-sulaukti","36":"tag-top-stories","37":"tag-topstories","38":"tag-uzklupti","39":"tag-ziema"},"share_on_mastodon":{"url":"https:\/\/pubeurope.com\/@lt\/115440589381628327","error":""},"_links":{"self":[{"href":"https:\/\/www.europesays.com\/lt\/wp-json\/wp\/v2\/posts\/25785","targetHints":{"allow":["GET"]}}],"collection":[{"href":"https:\/\/www.europesays.com\/lt\/wp-json\/wp\/v2\/posts"}],"about":[{"href":"https:\/\/www.europesays.com\/lt\/wp-json\/wp\/v2\/types\/post"}],"author":[{"embeddable":true,"href":"https:\/\/www.europesays.com\/lt\/wp-json\/wp\/v2\/users\/2"}],"replies":[{"embeddable":true,"href":"https:\/\/www.europesays.com\/lt\/wp-json\/wp\/v2\/comments?post=25785"}],"version-history":[{"count":0,"href":"https:\/\/www.europesays.com\/lt\/wp-json\/wp\/v2\/posts\/25785\/revisions"}],"wp:featuredmedia":[{"embeddable":true,"href":"https:\/\/www.europesays.com\/lt\/wp-json\/wp\/v2\/media\/25786"}],"wp:attachment":[{"href":"https:\/\/www.europesays.com\/lt\/wp-json\/wp\/v2\/media?parent=25785"}],"wp:term":[{"taxonomy":"category","embeddable":true,"href":"https:\/\/www.europesays.com\/lt\/wp-json\/wp\/v2\/categories?post=25785"},{"taxonomy":"post_tag","embeddable":true,"href":"https:\/\/www.europesays.com\/lt\/wp-json\/wp\/v2\/tags?post=25785"}],"curies":[{"name":"wp","href":"https:\/\/api.w.org\/{rel}","templated":true}]}}