{"id":257888,"date":"2026-08-20T08:35:31","date_gmt":"2026-08-20T08:35:31","guid":{"rendered":"https:\/\/www.europesays.com\/lt\/257888\/"},"modified":"2026-08-20T08:35:31","modified_gmt":"2026-08-20T08:35:31","slug":"mindaugas-sinkevicius-privers-ministres-gimdyti-respublika-lt","status":"publish","type":"post","link":"https:\/\/www.europesays.com\/lt\/257888\/","title":{"rendered":"Mindaugas Sinkevi\u010dius privers ministres gimdyti &#8211; Respublika.lt"},"content":{"rendered":"<p><img loading=\"lazy\" decoding=\"async\" src=\"https:\/\/www.respublika.lt\/lt\/naujienos\/lietuva\/lietuvos_politika\/mindaugas-sinkevicius-privers-ministres-gimdyti\/images\/ico_camera_white.gif\" class=\"camera\" width=\"22\" height=\"15\" alt=\"nuotr.\" style=\"position:relative; top:-2px; right:2px;\"\/> 1 nuotr.<\/p>\n<p>Ar\u016bno Bernacko kolia\u017eas<\/p>\n<p style=\"text-align: justify;\" class=\"desktop_banner\">\u00a0<\/p>\n<p>Anot jo, pavyzd\u012f paprastiems pilie\u010diams turi parodyti ministrai ir ministr\u0117s, lai jie susilaukia daugiau vaik\u0173.<\/p>\n<p>Vyriausyb\u0117s vadovas neatmeta galimyb\u0117s parodyti ir asmenin\u012f pavyzd\u012f.<\/p>\n<p>Kad reikia gerinti demografin\u0119 pad\u0117t\u012f, sutinka lyg ir visi politikai, bet kaip reik\u0117t\u0173 tai padaryti, dar niekas nesugalvojo.<\/p>\n<p>Arba, jei ir sugalvojo, nepademonstravo. Gali b\u016bti, kad Sinkevi\u010dius pademonstruos.<\/p>\n<p>Duodamas interviu visuomeniniam transliuotojui, premjeras parei\u0161k\u0117 pusiau rimtai pasak\u0119s kolegoms, kad planas tur\u0117t\u0173 b\u016bti toks, jog ir ministrai susim\u0105styt\u0173 apie \u0161eimos pagaus\u0117jim\u0105.<\/p>\n<p>Jis nepamin\u0117jo atskirai ministri\u0173 moter\u0173, kuri\u0173 Vyriausyb\u0117je yra keturios, bet raginimas turb\u016bt skirtas ir joms.<\/p>\n<p>Teks gimdyti&#8230; Ir paskub\u0117ti, nes iki kadencijos pabaigos liko tik kiek daugiau nei dveji metai, o po to pavyzd\u012f jau tur\u0117s rodyti kiti ministrai ir ministr\u0117s.<\/p>\n<p>Jei gimdyti jau n\u0117ra galimyb\u0117s, Sinkevi\u010dius si\u016blo pagalvoti apie \u012fsivaikinim\u0105.<\/p>\n<p>Tinka abu variantai, kad tik \u0161eimos pagaus\u0117t\u0173.<\/p>\n<p>Sinkevi\u010dius tikina, kad nori pagausinti ir savo \u0161eim\u0105, kurioje yra du vaikai, bet su \u017emona d\u0117l to dar nesitar\u0117.<\/p>\n<p>Jei \u017emona prie\u0161taraus, teks \u012ftikinti kokiu nors Vyriausyb\u0117s potvarkiu.<\/p>\n","protected":false},"excerpt":{"rendered":"1 nuotr. Ar\u016bno Bernacko kolia\u017eas \u00a0 Anot jo, pavyzd\u012f paprastiems pilie\u010diams turi parodyti ministrai ir ministr\u0117s, lai jie&hellip;\n","protected":false},"author":2,"featured_media":257889,"comment_status":"","ping_status":"","sticky":false,"template":"","format":"standard","meta":{"footnotes":"","_share_on_mastodon":"0"},"categories":[13],"tags":[25,30,31,773,34,35,37628,24,32,33,37,39,36,38,40,37629,23,22,28,29,2937,26,27],"class_list":["post-257888","post","type-post","status-publish","format-standard","has-post-thumbnail","category-lietuva","tag-antrastes","tag-breaking-news","tag-breakingnews","tag-demografija","tag-featured-news","tag-featurednews","tag-gimdyves","tag-headlines","tag-latest-news","tag-latestnews","tag-lietuva","tag-lietuviu","tag-lithuania","tag-lithuanian","tag-lt","tag-minisrtes","tag-naujienos","tag-news","tag-populiariausios-naujienos","tag-populiariausiosnaujienos","tag-sinkevicius","tag-top-stories","tag-topstories"],"share_on_mastodon":{"url":"https:\/\/pubeurope.com\/@lt\/117126923768192719","error":""},"_links":{"self":[{"href":"https:\/\/www.europesays.com\/lt\/wp-json\/wp\/v2\/posts\/257888","targetHints":{"allow":["GET"]}}],"collection":[{"href":"https:\/\/www.europesays.com\/lt\/wp-json\/wp\/v2\/posts"}],"about":[{"href":"https:\/\/www.europesays.com\/lt\/wp-json\/wp\/v2\/types\/post"}],"author":[{"embeddable":true,"href":"https:\/\/www.europesays.com\/lt\/wp-json\/wp\/v2\/users\/2"}],"replies":[{"embeddable":true,"href":"https:\/\/www.europesays.com\/lt\/wp-json\/wp\/v2\/comments?post=257888"}],"version-history":[{"count":0,"href":"https:\/\/www.europesays.com\/lt\/wp-json\/wp\/v2\/posts\/257888\/revisions"}],"wp:featuredmedia":[{"embeddable":true,"href":"https:\/\/www.europesays.com\/lt\/wp-json\/wp\/v2\/media\/257889"}],"wp:attachment":[{"href":"https:\/\/www.europesays.com\/lt\/wp-json\/wp\/v2\/media?parent=257888"}],"wp:term":[{"taxonomy":"category","embeddable":true,"href":"https:\/\/www.europesays.com\/lt\/wp-json\/wp\/v2\/categories?post=257888"},{"taxonomy":"post_tag","embeddable":true,"href":"https:\/\/www.europesays.com\/lt\/wp-json\/wp\/v2\/tags?post=257888"}],"curies":[{"name":"wp","href":"https:\/\/api.w.org\/{rel}","templated":true}]}}