{"id":258036,"date":"2026-08-20T12:02:41","date_gmt":"2026-08-20T12:02:41","guid":{"rendered":"https:\/\/www.europesays.com\/lt\/258036\/"},"modified":"2026-08-20T12:02:41","modified_gmt":"2026-08-20T12:02:41","slug":"vilniuje-i-gatves-isriedejo-25-metru-ilgio-autobusas-paaiskejo-ir-jo-paskirtis","status":"publish","type":"post","link":"https:\/\/www.europesays.com\/lt\/258036\/","title":{"rendered":"Vilniuje \u012f gatves i\u0161ried\u0117jo 25 metr\u0173 ilgio autobusas: paai\u0161k\u0117jo ir jo paskirtis"},"content":{"rendered":"<p class=\"wp-block-paragraph\">Vilni\u0173 pasiek\u0117 dar nematytas, beveik 25 metr\u0173 ilgio autobusas. Tiesa, jo paskirtis bus kitokia nei kit\u0173 sostin\u0117s <a style=\"font-weight:bold;\" href=\"https:\/\/madeinvilnius.lt\/tema\/vilniaus-viesasis-transportas\/\" target=\"_blank\" rel=\"nofollow noopener\">vie\u0161ojo transporto<\/a> parke naudojam\u0173 autobus\u0173.<\/p>\n<p class=\"wp-block-paragraph\">Miesto gatv\u0117se \u0161i transporto priemon\u0117 bus tik testuojama, nes tai yra demonstracinis modelis, kuris jau buvo i\u0161bandytas ir kituose Europos miestuose. Vilniaus gatv\u0117se ne\u012fprast\u0105 autobus\u0105 jau sp\u0117jo u\u017efiksuoti ir pirmieji gyventojai.<\/p>\n<p class=\"wp-block-paragraph\">\u201eSolaris Urbino 24 electric\u201c trij\u0173 sekcij\u0173, dviej\u0173 lankst\u0173 transporto priemon\u0117s ilgis siekia net 24,8 metro, tod\u0117l tai yra vienas ilgiausi\u0173 \u201eSolaris\u201c gaminam\u0173 miesto autobus\u0173. \u012e Vilniaus autobus\u0173 park\u0105 Verki\u0173 gatv\u0117je demonstracinis modelis buvo atgabentas rugpj\u016b\u010dio 14-\u0105j\u0105. Autobusas pagamintas 2022 metais.<\/p>\n<p class=\"wp-block-paragraph\">Bandym\u0173 metu pirmiausia bus vertinama, kaip beveik 25 metr\u0173 ilgio transporto priemon\u0117 gali jud\u0117ti miesto gatv\u0117mis ir ar esama infrastrukt\u016bra yra pritaikyta tokio dyd\u017eio autobusams. Pana\u0161us bandymas sostin\u0117je jau vyko 2021\u20132022 metais, kai buvo testuojamas trij\u0173 sekcij\u0173 troleibusas \u201eSolaris Trollino 24\u201c.<\/p>\n<p class=\"wp-block-paragraph\">Tuomet paai\u0161k\u0117jo, kad norint toki\u0105 transporto priemon\u0119 naudoti reguliariai, tekt\u0173 pertvarkyti nema\u017eai stoteli\u0173, nes dalis j\u0173 tokio ilgio transportui yra per trumpos.\u00a0<\/p>\n<p>MadeinVilnius.lt informacij\u0105 skelbti, cituoti ar kitaip atgaminti visuomen\u0117s informavimo priemon\u0117se bei interneto tinklalapiuose be ra\u0161ti\u0161ko UAB \u201eNaujosios medijos grup\u0117s\u201c sutikimo neleid\u017eiama.<img decoding=\"async\" class=\"wp-image-10416 alignright\" src=\"https:\/\/www.europesays.com\/lt\/wp-content\/uploads\/2026\/08\/1787227361_654_Made-In-Vilnius-main-RGB-e1665487819114.png\" alt=\"MadeinVilnius.lt\" width=\"100\" style=\"margin-right: 20px\"\/><a class=\"mv-pp\" id=\"mv-postpromo\" href=\"https:\/\/madeinvilnius.lt\/vilnius-gyvai\/viesasis-transportas\/#mv-eismas\" aria-label=\"Vilnius gyvai \u2013 atverti transporto centr\u0105\" rel=\"nofollow noopener\" target=\"_blank\">GYVAIVilnius gyvaiVilniaus vie\u0161asis transportas realiu laikuAutobus\u0173 ir troleibus\u0173 tvarkara\u0161\u010diai, stoteli\u0173 \u0161vieslent\u0117s, mar\u0161rutai ir \u017eem\u0117lapis su v\u0117lavimais \u2014 vienoje vietoje.\u0160i\u0105 savait\u0119 punktualiausias mar\u0161rutas \u2013 24 (vid. nuokrypis ~-0,2 min).\u2014priemoni\u0173 dabar\u2014vid. v\u0117lavimas\u2014v\u0117luoja &gt;2 minJungiamasi prie gyv\u0173 duomen\u0173\u2026<\/a> <\/p>\n","protected":false},"excerpt":{"rendered":"Vilni\u0173 pasiek\u0117 dar nematytas, beveik 25 metr\u0173 ilgio autobusas. Tiesa, jo paskirtis bus kitokia nei kit\u0173 sostin\u0117s vie\u0161ojo&hellip;\n","protected":false},"author":2,"featured_media":258037,"comment_status":"","ping_status":"","sticky":false,"template":"","format":"standard","meta":{"footnotes":"","_share_on_mastodon":"0"},"categories":[13],"tags":[25,5626,30,31,34,35,24,32,33,37,39,36,38,40,1774,65,23,22,28,29,26,27,5627],"class_list":["post-258036","post","type-post","status-publish","format-standard","has-post-thumbnail","category-lietuva","tag-antrastes","tag-autobusai","tag-breaking-news","tag-breakingnews","tag-featured-news","tag-featurednews","tag-headlines","tag-latest-news","tag-latestnews","tag-lietuva","tag-lietuviu","tag-lithuania","tag-lithuanian","tag-lt","tag-madeinvilnius","tag-naujiena","tag-naujienos","tag-news","tag-populiariausios-naujienos","tag-populiariausiosnaujienos","tag-top-stories","tag-topstories","tag-vilniaus-viesasis-transportas"],"share_on_mastodon":{"url":"https:\/\/pubeurope.com\/@lt\/117127738034432988","error":""},"_links":{"self":[{"href":"https:\/\/www.europesays.com\/lt\/wp-json\/wp\/v2\/posts\/258036","targetHints":{"allow":["GET"]}}],"collection":[{"href":"https:\/\/www.europesays.com\/lt\/wp-json\/wp\/v2\/posts"}],"about":[{"href":"https:\/\/www.europesays.com\/lt\/wp-json\/wp\/v2\/types\/post"}],"author":[{"embeddable":true,"href":"https:\/\/www.europesays.com\/lt\/wp-json\/wp\/v2\/users\/2"}],"replies":[{"embeddable":true,"href":"https:\/\/www.europesays.com\/lt\/wp-json\/wp\/v2\/comments?post=258036"}],"version-history":[{"count":0,"href":"https:\/\/www.europesays.com\/lt\/wp-json\/wp\/v2\/posts\/258036\/revisions"}],"wp:featuredmedia":[{"embeddable":true,"href":"https:\/\/www.europesays.com\/lt\/wp-json\/wp\/v2\/media\/258037"}],"wp:attachment":[{"href":"https:\/\/www.europesays.com\/lt\/wp-json\/wp\/v2\/media?parent=258036"}],"wp:term":[{"taxonomy":"category","embeddable":true,"href":"https:\/\/www.europesays.com\/lt\/wp-json\/wp\/v2\/categories?post=258036"},{"taxonomy":"post_tag","embeddable":true,"href":"https:\/\/www.europesays.com\/lt\/wp-json\/wp\/v2\/tags?post=258036"}],"curies":[{"name":"wp","href":"https:\/\/api.w.org\/{rel}","templated":true}]}}