{"id":258186,"date":"2026-08-20T14:40:35","date_gmt":"2026-08-20T14:40:35","guid":{"rendered":"https:\/\/www.europesays.com\/lt\/258186\/"},"modified":"2026-08-20T14:40:35","modified_gmt":"2026-08-20T14:40:35","slug":"ukrainieciai-seniai-stebejo-rusijos-veiksmus-respublika-lt","status":"publish","type":"post","link":"https:\/\/www.europesays.com\/lt\/258186\/","title":{"rendered":"Ukrainie\u010diai seniai steb\u0117jo Rusijos veiksmus &#8211; Respublika.lt"},"content":{"rendered":"<p><img loading=\"lazy\" decoding=\"async\" src=\"https:\/\/www.respublika.lt\/lt\/naujienos\/pasaulis\/kitos_pasaulio_naujienos\/ukrainieciai-seniai-stebejo-rusijos-veiksmus\/images\/ico_camera_white.gif\" class=\"camera\" width=\"22\" height=\"15\" alt=\"nuotr.\" style=\"position:relative; top:-2px; right:2px;\"\/> 1 nuotr.<\/p>\n<p>Asociatyvi Pexels.com nuotr.<\/p>\n<p>Siekdamas sukurti atsvar\u0105 Maskvai, Kijevas dar iki Rusijos invazijos \u012f Ukrain\u0105 prad\u017eios naudojo \u017evalgybines nuotraukas, teigia \u201eNew York Times&#8221;.<\/p>\n<p style=\"text-align: justify;\" class=\"desktop_banner\">\u00a0<\/p>\n<p>\u201eUkrainie\u010diai, kovodami su Rusija dar iki 2022 m., jau naudojo palydovines nuotraukas, kurias jiems teik\u0117 s\u0105junginink\u0173 vyriausyb\u0117s ir komercin\u0117s \u012fmon\u0117s. Ta\u010diau ilg\u0105 laik\u0105 tai buvo deficitinis informacijos resursas&#8221;, &#8211; ra\u0161o laikra\u0161tis, nenurodydamas \u0161ios informacijos \u0161altinio.<\/p>\n<p>Pasak NYT, tik auk\u0161to rango vadai tur\u0117jo prieig\u0105 prie toki\u0173 duomen\u0173, ta\u010diau ji vis tiek buvo ribota bei veik\u0117 su trikd\u017eiais. 2025 m. kov\u0105 \u201eMaxar Technologies&#8221; kelioms dienoms buvo nutraukusi palydovini\u0173 vaizd\u0173 dalijim\u0105si su Ukraina.<\/p>\n<p>U\u017etat per pastaruosius metus, \u012fsijungus Amerikos vyriausybei ir priva\u010dioms \u012fmon\u0117ms, Kijevo prieiga prie toki\u0173 duomen\u0173 \u017eenkliai pager\u0117jo.<\/p>\n<p>Be to, komercinis Ukrainos partneris \u201eVantor&#8221; neseniai \u012f orbit\u0105 paleido \u0161e\u0161is naujus palydovus, padidindamas bendr\u0105 j\u0173 skai\u010di\u0173 iki de\u0161imties. \u012emon\u0117s pl\u0117tros direktorius Vilas Kokosas (Will Cocos) teigia, kad dabar jie gali kasdien apr\u0117pti iki 7 mln. kv. km. siekian\u010di\u0105 teritorij\u0105.<\/p>\n<p>2025 m. kov\u0105 JAV buvo nutraukusios \u017evalgybini\u0173 duomen\u0173 perdavim\u0105 Ukrainai, ta\u010diau palaipsniui bendradarbiavim\u0105 pavyko atkurti, gruod\u012f patikino valstyb\u0117s sekretorius Markas Rubijus (Marco Rubio).<\/p>\n<p>O \u0161i\u0173 met\u0173 bir\u017eel\u012f jis pabr\u0117\u017e\u0117, jog Jungtin\u0117s Valstijos nevaidina ne\u0161ali\u0161ko tarpininko vaidmens ir palaiko Kijev\u0105.<\/p>\n<p>Patiko straipsnis? Leisk mums apie tai su\u017einoti. Nepamir\u0161k pasidalinti Facebook! <\/p>\n<p><img loading=\"lazy\" decoding=\"async\" class=\"p2_social_circle_icon\" src=\"https:\/\/www.respublika.lt\/images\/thumbs_up.svg\" width=\"21\" height=\"22\" alt=\"L\"\/><\/p>\n<p><img loading=\"lazy\" decoding=\"async\" class=\"p2_social_circle_icon\" src=\"https:\/\/www.respublika.lt\/images\/facebook.svg\" alt=\"F\" width=\"22\" height=\"22\" style=\"filter: invert(37%) sepia(55%) saturate(2351%) hue-rotate(187deg) brightness(102%) contrast(106%);\"\/><\/p>\n<p>&#13;<br \/>\n\tNesutinkate &#8211; diskutuokime!<br \/>&#13;<br \/>\n\tNepykite komentatoriai, bet komentarai su keiksma\u017eod\u017eiais bus \u0161alinami automati\u0161kai, be atsipra\u0161ymo.\n    <\/p>\n<p>&#13;<br \/>\n              Respublika.lt pasilieka teis\u0119 pa\u0161alinti nekult\u016bringus, keiksma\u017eod\u017eiais pagardintus, su tema nesusijusius, kito asmens vardu pasira\u0161ytus, \u012fstatymus pa\u017eeid\u017eian\u010dius, \u0161lam\u0161t\u0105 reklamuojan\u010dius ar nusikalsti kurstan\u010dius komentarus. Jei kurstysite smurt\u0105, rasin\u0119, tautin\u0119, religin\u0119 ar kitokio pob\u016bd\u017eio neapykant\u0105, \u017evirbliu i\u0161skrid\u0119 j\u016bs\u0173 \u017eod\u017eiai gr\u012f\u017edami gali virsti ton\u0105 sverian\u010diu jau\u010diu &#8211; specialiosioms Lietuvos tarnyboms pareikalavus suteiksime j\u016bs\u0173 duomenis.\n            <\/p>\n","protected":false},"excerpt":{"rendered":"1 nuotr. Asociatyvi Pexels.com nuotr. Siekdamas sukurti atsvar\u0105 Maskvai, Kijevas dar iki Rusijos invazijos \u012f Ukrain\u0105 prad\u017eios naudojo&hellip;\n","protected":false},"author":2,"featured_media":258187,"comment_status":"","ping_status":"","sticky":false,"template":"","format":"standard","meta":{"footnotes":"","_share_on_mastodon":"0"},"categories":[15],"tags":[25,30,31,34,35,24,32,33,37,39,36,38,40,23,22,8562,44,28,29,10156,119,26,27,360,74,75,76,2045],"class_list":["post-258186","post","type-post","status-publish","format-standard","has-post-thumbnail","category-pasaulis","tag-antrastes","tag-breaking-news","tag-breakingnews","tag-featured-news","tag-featurednews","tag-headlines","tag-latest-news","tag-latestnews","tag-lietuva","tag-lietuviu","tag-lithuania","tag-lithuanian","tag-lt","tag-naujienos","tag-news","tag-palydovai","tag-pasaulis","tag-populiariausios-naujienos","tag-populiariausiosnaujienos","tag-rubio","tag-rusija","tag-top-stories","tag-topstories","tag-ukraina","tag-world","tag-world-news","tag-worldnews","tag-zvalgyba"],"share_on_mastodon":{"url":"https:\/\/pubeurope.com\/@lt\/117128359326674294","error":""},"_links":{"self":[{"href":"https:\/\/www.europesays.com\/lt\/wp-json\/wp\/v2\/posts\/258186","targetHints":{"allow":["GET"]}}],"collection":[{"href":"https:\/\/www.europesays.com\/lt\/wp-json\/wp\/v2\/posts"}],"about":[{"href":"https:\/\/www.europesays.com\/lt\/wp-json\/wp\/v2\/types\/post"}],"author":[{"embeddable":true,"href":"https:\/\/www.europesays.com\/lt\/wp-json\/wp\/v2\/users\/2"}],"replies":[{"embeddable":true,"href":"https:\/\/www.europesays.com\/lt\/wp-json\/wp\/v2\/comments?post=258186"}],"version-history":[{"count":0,"href":"https:\/\/www.europesays.com\/lt\/wp-json\/wp\/v2\/posts\/258186\/revisions"}],"wp:featuredmedia":[{"embeddable":true,"href":"https:\/\/www.europesays.com\/lt\/wp-json\/wp\/v2\/media\/258187"}],"wp:attachment":[{"href":"https:\/\/www.europesays.com\/lt\/wp-json\/wp\/v2\/media?parent=258186"}],"wp:term":[{"taxonomy":"category","embeddable":true,"href":"https:\/\/www.europesays.com\/lt\/wp-json\/wp\/v2\/categories?post=258186"},{"taxonomy":"post_tag","embeddable":true,"href":"https:\/\/www.europesays.com\/lt\/wp-json\/wp\/v2\/tags?post=258186"}],"curies":[{"name":"wp","href":"https:\/\/api.w.org\/{rel}","templated":true}]}}