{"id":25881,"date":"2025-10-26T15:21:56","date_gmt":"2025-10-26T15:21:56","guid":{"rendered":"https:\/\/www.europesays.com\/lt\/25881\/"},"modified":"2025-10-26T15:21:56","modified_gmt":"2025-10-26T15:21:56","slug":"verslininkas-danielius-bunkus-parduoda-mylima-automobili-atskleide-priezasti-ir-kaina","status":"publish","type":"post","link":"https:\/\/www.europesays.com\/lt\/25881\/","title":{"rendered":"Verslininkas Danielius Bunkus parduoda mylim\u0105 automobil\u012f: atskleid\u0117 prie\u017east\u012f ir kain\u0105"},"content":{"rendered":"\n<p style=\"text-align:justify\">Naujien\u0173 portalui <a href=\"https:\/\/www.tv3.lt\/programos\/tv3\/pilna\" target=\"_blank\" class=\"phrase\" rel=\"nofollow noopener\">tv3<\/a>.lt susisiekus su Danieliumi \u0161is atvirauja, kad naujasis pirkinys \u2013 elektrinis \u201eMercedes\u201c SUV tipo automobil\u012f,\u00a0o su senuoju \u201eBMW\u201c tenka atsisveikinti tik d\u0117l racionali\u0173 prie\u017eas\u010di\u0173.<\/p>\n<p>   Verslininkas <a href=\"https:\/\/www.tv3.lt\/gaires\/danielius-bunkus\" target=\"_blank\" class=\"phrase\" rel=\"nofollow noopener\">Danielius Bunkus<\/a> parduoda mylim\u0105 automobil\u012f: atskleid\u0117 prie\u017east\u012f ir kain\u0105(23 nuotr.) <a style=\"height: 63vw;\" itemprop=\"contentUrl\" data-size=\"0x0\" href=\"#gid=115442&amp;pid=1\" data-href=\"https:\/\/static4.inspektorius.lt\/usi\/800x600\/2\/ae\/d8\/27\/aed827c0f08f8ae979702aa46695ec93.jpg?v=4.2.7.280&amp;t=cr&amp;s=800x600&amp;m=2&amp;f=\/Uploads\/UGallery\/photos\/67\/70\/bb\/bc\/6770bbbcf732a67390e47feb8b3cd800.jpg\" rel=\"nofollow\" target=\"_blank\"><img decoding=\"async\" style=\"height: 63vw; object-fit: cover;\" itemprop=\"thumbnail\" class=\"newsPhoto300 landscape\" id=\"imgid-115442-2577558\" alt=\"1\" src=\"https:\/\/www.europesays.com\/lt\/wp-content\/uploads\/2025\/10\/6770bbbcf732a67390e47feb8b3cd800.jpg\" title=\"Verslininkas Danielius Bunkus parduoda mylim\u0105 automobil\u012f: atskleid\u0117 prie\u017east\u012f ir kain\u0105 (nuotr. Inebara)  \" loading=\"lazy\" \/> <\/a> <\/p>\n<p>Verslininkas Danielius Bunkus parduoda mylim\u0105 automobil\u012f: atskleid\u0117 prie\u017east\u012f ir kain\u0105 (nuotr. Inebara)  <\/p>\n<p>  <a itemprop=\"contentUrl\" data-size=\"0x0\" href=\"#gid=115442&amp;pid=2\" data-href=\"https:\/\/static4.inspektorius.lt\/usi\/800x600\/2\/67\/89\/9e\/67899ed23f78ea067df2d15bfb1489ee.jpg?v=4.2.7.280&amp;t=cr&amp;s=800x600&amp;m=2&amp;f=\/Uploads\/UGallery\/photos\/c6\/93\/fe\/8d\/c693fe8d3bdf9d9bead1cef389de6fa1.jpg\" rel=\"nofollow\" target=\"_blank\"><img decoding=\"async\" itemprop=\"thumbnail\" class=\"newsPhoto300 portrait\" id=\"imgid-115442-2577560\" alt=\"2\" src=\"https:\/\/www.europesays.com\/lt\/wp-content\/uploads\/2025\/10\/c693fe8d3bdf9d9bead1cef389de6fa1.jpg\" title=\"Verslininkas Danielius Bunkus parduoda mylim\u0105 automobil\u012f: atskleid\u0117 prie\u017east\u012f ir kain\u0105 (nuotr. Inebara)  \" loading=\"lazy\" \/> <\/a> <\/p>\n<p>Verslininkas Danielius Bunkus parduoda mylim\u0105 automobil\u012f: atskleid\u0117 prie\u017east\u012f ir kain\u0105 (nuotr. Inebara)  <\/p>\n<p>  <a itemprop=\"contentUrl\" data-size=\"0x0\" href=\"#gid=115442&amp;pid=3\" data-href=\"https:\/\/static4.inspektorius.lt\/usi\/800x600\/2\/6e\/dd\/ca\/6eddca7b7846ed1c5e790790f6735724.jpg?v=4.2.7.280&amp;t=cr&amp;s=800x600&amp;m=2&amp;f=\/Uploads\/UGallery\/photos\/ad\/a7\/45\/24\/ada74524b6ff3082e836d888f15356d8.jpg\" rel=\"nofollow\" target=\"_blank\"><img decoding=\"async\" itemprop=\"thumbnail\" class=\"newsPhoto300 portrait\" id=\"imgid-115442-2577561\" alt=\"3\" src=\"https:\/\/www.europesays.com\/lt\/wp-content\/uploads\/2025\/10\/ada74524b6ff3082e836d888f15356d8.jpg\" title=\"Verslininkas Danielius Bunkus parduoda mylim\u0105 automobil\u012f: atskleid\u0117 prie\u017east\u012f ir kain\u0105 (nuotr. Inebara)  \" loading=\"lazy\" \/> <\/a> <\/p>\n<p>Verslininkas Danielius Bunkus parduoda mylim\u0105 automobil\u012f: atskleid\u0117 prie\u017east\u012f ir kain\u0105 (nuotr. Inebara)  <\/p>\n<p>  <a itemprop=\"contentUrl\" data-size=\"0x0\" href=\"#gid=115442&amp;pid=4\" data-href=\"https:\/\/static4.inspektorius.lt\/usi\/800x600\/2\/a8\/a5\/74\/a8a57426f7ec583f3c6d659005cc24de.jpg?v=4.2.7.280&amp;t=cr&amp;s=800x600&amp;m=2&amp;f=\/Uploads\/UGallery\/photos\/b7\/8b\/4c\/a7\/b78b4ca76782e56515962b9cd2cde8ef.jpg\" rel=\"nofollow\" target=\"_blank\"><img decoding=\"async\" itemprop=\"thumbnail\" class=\"newsPhoto300 portrait\" id=\"imgid-115442-2577562\" alt=\"4\" src=\"https:\/\/www.europesays.com\/lt\/wp-content\/uploads\/2025\/10\/b78b4ca76782e56515962b9cd2cde8ef.jpg\" title=\"Verslininkas Danielius Bunkus parduoda mylim\u0105 automobil\u012f: atskleid\u0117 prie\u017east\u012f ir kain\u0105 (nuotr. Inebara)  \" loading=\"lazy\" \/> <\/a> <\/p>\n<p>Verslininkas Danielius Bunkus parduoda mylim\u0105 automobil\u012f: atskleid\u0117 prie\u017east\u012f ir kain\u0105 (nuotr. Inebara)  <\/p>\n<p>  <a itemprop=\"contentUrl\" data-size=\"0x0\" href=\"#gid=115442&amp;pid=5\" data-href=\"https:\/\/static4.inspektorius.lt\/usi\/800x600\/2\/99\/36\/f2\/9936f221e3566beafd5e6ca0a2e4b030.jpg?v=4.2.7.280&amp;t=cr&amp;s=800x600&amp;m=2&amp;f=\/Uploads\/UGallery\/photos\/69\/73\/16\/83\/6973168397f6c1868dd0582ff3a00273.jpg\" rel=\"nofollow\" target=\"_blank\"><img decoding=\"async\" itemprop=\"thumbnail\" class=\"newsPhoto300 portrait\" id=\"imgid-115442-2577563\" alt=\"5\" src=\"https:\/\/www.europesays.com\/lt\/wp-content\/uploads\/2025\/10\/6973168397f6c1868dd0582ff3a00273.jpg\" title=\"Verslininkas Danielius Bunkus parduoda mylim\u0105 automobil\u012f: atskleid\u0117 prie\u017east\u012f ir kain\u0105 (nuotr. Inebara)  \" loading=\"lazy\" \/> <\/a> <\/p>\n<p>Verslininkas Danielius Bunkus parduoda mylim\u0105 automobil\u012f: atskleid\u0117 prie\u017east\u012f ir kain\u0105 (nuotr. Inebara)  <\/p>\n<p>  <a itemprop=\"contentUrl\" data-size=\"0x0\" href=\"#gid=115442&amp;pid=6\" data-href=\"https:\/\/static4.inspektorius.lt\/usi\/800x600\/2\/c7\/88\/d8\/c788d8123193c06512d014b70ef5df64.jpg?v=4.2.7.280&amp;t=cr&amp;s=800x600&amp;m=2&amp;f=\/Uploads\/UGallery\/photos\/32\/a7\/77\/e5\/32a777e50bd99be9698c704c0a059241.jpg\" rel=\"nofollow\" target=\"_blank\"><img decoding=\"async\" itemprop=\"thumbnail\" class=\"newsPhoto300 portrait\" id=\"imgid-115442-2577564\" alt=\"6\" src=\"https:\/\/www.europesays.com\/lt\/wp-content\/uploads\/2025\/10\/32a777e50bd99be9698c704c0a059241.jpg\" title=\"Verslininkas Danielius Bunkus parduoda mylim\u0105 automobil\u012f: atskleid\u0117 prie\u017east\u012f ir kain\u0105 (nuotr. Inebara)  \" loading=\"lazy\" \/> <\/a> <\/p>\n<p>Verslininkas Danielius Bunkus parduoda mylim\u0105 automobil\u012f: atskleid\u0117 prie\u017east\u012f ir kain\u0105 (nuotr. Inebara)  <\/p>\n<p>  <a itemprop=\"contentUrl\" data-size=\"0x0\" href=\"#gid=115442&amp;pid=7\" data-href=\"https:\/\/static4.inspektorius.lt\/usi\/800x600\/2\/de\/b2\/bd\/deb2bd37560b744ca6e2b9a7e3214446.jpg?v=4.2.7.280&amp;t=cr&amp;s=800x600&amp;m=2&amp;f=\/Uploads\/UGallery\/photos\/e3\/a6\/74\/41\/e3a6744174b0e8e0038924f37b7b36e2.jpg\" rel=\"nofollow\" target=\"_blank\"><img decoding=\"async\" itemprop=\"thumbnail\" class=\"newsPhoto300 portrait\" id=\"imgid-115442-2577568\" alt=\"7\" src=\"https:\/\/www.europesays.com\/lt\/wp-content\/uploads\/2025\/10\/e3a6744174b0e8e0038924f37b7b36e2.jpg\" title=\"Verslininkas Danielius Bunkus parduoda mylim\u0105 automobil\u012f: atskleid\u0117 prie\u017east\u012f ir kain\u0105 (nuotr. Inebara)  \" loading=\"lazy\" \/> <\/a> <\/p>\n<p>Verslininkas Danielius Bunkus parduoda mylim\u0105 automobil\u012f: atskleid\u0117 prie\u017east\u012f ir kain\u0105 (nuotr. Inebara)  <\/p>\n<p>  <a itemprop=\"contentUrl\" data-size=\"0x0\" href=\"#gid=115442&amp;pid=8\" data-href=\"https:\/\/static4.inspektorius.lt\/usi\/800x600\/2\/35\/80\/7b\/35807be4c4bb25c86f10a86fbdc40823.jpg?v=4.2.7.280&amp;t=cr&amp;s=800x600&amp;m=2&amp;f=\/Uploads\/UGallery\/photos\/5b\/f2\/2b\/6c\/5bf22b6cd3c450642aec9b4180e587d4.jpg\" rel=\"nofollow\" target=\"_blank\"><img decoding=\"async\" itemprop=\"thumbnail\" class=\"newsPhoto300 portrait\" id=\"imgid-115442-2577569\" alt=\"8\" src=\"https:\/\/www.europesays.com\/lt\/wp-content\/uploads\/2025\/10\/5bf22b6cd3c450642aec9b4180e587d4.jpg\" title=\"Verslininkas Danielius Bunkus parduoda mylim\u0105 automobil\u012f: atskleid\u0117 prie\u017east\u012f ir kain\u0105 (nuotr. Inebara)  \" loading=\"lazy\" \/> <\/a> <\/p>\n<p>Verslininkas Danielius Bunkus parduoda mylim\u0105 automobil\u012f: atskleid\u0117 prie\u017east\u012f ir kain\u0105 (nuotr. Inebara)  <\/p>\n<p>  <a itemprop=\"contentUrl\" data-size=\"0x0\" href=\"#gid=115442&amp;pid=9\" data-href=\"https:\/\/static4.inspektorius.lt\/usi\/800x600\/2\/e7\/ff\/d7\/e7ffd7322e48f0f63293adb918a3d462.jpg?v=4.2.7.280&amp;t=cr&amp;s=800x600&amp;m=2&amp;f=\/Uploads\/UGallery\/photos\/c7\/6e\/53\/5b\/c76e535bfa101566d911ebbd64bec148.jpg\" rel=\"nofollow\" target=\"_blank\"><img decoding=\"async\" itemprop=\"thumbnail\" class=\"newsPhoto300 portrait\" id=\"imgid-115442-2577571\" alt=\"9\" src=\"https:\/\/www.europesays.com\/lt\/wp-content\/uploads\/2025\/10\/c76e535bfa101566d911ebbd64bec148.jpg\" title=\"Verslininkas Danielius Bunkus parduoda mylim\u0105 automobil\u012f: atskleid\u0117 prie\u017east\u012f ir kain\u0105 (nuotr. Inebara)  \" loading=\"lazy\" \/> <\/a> <\/p>\n<p>Verslininkas Danielius Bunkus parduoda mylim\u0105 automobil\u012f: atskleid\u0117 prie\u017east\u012f ir kain\u0105 (nuotr. Inebara)  <\/p>\n<p>  <a itemprop=\"contentUrl\" data-size=\"0x0\" href=\"#gid=115442&amp;pid=10\" data-href=\"https:\/\/static4.inspektorius.lt\/usi\/800x600\/2\/f8\/11\/f0\/f811f0f31e548739a12df46886bf88ff.jpg?v=4.2.7.280&amp;t=cr&amp;s=800x600&amp;m=2&amp;f=\/Uploads\/UGallery\/photos\/c4\/da\/0c\/96\/c4da0c968418ce30fcc9c4cac5e1ead9.jpg\" rel=\"nofollow\" target=\"_blank\"><img decoding=\"async\" itemprop=\"thumbnail\" class=\"newsPhoto300 portrait\" id=\"imgid-115442-2577572\" alt=\"10\" src=\"https:\/\/www.europesays.com\/lt\/wp-content\/uploads\/2025\/10\/c4da0c968418ce30fcc9c4cac5e1ead9.jpg\" title=\"Verslininkas Danielius Bunkus parduoda mylim\u0105 automobil\u012f: atskleid\u0117 prie\u017east\u012f ir kain\u0105 (nuotr. Inebara)  \" loading=\"lazy\" \/> <\/a> <\/p>\n<p>Verslininkas Danielius Bunkus parduoda mylim\u0105 automobil\u012f: atskleid\u0117 prie\u017east\u012f ir kain\u0105 (nuotr. Inebara)  <\/p>\n<p>  <a itemprop=\"contentUrl\" data-size=\"0x0\" href=\"#gid=115442&amp;pid=11\" data-href=\"https:\/\/static4.inspektorius.lt\/usi\/800x600\/2\/89\/ab\/d4\/89abd42726af47e4847f4073b4c62303.jpg?v=4.2.7.280&amp;t=cr&amp;s=800x600&amp;m=2&amp;f=\/Uploads\/UGallery\/photos\/97\/6e\/fe\/f4\/976efef47fb77cc75334ff0f88d8e007.jpg\" rel=\"nofollow\" target=\"_blank\"><img decoding=\"async\" itemprop=\"thumbnail\" class=\"newsPhoto300 portrait\" id=\"imgid-115442-2577573\" alt=\"11\" src=\"https:\/\/www.europesays.com\/lt\/wp-content\/uploads\/2025\/10\/976efef47fb77cc75334ff0f88d8e007.jpg\" title=\"Verslininkas Danielius Bunkus parduoda mylim\u0105 automobil\u012f: atskleid\u0117 prie\u017east\u012f ir kain\u0105 (nuotr. Inebara)  \" loading=\"lazy\" \/> <\/a> <\/p>\n<p>Verslininkas Danielius Bunkus parduoda mylim\u0105 automobil\u012f: atskleid\u0117 prie\u017east\u012f ir kain\u0105 (nuotr. Inebara)  <\/p>\n<p>  <a itemprop=\"contentUrl\" data-size=\"0x0\" href=\"#gid=115442&amp;pid=12\" data-href=\"https:\/\/static4.inspektorius.lt\/usi\/800x600\/2\/c1\/2a\/43\/c12a431fe08632128c5e0a38b3e93544.jpg?v=4.2.7.280&amp;t=cr&amp;s=800x600&amp;m=2&amp;f=\/Uploads\/UGallery\/photos\/52\/fa\/12\/7c\/52fa127cc334862e7f982f4544e61626.jpg\" rel=\"nofollow\" target=\"_blank\"><img decoding=\"async\" itemprop=\"thumbnail\" class=\"newsPhoto300 portrait\" id=\"imgid-115442-2577576\" alt=\"12\" src=\"https:\/\/www.europesays.com\/lt\/wp-content\/uploads\/2025\/10\/52fa127cc334862e7f982f4544e61626.jpg\" title=\"Verslininkas Danielius Bunkus parduoda mylim\u0105 automobil\u012f: atskleid\u0117 prie\u017east\u012f ir kain\u0105 (nuotr. Inebara)  \" loading=\"lazy\" \/> <\/a> <\/p>\n<p>Verslininkas Danielius Bunkus parduoda mylim\u0105 automobil\u012f: atskleid\u0117 prie\u017east\u012f ir kain\u0105 (nuotr. Inebara)  <\/p>\n<p>  <a itemprop=\"contentUrl\" data-size=\"0x0\" href=\"#gid=115442&amp;pid=13\" data-href=\"https:\/\/static4.inspektorius.lt\/usi\/800x600\/2\/b1\/a7\/34\/b1a73442da41656e014f38fc59c012c7.jpg?v=4.2.7.280&amp;t=cr&amp;s=800x600&amp;m=2&amp;f=\/Uploads\/UGallery\/photos\/5e\/ca\/d9\/7e\/5ecad97e6408f403ced23bac0f33cc32.jpg\" rel=\"nofollow\" target=\"_blank\"><img decoding=\"async\" itemprop=\"thumbnail\" class=\"newsPhoto300 portrait\" id=\"imgid-115442-2577577\" alt=\"13\" src=\"https:\/\/www.europesays.com\/lt\/wp-content\/uploads\/2025\/10\/5ecad97e6408f403ced23bac0f33cc32.jpg\" title=\"Verslininkas Danielius Bunkus parduoda mylim\u0105 automobil\u012f: atskleid\u0117 prie\u017east\u012f ir kain\u0105 (nuotr. Inebara)  \" loading=\"lazy\" \/> <\/a> <\/p>\n<p>Verslininkas Danielius Bunkus parduoda mylim\u0105 automobil\u012f: atskleid\u0117 prie\u017east\u012f ir kain\u0105 (nuotr. Inebara)  <\/p>\n<p>  <a itemprop=\"contentUrl\" data-size=\"0x0\" href=\"#gid=115442&amp;pid=14\" data-href=\"https:\/\/static4.inspektorius.lt\/usi\/800x600\/2\/67\/bd\/23\/67bd230de84497fc7e2d283a266b822d.jpg?v=4.2.7.280&amp;t=cr&amp;s=800x600&amp;m=2&amp;f=\/Uploads\/UGallery\/photos\/37\/0a\/32\/6f\/370a326fcdc84b5dd252b8d27283d988.jpg\" rel=\"nofollow\" target=\"_blank\"><img decoding=\"async\" itemprop=\"thumbnail\" class=\"newsPhoto300 portrait\" id=\"imgid-115442-2577584\" alt=\"14\" src=\"https:\/\/www.europesays.com\/lt\/wp-content\/uploads\/2025\/10\/370a326fcdc84b5dd252b8d27283d988.jpg\" title=\"Verslininkas Danielius Bunkus parduoda mylim\u0105 automobil\u012f: atskleid\u0117 prie\u017east\u012f ir kain\u0105 (nuotr. Inebara)  \" loading=\"lazy\" \/> <\/a> <\/p>\n<p>Verslininkas Danielius Bunkus parduoda mylim\u0105 automobil\u012f: atskleid\u0117 prie\u017east\u012f ir kain\u0105 (nuotr. Inebara)  <\/p>\n<p>  <a itemprop=\"contentUrl\" data-size=\"0x0\" href=\"#gid=115442&amp;pid=15\" data-href=\"https:\/\/static4.inspektorius.lt\/usi\/800x600\/2\/60\/ad\/21\/60ad21c3c6a304b897cd84e1742cf6ea.jpg?v=4.2.7.280&amp;t=cr&amp;s=800x600&amp;m=2&amp;f=\/Uploads\/UGallery\/photos\/8e\/aa\/c6\/9c\/8eaac69cce2da650bdb3633a192a0729.jpg\" rel=\"nofollow\" target=\"_blank\"><img decoding=\"async\" itemprop=\"thumbnail\" class=\"newsPhoto300 portrait\" id=\"imgid-115442-2577586\" alt=\"15\" src=\"https:\/\/www.europesays.com\/lt\/wp-content\/uploads\/2025\/10\/8eaac69cce2da650bdb3633a192a0729.jpg\" title=\"Verslininkas Danielius Bunkus parduoda mylim\u0105 automobil\u012f: atskleid\u0117 prie\u017east\u012f ir kain\u0105 (nuotr. Inebara)  \" loading=\"lazy\" \/> <\/a> <\/p>\n<p>Verslininkas Danielius Bunkus parduoda mylim\u0105 automobil\u012f: atskleid\u0117 prie\u017east\u012f ir kain\u0105 (nuotr. Inebara)  <\/p>\n<p>  <a itemprop=\"contentUrl\" data-size=\"0x0\" href=\"#gid=115442&amp;pid=16\" data-href=\"https:\/\/static4.inspektorius.lt\/usi\/800x600\/2\/53\/35\/9c\/53359c4e3bf3289d57207c8cec70022d.jpg?v=4.2.7.280&amp;t=cr&amp;s=800x600&amp;m=2&amp;f=\/Uploads\/UGallery\/photos\/f3\/3f\/07\/75\/f33f0775e0f34ed33f541226ff20180e.jpg\" rel=\"nofollow\" target=\"_blank\"><img decoding=\"async\" itemprop=\"thumbnail\" class=\"newsPhoto300 portrait\" id=\"imgid-115442-2577587\" alt=\"16\" src=\"https:\/\/www.europesays.com\/lt\/wp-content\/uploads\/2025\/10\/f33f0775e0f34ed33f541226ff20180e.jpg\" title=\"Verslininkas Danielius Bunkus parduoda mylim\u0105 automobil\u012f: atskleid\u0117 prie\u017east\u012f ir kain\u0105 (nuotr. Inebara)  \" loading=\"lazy\" \/> <\/a> <\/p>\n<p>Verslininkas Danielius Bunkus parduoda mylim\u0105 automobil\u012f: atskleid\u0117 prie\u017east\u012f ir kain\u0105 (nuotr. Inebara)  <\/p>\n<p>  <a itemprop=\"contentUrl\" data-size=\"0x0\" href=\"#gid=115442&amp;pid=17\" data-href=\"https:\/\/static4.inspektorius.lt\/usi\/800x600\/2\/ca\/4f\/9f\/ca4f9f95775faabf7ff2139a1892a770.jpg?v=4.2.7.280&amp;t=cr&amp;s=800x600&amp;m=2&amp;f=\/Uploads\/UGallery\/photos\/4c\/c9\/cb\/ca\/4cc9cbca51c412d5e6d2aea949f23a37.jpg\" rel=\"nofollow\" target=\"_blank\"><img decoding=\"async\" itemprop=\"thumbnail\" class=\"newsPhoto300 portrait\" id=\"imgid-115442-2577588\" alt=\"17\" src=\"https:\/\/www.europesays.com\/lt\/wp-content\/uploads\/2025\/10\/4cc9cbca51c412d5e6d2aea949f23a37.jpg\" title=\"Verslininkas Danielius Bunkus parduoda mylim\u0105 automobil\u012f: atskleid\u0117 prie\u017east\u012f ir kain\u0105 (nuotr. Inebara)  \" loading=\"lazy\" \/> <\/a> <\/p>\n<p>Verslininkas Danielius Bunkus parduoda mylim\u0105 automobil\u012f: atskleid\u0117 prie\u017east\u012f ir kain\u0105 (nuotr. Inebara)  <\/p>\n<p>  <a itemprop=\"contentUrl\" data-size=\"0x0\" href=\"#gid=115442&amp;pid=18\" data-href=\"https:\/\/static4.inspektorius.lt\/usi\/800x600\/2\/22\/70\/b6\/2270b6a3fe9831bd516c21a1584b743b.jpg?v=4.2.7.280&amp;t=cr&amp;s=800x600&amp;m=2&amp;f=\/Uploads\/UGallery\/photos\/16\/66\/63\/9e\/1666639e3c732935372cf73037dff079.jpg\" rel=\"nofollow\" target=\"_blank\"><img decoding=\"async\" itemprop=\"thumbnail\" class=\"newsPhoto300 portrait\" id=\"imgid-115442-2577589\" alt=\"18\" src=\"https:\/\/www.europesays.com\/lt\/wp-content\/uploads\/2025\/10\/1666639e3c732935372cf73037dff079.jpg\" title=\"Verslininkas Danielius Bunkus parduoda mylim\u0105 automobil\u012f: atskleid\u0117 prie\u017east\u012f ir kain\u0105 (nuotr. Inebara)  \" loading=\"lazy\" \/> <\/a> <\/p>\n<p>Verslininkas Danielius Bunkus parduoda mylim\u0105 automobil\u012f: atskleid\u0117 prie\u017east\u012f ir kain\u0105 (nuotr. Inebara)  <\/p>\n<p>  <a itemprop=\"contentUrl\" data-size=\"0x0\" href=\"#gid=115442&amp;pid=19\" data-href=\"https:\/\/static4.inspektorius.lt\/usi\/800x600\/2\/fe\/19\/03\/fe1903a0e9589959023ea569b60f4f5e.jpg?v=4.2.7.280&amp;t=cr&amp;s=800x600&amp;m=2&amp;f=\/Uploads\/UGallery\/photos\/c8\/6a\/f2\/72\/c86af2727e184b37175f0ee740836ff3.jpg\" rel=\"nofollow\" target=\"_blank\"><img decoding=\"async\" itemprop=\"thumbnail\" class=\"newsPhoto300 portrait\" id=\"imgid-115442-2577590\" alt=\"19\" src=\"https:\/\/www.europesays.com\/lt\/wp-content\/uploads\/2025\/10\/c86af2727e184b37175f0ee740836ff3.jpg\" title=\"Verslininkas Danielius Bunkus parduoda mylim\u0105 automobil\u012f: atskleid\u0117 prie\u017east\u012f ir kain\u0105 (nuotr. Inebara)  \" loading=\"lazy\" \/> <\/a> <\/p>\n<p>Verslininkas Danielius Bunkus parduoda mylim\u0105 automobil\u012f: atskleid\u0117 prie\u017east\u012f ir kain\u0105 (nuotr. Inebara)  <\/p>\n<p>  <a itemprop=\"contentUrl\" data-size=\"0x0\" href=\"#gid=115442&amp;pid=20\" data-href=\"https:\/\/static4.inspektorius.lt\/usi\/800x600\/2\/90\/30\/1e\/90301e3638818157242a2a3329e54484.jpg?v=4.2.7.280&amp;t=cr&amp;s=800x600&amp;m=2&amp;f=\/Uploads\/UGallery\/photos\/05\/49\/83\/09\/05498309b8ea7472edba24f220742ec8.jpg\" rel=\"nofollow\" target=\"_blank\"><img decoding=\"async\" itemprop=\"thumbnail\" class=\"newsPhoto300 portrait\" id=\"imgid-115442-2577591\" alt=\"20\" src=\"https:\/\/www.europesays.com\/lt\/wp-content\/uploads\/2025\/10\/05498309b8ea7472edba24f220742ec8.jpg\" title=\"Verslininkas Danielius Bunkus parduoda mylim\u0105 automobil\u012f: atskleid\u0117 prie\u017east\u012f ir kain\u0105 (nuotr. Inebara)  \" loading=\"lazy\" \/> <\/a> <\/p>\n<p>Verslininkas Danielius Bunkus parduoda mylim\u0105 automobil\u012f: atskleid\u0117 prie\u017east\u012f ir kain\u0105 (nuotr. Inebara)  <\/p>\n<p>  <a itemprop=\"contentUrl\" data-size=\"0x0\" href=\"#gid=115442&amp;pid=21\" data-href=\"https:\/\/static4.inspektorius.lt\/usi\/800x600\/2\/11\/b7\/d5\/11b7d51c84069067fe6c175ddd56ea18.jpg?v=4.2.7.280&amp;t=cr&amp;s=800x600&amp;m=2&amp;f=\/Uploads\/UGallery\/photos\/78\/a3\/ae\/ba\/78a3aebac7593ab787d3b961e5cd2cca.jpg\" rel=\"nofollow\" target=\"_blank\"><img decoding=\"async\" itemprop=\"thumbnail\" class=\"newsPhoto300 portrait\" id=\"imgid-115442-2577592\" alt=\"21\" src=\"https:\/\/www.europesays.com\/lt\/wp-content\/uploads\/2025\/10\/78a3aebac7593ab787d3b961e5cd2cca.jpg\" title=\"Verslininkas Danielius Bunkus parduoda mylim\u0105 automobil\u012f: atskleid\u0117 prie\u017east\u012f ir kain\u0105 (nuotr. Inebara)  \" loading=\"lazy\" \/> <\/a> <\/p>\n<p>Verslininkas Danielius Bunkus parduoda mylim\u0105 automobil\u012f: atskleid\u0117 prie\u017east\u012f ir kain\u0105 (nuotr. Inebara)  <\/p>\n<p>  <a itemprop=\"contentUrl\" data-size=\"0x0\" href=\"#gid=115442&amp;pid=22\" data-href=\"https:\/\/static4.inspektorius.lt\/usi\/800x600\/2\/da\/0e\/dd\/da0eddfe83789b903aa547a77075fb54.jpg?v=4.2.7.280&amp;t=cr&amp;s=800x600&amp;m=2&amp;f=\/Uploads\/UGallery\/photos\/d5\/1e\/a9\/cd\/d51ea9cd9b5771654c598d45163a8919.jpg\" rel=\"nofollow\" target=\"_blank\"><img decoding=\"async\" itemprop=\"thumbnail\" class=\"newsPhoto300 portrait\" id=\"imgid-115442-2577593\" alt=\"22\" src=\"https:\/\/www.europesays.com\/lt\/wp-content\/uploads\/2025\/10\/d51ea9cd9b5771654c598d45163a8919.jpg\" title=\"Verslininkas Danielius Bunkus parduoda mylim\u0105 automobil\u012f: atskleid\u0117 prie\u017east\u012f ir kain\u0105 (nuotr. Inebara)  \" loading=\"lazy\" \/> <\/a> <\/p>\n<p>Verslininkas Danielius Bunkus parduoda mylim\u0105 automobil\u012f: atskleid\u0117 prie\u017east\u012f ir kain\u0105 (nuotr. Inebara)  <\/p>\n<p>  <a itemprop=\"contentUrl\" data-size=\"0x0\" href=\"#gid=115442&amp;pid=23\" data-href=\"https:\/\/static4.inspektorius.lt\/usi\/800x600\/2\/de\/c2\/87\/dec287f2753603060420e1fe26fd747c.jpg?v=4.2.7.280&amp;t=cr&amp;s=800x600&amp;m=2&amp;f=\/Uploads\/UGallery\/photos\/28\/2c\/71\/23\/282c7123a4c7e09d132df59b40f0dea2.jpg\" rel=\"nofollow\" target=\"_blank\"><img decoding=\"async\" itemprop=\"thumbnail\" class=\"newsPhoto300 portrait\" id=\"imgid-115442-2577594\" alt=\"23\" src=\"https:\/\/www.europesays.com\/lt\/wp-content\/uploads\/2025\/10\/282c7123a4c7e09d132df59b40f0dea2.jpg\" title=\"Verslininkas Danielius Bunkus parduoda mylim\u0105 automobil\u012f: atskleid\u0117 prie\u017east\u012f ir kain\u0105 (nuotr. Inebara)  \" loading=\"lazy\" \/> <\/a> <\/p>\n<p>Verslininkas Danielius Bunkus parduoda mylim\u0105 automobil\u012f: atskleid\u0117 prie\u017east\u012f ir kain\u0105 (nuotr. Inebara)  <\/p>\n<p>     Automobil\u012f komplektavo pagal save <\/p>\n<p style=\"text-align:justify\">\u201e\u0160is automobilis man yra labai patogus, \u017eiauriai gerai atrodo. Tobula <a href=\"https:\/\/www.tv3.lt\/gaires\/masina\" target=\"_blank\" rel=\"nofollow noopener\">ma\u0161ina<\/a>, viskas su ja gerai, bet 10 met\u0173&#8230; A\u0161 nesureik\u0161minu to, kad kas dvejus ar trejus metus reikia keisti automobil\u012f. Man tai n\u0117ra svarbu, jei daiktas geras ir patogus, bet \u0161\u012f kart\u0105 vis tiek reikia. Pa\u017ei\u016br\u0117jau \u012f jos pas\u0105, \u012f savo pas\u0105 ir supratau, kad, nors ir gaila, bet metas skirtis\u201c, \u2013 \u0161maik\u0161tavo D. Bunkus.<\/p>\n<p style=\"text-align:justify\">Verslininkas pasakoja, kad \u201eBMW 640 Gran Coupe\u201c jam \u2013 ypatingas. Ma\u0161ina buvo u\u017esakyta dar gamykloje, o kiekviena detal\u0117 apgalvota iki smulkmen\u0173.<\/p>\n<p style=\"text-align:justify\">\u201eAutomobilis man labai patogus, \u017eiauriai gerai atrodo. Tobula ma\u0161ina, viskas su ja gerai. A\u0161 j\u012f pats susikomplektavau b\u016btent tok\u012f, kokio nor\u0117jau\u201c, \u2013 pasakojo jis.<\/p>\n<p style=\"text-align:justify\">D. Bunkus pabr\u0117\u017eia, kad automobilis jam tarnautas net de\u0161imtmet\u012f ir vis dar veikia be priekai\u0161t\u0173.<\/p>\n<p>       <a href=\"https:\/\/www.tv3.lt\/Uploads\/UGallery\/photos\/78\/a3\/ae\/ba\/78a3aebac7593ab787d3b961e5cd2cca.jpg\" data-fancybox=\"photos-embed\" data-caption=\"Verslininkas Danielius Bunkus parduoda mylim\u0105 automobil\u012f: atskleid\u0117 prie\u017east\u012f ir kain\u0105 (nuotr. Inebara)\" target=\"_self\" rel=\"nofollow noopener\"> <img decoding=\"async\" class=\"photo-inside-article\" align=\"center\" alt=\"Verslininkas Danielius Bunkus parduoda mylim\u0105 automobil\u012f: atskleid\u0117 prie\u017east\u012f ir kain\u0105 (nuotr. Inebara)\" title=\"Verslininkas Danielius Bunkus parduoda mylim\u0105 automobil\u012f: atskleid\u0117 prie\u017east\u012f ir kain\u0105 (nuotr. Inebara)\" src=\"https:\/\/www.europesays.com\/lt\/wp-content\/uploads\/2025\/10\/1761492116_460_78a3aebac7593ab787d3b961e5cd2cca.jpg\" width=\"684\" height=\"654\" loading=\"lazy\" \/> <\/a>       U\u017esiman\u0117 i\u0161bandyti elektromobil\u012f <\/p>\n<p style=\"text-align:justify\">Verslininkas atskleid\u017eia, kad jau u\u017esisak\u0117 nauj\u0105 automobil\u012f \u2013 elektrin\u012f \u201eMercedes SUV\u201c.<\/p>\n<p style=\"text-align:justify\">\u201e\u012esigijau elektrin\u012f SUV modelio automobil\u012f. Pasiband\u017eiau \u2013 labai patiko. Kadangi apie 90 proc. mano kelioni\u0173 yra mieste, elektromobilis atrodo puikus sprendimas. Jame pritaikytos naujausios technologijos, viskas labai gerai apgalvota\u201c, \u2013 pasakojo D. Bunkus.<\/p>\n<p>     Parduoda beveik 100 t\u016bkst. pigiau <\/p>\n<p style=\"text-align:justify\">Savo \u201eBMW\u201c verslininkas teigia pirk\u0119s u\u017e 118 t\u016bkst. eur\u0173, o dabar j\u012f parduoda beveik 100 t\u016bkst. pigiau \u2013 u\u017e 18 990 eur\u0173.<\/p>\n<p style=\"text-align:justify\">\u201eTobula ma\u0161ina, bet viskam savas laikas\u201c, \u2013 prid\u016br\u0117 jis.<\/p>\n<p style=\"text-align:justify\">Pagal skelbime nurodytus duomenis, automobilis \u2013 dyzelinis, kup\u0117 tipo, automatin\u0117 pavar\u0173 d\u0117\u017e\u0117, vis\u0173 varan\u010di\u0173 rat\u0173 (4&#215;4). Ma\u0161ina turi M Sports paket\u0105, \u201eHi-Fi\u201c garso sistem\u0105, \u201eFull LED\u201c priekinius \u017eibintus, klimato kontrol\u0119, veidrod\u0117li\u0173 ir vairo atmint\u012f, taip pat R19 ratlankius.<\/p>\n<p style=\"text-align:justify\">Automobilis pirktas naujas <a href=\"https:\/\/www.tv3.lt\/rubrika\/naujienos\/lietuva\" target=\"_blank\" class=\"phrase\" rel=\"nofollow noopener\">Lietuvoje<\/a>, pagal individual\u0173 u\u017esakym\u0105, ir turi tik vien\u0105 savinink\u0105.<\/p>\n<p>\n                                        \u0160altinis:<br \/>\n                                                                                    tv3.lt\n                                                                                <\/p>\n<p>Patiko straipsnis? <a href=\"https:\/\/www.tv3.lt\/prenumeruoti\" rel=\"nofollow noopener\" target=\"_blank\">U\u017esiprenumeruokite m\u016bs\u0173 naujienlai\u0161k\u012f ir gaukite svarbiausias dienos naujienas bei \u012fdomiausius straipsnius kiekvien\u0105 darbo dien\u0105 11 val. Tiesiai \u012f J\u016bs\u0173 el. pa\u0161t\u0105!<\/a><\/p>\n","protected":false},"excerpt":{"rendered":"Naujien\u0173 portalui tv3.lt susisiekus su Danieliumi \u0161is atvirauja, kad naujasis pirkinys \u2013 elektrinis \u201eMercedes\u201c SUV tipo automobil\u012f,\u00a0o su&hellip;\n","protected":false},"author":2,"featured_media":25882,"comment_status":"","ping_status":"","sticky":false,"template":"","format":"standard","meta":{"footnotes":""},"categories":[13],"tags":[7856,25,30,31,57,43,34,35,55,48,24,54,51,49,50,32,33,37,39,36,38,40,45,23,22,44,28,29,53,42,56,47,26,27,41,46,58,52],"class_list":{"0":"post-25881","1":"post","2":"type-post","3":"status-publish","4":"format-standard","5":"has-post-thumbnail","7":"category-lietuva","8":"tag-2025-10-25-174900","9":"tag-antrastes","10":"tag-breaking-news","11":"tag-breakingnews","12":"tag-daiktai","13":"tag-dienos-kronika","14":"tag-featured-news","15":"tag-featurednews","16":"tag-gatves-tekstai","17":"tag-gyvenimas","18":"tag-headlines","19":"tag-interneto-pievos","20":"tag-keliones","21":"tag-kultura","22":"tag-laisvalaikis","23":"tag-latest-news","24":"tag-latestnews","25":"tag-lietuva","26":"tag-lietuviu","27":"tag-lithuania","28":"tag-lithuanian","29":"tag-lt","30":"tag-mokslas-ir-it","31":"tag-naujienos","32":"tag-news","33":"tag-pasaulis","34":"tag-populiariausios-naujienos","35":"tag-populiariausiosnaujienos","36":"tag-projektai","37":"tag-rinktiniai-tekstai","38":"tag-simtmecio-portalas","39":"tag-sportas","40":"tag-top-stories","41":"tag-topstories","42":"tag-tv3-lt","43":"tag-verslas","44":"tag-video","45":"tag-zaidimai"},"share_on_mastodon":{"url":"","error":"Validation failed: Text character limit of 500 exceeded"},"_links":{"self":[{"href":"https:\/\/www.europesays.com\/lt\/wp-json\/wp\/v2\/posts\/25881","targetHints":{"allow":["GET"]}}],"collection":[{"href":"https:\/\/www.europesays.com\/lt\/wp-json\/wp\/v2\/posts"}],"about":[{"href":"https:\/\/www.europesays.com\/lt\/wp-json\/wp\/v2\/types\/post"}],"author":[{"embeddable":true,"href":"https:\/\/www.europesays.com\/lt\/wp-json\/wp\/v2\/users\/2"}],"replies":[{"embeddable":true,"href":"https:\/\/www.europesays.com\/lt\/wp-json\/wp\/v2\/comments?post=25881"}],"version-history":[{"count":0,"href":"https:\/\/www.europesays.com\/lt\/wp-json\/wp\/v2\/posts\/25881\/revisions"}],"wp:featuredmedia":[{"embeddable":true,"href":"https:\/\/www.europesays.com\/lt\/wp-json\/wp\/v2\/media\/25882"}],"wp:attachment":[{"href":"https:\/\/www.europesays.com\/lt\/wp-json\/wp\/v2\/media?parent=25881"}],"wp:term":[{"taxonomy":"category","embeddable":true,"href":"https:\/\/www.europesays.com\/lt\/wp-json\/wp\/v2\/categories?post=25881"},{"taxonomy":"post_tag","embeddable":true,"href":"https:\/\/www.europesays.com\/lt\/wp-json\/wp\/v2\/tags?post=25881"}],"curies":[{"name":"wp","href":"https:\/\/api.w.org\/{rel}","templated":true}]}}