{"id":259059,"date":"2026-08-21T15:58:34","date_gmt":"2026-08-21T15:58:34","guid":{"rendered":"https:\/\/www.europesays.com\/lt\/259059\/"},"modified":"2026-08-21T15:58:34","modified_gmt":"2026-08-21T15:58:34","slug":"zvejo-nuotykiai-vistycio-ezere-iplauke-i-rusijos-teritorija-buvo-sulaikytas-nubaustas-ir-grazintas-lietuvos-pasienieciams-respublika-lt","status":"publish","type":"post","link":"https:\/\/www.europesays.com\/lt\/259059\/","title":{"rendered":"\u017dvejo nuotykiai Vi\u0161ty\u010dio e\u017eere: \u012fplauk\u0117 \u012f Rusijos teritorij\u0105, buvo sulaikytas, nubaustas ir gr\u0105\u017eintas Lietuvos pasienie\u010diams &#8211; Respublika.lt"},"content":{"rendered":"<p><img loading=\"lazy\" decoding=\"async\" src=\"https:\/\/www.respublika.lt\/lt\/naujienos\/lietuva\/kitos-lietuvos-zinios\/zvejo-nuotykiai-vistycio-ezere-iplauke-i-rusijos-teritorija-buvo-sulaikytas-nubaustas-ir-grazintas-lietuvos-pasienieciams\/images\/ico_camera_white.gif\" class=\"camera\" width=\"22\" height=\"15\" alt=\"nuotr.\" style=\"position:relative; top:-2px; right:2px;\"\/> 1 nuotr.<\/p>\n<p>Asociatyvi Eltos nuotr.<\/p>\n<p style=\"text-align: left;\">Pag\u0117gi\u0173 pasienie\u010diai organizavo ir \u012f Lietuv\u0105 gr\u012f\u017eti pad\u0117jo \u017evejui, nety\u010dia atsid\u016brusiam Rusijai priklausan\u010dioje Vi\u0161ty\u010dio e\u017eero dalyje.<\/p>\n<p style=\"text-align: justify;\" class=\"desktop_banner\">\u00a0<\/p>\n<p style=\"text-align: left;\">\u00a0<\/p>\n<p style=\"text-align: left;\">Tre\u010diadienio vakare \u017evejodamas pasienio vandenyse, Vi\u0161ty\u010dio e\u017eere, 61-eri\u0173 kaunietis gumine motorine valtimi nety\u010dia kirto Lietuvos valstyb\u0117s sien\u0105 ir pateko \u012f Rusijos teritorij\u0105.\u00a0<\/p>\n<p style=\"text-align: left;\">Pasienie\u010di\u0173 duomenimis, \u017evejojant valties variklis \u012fstrigo \u017eol\u0117se. Vyras prarado valties kontrol\u0119, d\u0117l ko e\u017eero bangos nuplukd\u0117 j\u0105 \u012f Rusijos pus\u0119. Ten \u017evej\u0105 i\u0161 Lietuvos sulaik\u0117 rus\u0173 pasienie\u010diai, po apklausos skyr\u0119 baud\u0105 u\u017e neteis\u0117t\u0105 valstyb\u0117s sienos kirtim\u0105.<\/p>\n<p style=\"text-align: left;\">Ketvirtadienio popiet\u0119 Valstyb\u0117s sienos apsaugos tarnybos (VSAT) Pag\u0117gi\u0173 pasienio rinktin\u0117s Vi\u0161ty\u010dio pasienio u\u017ekardos pareig\u016bnai organizavo susitikim\u0105 su rus\u0173 pasienie\u010diais. \u017dvejas ir valtis buvo gr\u0105\u017einti \u012f Lietuv\u0105.<\/p>\n<p style=\"text-align: left;\">Kaip skelbia VSAT, Pag\u0117gi\u0173 pasienie\u010diai pastebi, kad Vi\u0161ty\u010dio e\u017eere \u017evejai da\u017enai renkasi \u017evejybos vietas netoli Lietuvos ir Rusijos valstybi\u0173 sienos. Nors \u017evejyba palei valstyb\u0117s sien\u0105 yra pam\u0117gta, ji kartu kelia ir nema\u017eai rizik\u0173. Tod\u0117l itin svarbu \u012fvertinti gamtines s\u0105lygas, plaukiojimo priemon\u0117s technin\u0119 b\u016bkl\u0119 bei galim\u0173 gedim\u0173 rizik\u0105. \u017dvejojant b\u016btina i\u0161likti atidiems, nuolat steb\u0117ti savo buvimo viet\u0105 ir nepa\u017eeisti valstyb\u0117s sienos.<\/p>\n<p style=\"text-align: left;\">Vi\u0161ty\u010dio e\u017eeras \u2013 labai seniai susiformav\u0119s, unikalus, labai \u0161varus, didelis (apie 1 860 ha) ir \u017euvingas.\u00a0<\/p>\n<p style=\"text-align: left;\">Pagal 2003 m. rugpj\u016b\u010dio 12 d. \u012fsigaliojusi\u0105 Lietuvos ir Rusijos sienos sutart\u012f, Lietuvai priklauso tik ma\u017edaug penktadalis (apie 21 proc., 386 ha) jo ploto.<\/p>\n<p>Patiko straipsnis? Leisk mums apie tai su\u017einoti. Nepamir\u0161k pasidalinti Facebook! <\/p>\n<p><img loading=\"lazy\" decoding=\"async\" class=\"p2_social_circle_icon\" src=\"https:\/\/www.respublika.lt\/images\/thumbs_up.svg\" width=\"21\" height=\"22\" alt=\"L\"\/><\/p>\n<p><img loading=\"lazy\" decoding=\"async\" class=\"p2_social_circle_icon\" src=\"https:\/\/www.respublika.lt\/images\/facebook.svg\" alt=\"F\" width=\"22\" height=\"22\" style=\"filter: invert(37%) sepia(55%) saturate(2351%) hue-rotate(187deg) brightness(102%) contrast(106%);\"\/><\/p>\n<p>&#13;<br \/>\n\tNesutinkate &#8211; diskutuokime!<br \/>&#13;<br \/>\n\tNepykite komentatoriai, bet komentarai su keiksma\u017eod\u017eiais bus \u0161alinami automati\u0161kai, be atsipra\u0161ymo.\n    <\/p>\n<p>&#13;<br \/>\n              Respublika.lt pasilieka teis\u0119 pa\u0161alinti nekult\u016bringus, keiksma\u017eod\u017eiais pagardintus, su tema nesusijusius, kito asmens vardu pasira\u0161ytus, \u012fstatymus pa\u017eeid\u017eian\u010dius, \u0161lam\u0161t\u0105 reklamuojan\u010dius ar nusikalsti kurstan\u010dius komentarus. Jei kurstysite smurt\u0105, rasin\u0119, tautin\u0119, religin\u0119 ar kitokio pob\u016bd\u017eio neapykant\u0105, \u017evirbliu i\u0161skrid\u0119 j\u016bs\u0173 \u017eod\u017eiai gr\u012f\u017edami gali virsti ton\u0105 sverian\u010diu jau\u010diu &#8211; specialiosioms Lietuvos tarnyboms pareikalavus suteiksime j\u016bs\u0173 duomenis.\n            <\/p>\n","protected":false},"excerpt":{"rendered":"1 nuotr. Asociatyvi Eltos nuotr. Pag\u0117gi\u0173 pasienie\u010diai organizavo ir \u012f Lietuv\u0105 gr\u012f\u017eti pad\u0117jo \u017evejui, nety\u010dia atsid\u016brusiam Rusijai priklausan\u010dioje&hellip;\n","protected":false},"author":2,"featured_media":259060,"comment_status":"","ping_status":"","sticky":false,"template":"","format":"standard","meta":{"footnotes":"","_share_on_mastodon":"0"},"categories":[6],"tags":[25,30,31,9425,34,35,24,32,33,37,39,36,38,40,23,22,28,29,119,26,27,549,10185],"class_list":["post-259059","post","type-post","status-publish","format-standard","has-post-thumbnail","category-antrastes","tag-antrastes","tag-breaking-news","tag-breakingnews","tag-ezeras","tag-featured-news","tag-featurednews","tag-headlines","tag-latest-news","tag-latestnews","tag-lietuva","tag-lietuviu","tag-lithuania","tag-lithuanian","tag-lt","tag-naujienos","tag-news","tag-populiariausios-naujienos","tag-populiariausiosnaujienos","tag-rusija","tag-top-stories","tag-topstories","tag-vsat","tag-zvejys"],"share_on_mastodon":{"url":"https:\/\/pubeurope.com\/@lt\/117134328577097552","error":""},"_links":{"self":[{"href":"https:\/\/www.europesays.com\/lt\/wp-json\/wp\/v2\/posts\/259059","targetHints":{"allow":["GET"]}}],"collection":[{"href":"https:\/\/www.europesays.com\/lt\/wp-json\/wp\/v2\/posts"}],"about":[{"href":"https:\/\/www.europesays.com\/lt\/wp-json\/wp\/v2\/types\/post"}],"author":[{"embeddable":true,"href":"https:\/\/www.europesays.com\/lt\/wp-json\/wp\/v2\/users\/2"}],"replies":[{"embeddable":true,"href":"https:\/\/www.europesays.com\/lt\/wp-json\/wp\/v2\/comments?post=259059"}],"version-history":[{"count":0,"href":"https:\/\/www.europesays.com\/lt\/wp-json\/wp\/v2\/posts\/259059\/revisions"}],"wp:featuredmedia":[{"embeddable":true,"href":"https:\/\/www.europesays.com\/lt\/wp-json\/wp\/v2\/media\/259060"}],"wp:attachment":[{"href":"https:\/\/www.europesays.com\/lt\/wp-json\/wp\/v2\/media?parent=259059"}],"wp:term":[{"taxonomy":"category","embeddable":true,"href":"https:\/\/www.europesays.com\/lt\/wp-json\/wp\/v2\/categories?post=259059"},{"taxonomy":"post_tag","embeddable":true,"href":"https:\/\/www.europesays.com\/lt\/wp-json\/wp\/v2\/tags?post=259059"}],"curies":[{"name":"wp","href":"https:\/\/api.w.org\/{rel}","templated":true}]}}