{"id":259235,"date":"2026-08-21T21:07:19","date_gmt":"2026-08-21T21:07:19","guid":{"rendered":"https:\/\/www.europesays.com\/lt\/259235\/"},"modified":"2026-08-21T21:07:19","modified_gmt":"2026-08-21T21:07:19","slug":"vilniuje-prasidejo-didelio-gyvenamojo-kvartalo-statybos-iskils-18-daugiabuciu","status":"publish","type":"post","link":"https:\/\/www.europesays.com\/lt\/259235\/","title":{"rendered":"Vilniuje prasid\u0117jo didelio gyvenamojo kvartalo statybos: i\u0161kils 18 daugiabu\u010di\u0173"},"content":{"rendered":"<p class=\"wp-block-paragraph\">Gyvenant Vilniuje neb\u016btina rinktis tarp miesto patogumo ir ramyb\u0117s toliau nuo jo. Buk\u010diuose, tarp Neries ir Buk\u010di\u0173 mi\u0161ko, vystomas gyvenam\u0173j\u0173 nam\u0173 kvartalas \u201eBuk\u010diai\u201c, kuriame iki minimumo suma\u017eintas miesto triuk\u0161mas bei vizualinis intensyvumas, bet neaukojamas miesto pasiekiamumas. Projekto ambicija \u2013 vienoje vietoje suderinti Paupiui b\u016bding\u0105 urbanistin\u0119 kokyb\u0119 ir ramesn\u012f, Valakampius primenant\u012f gyvenimo ritm\u0105.<\/p>\n<p class=\"wp-block-paragraph\">\u201eBuk\u010diai\u201c kyla 3,1 ha teritorijoje. Jis vystomas dviem etapais. Pirmajame, \u201eMi\u0161kas\u201c, numatyti 9 <a style=\"font-weight:bold;\" href=\"https:\/\/madeinvilnius.lt\/tema\/daugiabuciai-vilniule\/\" target=\"_blank\" rel=\"nofollow noopener\">daugiabu\u010diai<\/a>, antrajame, \u201eUp\u0117\u201c, bus statomi dar 9 daugiabu\u010diai.<\/p>\n<p>Toliau miesto triuk\u0161mo, bet ne paties miesto<\/p>\n<p class=\"wp-block-paragraph\">Projekt\u0105 vystan\u010dios \u201eRinvest\u201c vadovo Giedriaus Kra\u017eausko teigimu, viena i\u0161 \u201eBuk\u010di\u0173\u201c stiprybi\u0173 yra ta, kad jis vystomas nedidel\u0117je \u201eki\u0161en\u0117je\u201c tarp up\u0117s ir mi\u0161ko, visgi i\u0161 kit\u0173 projekt\u0173 j\u012f labiausiai i\u0161skiria gamtin\u0117s aplinkos ir lengvo miesto pasiekiamumo derinys.<\/p>\n<p>Skaitykite taip pat<a class=\"miv-ax-rel-link\" href=\"https:\/\/madeinvilnius.lt\/verslas\/vilniaus-rinka\/kepykloje-sokiruojancios-salygos-pelesis-ant-lentynu-nesvarios-skardos-ir-muses\/\" rel=\"nofollow noopener\" target=\"_blank\">Kepykloje \u2013 \u0161okiruojan\u010dios s\u0105lygos: pel\u0117sis ant lentyn\u0173, ne\u0161varios skardos ir mus\u0117s<\/a><a class=\"miv-ax-rel-link\" href=\"https:\/\/madeinvilnius.lt\/transportas\/vilniaus-gatves\/vairuotoju-laukia-pokyciai-minsko-plente-nuo-kitos-savaites-prasideda-remontas\/\" rel=\"nofollow noopener\" target=\"_blank\">Vairuotoj\u0173 laukia poky\u010diai Minsko plente: nuo kitos savait\u0117s prasideda remontas<\/a><\/p>\n<p class=\"wp-block-paragraph\">\u201eI\u0161 \u010dia centrin\u0117s Vilniaus dalys lengvai ir greitai pasiekiamos, ta\u010diau pa\u010dioje teritorijoje miesto beveik nematai ir negirdi. Daugelyje nauj\u0173 kvartal\u0173 gamtos artumas rei\u0161kia park\u0105 netoliese, ap\u017eeldint\u0105 kiem\u0105 ar vaizd\u0105 \u012f \u017eali\u0105j\u0105 zon\u0105. Buk\u010diuose turime jau susiformavusi\u0105 aplink\u0105 \u2013 mi\u0161k\u0105, Ner\u012f, nat\u016bralius pasivaik\u0161\u010diojimo ir aktyvaus laisvalaikio mar\u0161rutus. Tokio poj\u016b\u010dio nesukursi vien ap\u017eeldinimu ar sutvarkytu kiemu, tod\u0117l m\u016bs\u0173 u\u017eduotis yra neu\u017ego\u017eti \u0161io vietos i\u0161skirtinumo\u201c, \u2013 sako G. Kra\u017eauskas.<\/p>\n<p class=\"wp-block-paragraph\">Jo teigimu, kai pasivaik\u0161\u010diojimo, b\u0117gimo ar dvira\u010di\u0173 mar\u0161rutai prasideda greta nam\u0173, jud\u0117jimas ir laikas lauke kur kas papras\u010diau tampa kasdienyb\u0117s dalimi. Tok\u012f gyvenimo b\u016bd\u0105 G. Kra\u017eauskas sieja ir su auk\u0161tesne projekto verte, kuri\u0105, jo vertinimu, \u0161iandien vis ma\u017eiau apibr\u0117\u017eia brangesn\u0117s med\u017eiagos ar reprezentatyvios bendrosios erdv\u0117s.<\/p>\n<p class=\"wp-block-paragraph\">\u201eVert\u0119 turi kurti ne demonstratyv\u016bs sprendimai, o tai, k\u0105 \u017emogus jau\u010dia kiekvien\u0105 dien\u0105 ir ko negalima lengvai atkartoti kitur. Buk\u010diuose tai yra pati vieta, privatumas, ramyb\u0117, kasdienis ry\u0161ys su gamta ir gyvenamoji aplinka \u2013 tai dalykai, kurie i\u0161lieka ilgam, o ne tik projekto pristatymo metu\u201c, \u2013 teigia jis.<\/p>\n<p>Ne tik namai, bet ir erdv\u0117s bendruomen\u0117s gyvenimui<\/p>\n<p class=\"wp-block-paragraph\">Pasak G. Kra\u017eausko, projektas tur\u0117t\u0173 papildyti Buk\u010di\u0173 rajon\u0105.<\/p>\n<p class=\"wp-block-paragraph\">\u201eMi\u0161kas, up\u0117 ir vertingas kra\u0161tovaizdis labai riboja \u0161ios teritorijos pl\u0117tros galimybes, tod\u0117l nauj\u0173 dideli\u0173 projekt\u0173 ateityje \u010dia gali apskritai nebeb\u016bti. Tai suteikia ret\u0105 galimyb\u0119 nuosekliai suplanuoti ne tik pa\u010dius namus, bet ir j\u0173 ry\u0161\u012f su aplinka, infrastrukt\u016bra bei kaimynyste. M\u016bs\u0173 tikslas n\u0117ra perkurti Buk\u010dius \u2013 norime kokybi\u0161kai papildyti viet\u0105, kurios stipryb\u0117 jau egzistuoja\u201c, \u2013 sako \u201eRinvest\u201c vadovas.<\/p>\n<p class=\"wp-block-paragraph\">Projekte numatytos kasdien\u0117ms reikm\u0117ms skirtos komercin\u0117s patalpos, bendrosios bei poilsio erdv\u0117s ir p\u0117s\u010di\u0173j\u0173 tak\u0173 jungtys su mi\u0161ku, Neries pakrante bei aplinkin\u0117mis Buk\u010di\u0173 teritorijomis. Anot G. Kra\u017eausko, taip daugiau kasdieni\u0173 poreiki\u0173 bus galima patenkinti arti nam\u0173, re\u010diau vykstant \u012f intensyvesnes miesto dalis.<\/p>\n<p class=\"wp-block-paragraph\">Viena ry\u0161kesni\u0173 bendr\u0173j\u0173 erdvi\u0173 bus apie 1500 kv. m centrin\u0117 aik\u0161t\u0117, kuri, pasak kvartalo architekto, \u201eCloud Architects\u201c partnerio Antano Dagelio, tur\u0117t\u0173 b\u016bti naudojama ne tik nauj\u0173j\u0173 nam\u0173 gyventoj\u0173, bet ir platesn\u0117s Buk\u010di\u0173 bendruomen\u0117s. Aik\u0161t\u0117je numatyta teritorijos istorij\u0105 primenanti skulpt\u016bra \u2013 nuoroda \u012f \u0161ioje vietoje anks\u010diau veikusi\u0105 plytin\u0119.<\/p>\n<p>30 proc. ma\u017eesnis u\u017estatymo intensyvumas<\/p>\n<p class=\"wp-block-paragraph\">A. Dagelio teigimu, projektuojant kvartal\u0105 viena pagrindini\u0173 u\u017eduo\u010di\u0173 buvo i\u0161naudoti vietos privalumus j\u0173 neu\u017ego\u017eiant intensyviu u\u017estatymu. \u201eBuk\u010di\u0173\u201c u\u017estatymo intensyvumas yra ma\u017edaug 30 proc. ma\u017eesnis nei \u012fprastuose daugiabu\u010di\u0173 kvartaluose.<\/p>\n<p class=\"wp-block-paragraph\">\u201eTai leido sukurti erdvesnius vidinius kiemus ir daugiau kokybi\u0161k\u0173 bendr\u0173j\u0173 erdvi\u0173. Pastat\u0173 auk\u0161tingumas varijuoja \u2013 taip i\u0161vengiame monotonijos, geriau prisitaikome prie reljefo ir i\u0161saugome daugiau vizualini\u0173 ry\u0161i\u0173 su mi\u0161ku bei Neries sl\u0117niu\u201c, \u2013 pasakoja architektas.<\/p>\n<p class=\"wp-block-paragraph\">Palei Buk\u010di\u0173 gatv\u0119 numatytas intensyvesnis perimetrinis u\u017estatymas, o art\u0117jant prie Neries pastat\u0173 mastelis ma\u017e\u0117ja. 92 proc. projekte numatyt\u0173 automobili\u0173 stov\u0117jimo viet\u0173 bus \u012frengtos po \u017eeme, tod\u0117l kiemuose daugiau erdv\u0117s lieka \u017emon\u0117ms. Juose numatomos vaik\u0173 \u017eaidim\u0173 aik\u0161tel\u0117s, sporto \u012franga, jaunimo susitikim\u0173 ir poilsio vietos, o tarp nam\u0173 \u2013 ma\u017eesni, privatesni mikrokiemai. Ap\u017eeldinimui pasirinktos pu\u0161ys, ber\u017eai, lanksvos ir \u017eoliniai augalai.<\/p>\n<p class=\"wp-block-paragraph\">\u201eKiemus nor\u0117jome maksimaliai atlaisvinti \u017emon\u0117ms. Siek\u0117me, kad bendrosios erdv\u0117s b\u016bt\u0173 patrauklios \u012fvairaus am\u017eiaus gyventojams ir realiai naudojamos kasdien, o ne atlikt\u0173 tik estetin\u0119 funkcij\u0105\u201c, \u2013 sako A. Dagelis.<\/p>\n<p>Rajonas keisis kartu su gamta<\/p>\n<p class=\"wp-block-paragraph\">Pasak A. Dagelio, kvartalo projektavimas kaip vienos visumos taip pat leid\u017eia nuosekliai derinti pastat\u0173 architekt\u016br\u0105, kiemus, \u017eeldynus, infrastrukt\u016br\u0105 ir vie\u0161\u0105sias erdves.<\/p>\n<p class=\"wp-block-paragraph\">\u201eManome, kad taip gyventojai i\u0161vengs daugeliui nauj\u0173 gyvenam\u0173j\u0173 rajon\u0173 b\u016bdingos monotonijos. Aplink\u0105 keis ne tik patys pastatai, bet ir kra\u0161tovaizdis: vasar\u0105 daugiau gyvenimo persikels \u012f centrin\u0119 aik\u0161t\u0119 ir Neries pakrant\u0119, pavasar\u012f keisis gausiai ap\u017eeldinti kiemai, ruden\u012f \u2013 Buk\u010di\u0173 mi\u0161kas. Tokia aplinka tur\u0117t\u0173 skatinti daugiau laiko leisti lauke, naudotis bendromis erdv\u0117mis ir nat\u016braliai stiprinti kaimynyst\u0117s ry\u0161ius\u201c, \u2013 teigia architektas.<\/p>\n<p class=\"wp-block-paragraph\">Pirmojo \u201eBuk\u010di\u0173\u201c etapo statybos jau vyksta. Baigti pamat\u0173 poli\u0173 \u012frengimo darbai, \u012frengta daugiau kaip du tre\u010ddaliai vis\u0173 po\u017eemini\u0173 auk\u0161t\u0173 konstrukcij\u0173, pradedamos statyti ant\u017eemin\u0117s pastat\u0173 konstrukcijos, tiesiami lauko in\u017eineriniai tinklai. Toliau numatyta montuoti langus ir fasadus, v\u0117liau darbai persikels \u012f pastat\u0173 vid\u0173, o paskutiniame etape bus tvarkomos ir ap\u017eeldinamos bendrosios teritorijos.<\/p>\n<p><a href=\"https:\/\/madeinvilnius.lt\/wp-content\/uploads\/2026\/08\/kvartalas-bukciai-aikste-rinvest.jpg\" rel=\"nofollow noopener\" target=\"_blank\"><img loading=\"lazy\" decoding=\"async\" width=\"1024\" height=\"683\" data-id=\"375404\" src=\"https:\/\/www.europesays.com\/lt\/wp-content\/uploads\/2026\/08\/kvartalas-bukciai-aikste-rinvest-1024x683.jpg\" alt=\"\" class=\"wp-image-375404\"\/><\/a><a href=\"https:\/\/madeinvilnius.lt\/wp-content\/uploads\/2026\/08\/kvartalas-bukciai-bukciu-miskas-pro-langus-rinvest.jpg\" rel=\"nofollow noopener\" target=\"_blank\"><img loading=\"lazy\" decoding=\"async\" width=\"1024\" height=\"683\" data-id=\"375400\" src=\"https:\/\/www.europesays.com\/lt\/wp-content\/uploads\/2026\/08\/kvartalas-bukciai-bukciu-miskas-pro-langus-rinvest-1024x683.jpg\" alt=\"\" class=\"wp-image-375400\"\/><\/a><a href=\"https:\/\/madeinvilnius.lt\/wp-content\/uploads\/2026\/08\/kvartalas-bukciai-miesto-ir-gamtos-balansas-rinvest-2.jpg\" rel=\"nofollow noopener\" target=\"_blank\"><img loading=\"lazy\" decoding=\"async\" width=\"1024\" height=\"683\" data-id=\"375402\" src=\"https:\/\/www.europesays.com\/lt\/wp-content\/uploads\/2026\/08\/kvartalas-bukciai-miesto-ir-gamtos-balansas-rinvest-2-1024x683.jpg\" alt=\"\" class=\"wp-image-375402\"\/><\/a><\/p>\n","protected":false},"excerpt":{"rendered":"Gyvenant Vilniuje neb\u016btina rinktis tarp miesto patogumo ir ramyb\u0117s toliau nuo jo. Buk\u010diuose, tarp Neries ir Buk\u010di\u0173 mi\u0161ko,&hellip;\n","protected":false},"author":2,"featured_media":259236,"comment_status":"","ping_status":"","sticky":false,"template":"","format":"standard","meta":{"footnotes":"","_share_on_mastodon":"0"},"categories":[6],"tags":[25,30,31,37766,429,34,35,24,32,33,37,39,36,38,40,65,23,22,2050,28,29,26,27],"class_list":["post-259235","post","type-post","status-publish","format-standard","has-post-thumbnail","category-antrastes","tag-antrastes","tag-breaking-news","tag-breakingnews","tag-bukciai","tag-daugiabuciai","tag-featured-news","tag-featurednews","tag-headlines","tag-latest-news","tag-latestnews","tag-lietuva","tag-lietuviu","tag-lithuania","tag-lithuanian","tag-lt","tag-naujiena","tag-naujienos","tag-news","tag-nt","tag-populiariausios-naujienos","tag-populiariausiosnaujienos","tag-top-stories","tag-topstories"],"share_on_mastodon":{"url":"https:\/\/pubeurope.com\/@lt\/117135543452109417","error":""},"_links":{"self":[{"href":"https:\/\/www.europesays.com\/lt\/wp-json\/wp\/v2\/posts\/259235","targetHints":{"allow":["GET"]}}],"collection":[{"href":"https:\/\/www.europesays.com\/lt\/wp-json\/wp\/v2\/posts"}],"about":[{"href":"https:\/\/www.europesays.com\/lt\/wp-json\/wp\/v2\/types\/post"}],"author":[{"embeddable":true,"href":"https:\/\/www.europesays.com\/lt\/wp-json\/wp\/v2\/users\/2"}],"replies":[{"embeddable":true,"href":"https:\/\/www.europesays.com\/lt\/wp-json\/wp\/v2\/comments?post=259235"}],"version-history":[{"count":0,"href":"https:\/\/www.europesays.com\/lt\/wp-json\/wp\/v2\/posts\/259235\/revisions"}],"wp:featuredmedia":[{"embeddable":true,"href":"https:\/\/www.europesays.com\/lt\/wp-json\/wp\/v2\/media\/259236"}],"wp:attachment":[{"href":"https:\/\/www.europesays.com\/lt\/wp-json\/wp\/v2\/media?parent=259235"}],"wp:term":[{"taxonomy":"category","embeddable":true,"href":"https:\/\/www.europesays.com\/lt\/wp-json\/wp\/v2\/categories?post=259235"},{"taxonomy":"post_tag","embeddable":true,"href":"https:\/\/www.europesays.com\/lt\/wp-json\/wp\/v2\/tags?post=259235"}],"curies":[{"name":"wp","href":"https:\/\/api.w.org\/{rel}","templated":true}]}}