{"id":259287,"date":"2026-08-22T02:06:35","date_gmt":"2026-08-22T02:06:35","guid":{"rendered":"https:\/\/www.europesays.com\/lt\/259287\/"},"modified":"2026-08-22T02:06:35","modified_gmt":"2026-08-22T02:06:35","slug":"prokurorai-atsisake-reikalavimo-lrt-atskleisti-zurnalistes-saltini-respublika-lt","status":"publish","type":"post","link":"https:\/\/www.europesays.com\/lt\/259287\/","title":{"rendered":"Prokurorai atsisak\u0117 reikalavimo LRT atskleisti \u017eurnalist\u0117s \u0161altin\u012f &#8211; Respublika.lt"},"content":{"rendered":"<p style=\"text-align: justify;\" class=\"desktop_banner\">\u00a0<\/p>\n<p style=\"text-align: left;\">\u00a0<\/p>\n<p style=\"text-align: left;\">Kaip nurodoma, \u0161\u012f sprendim\u0105 penktadien\u012f pri\u0117m\u0117 Kauno apylink\u0117s prokurat\u016bros prokuror\u0117 Sigita Blum.\u00a0<\/p>\n<p style=\"text-align: left;\">\u201eSujungus ikiteisminius tyrimus, tyrim\u0105 organizuojan\u010diam prokurorui \u012fvertinus ikiteismini\u0173 tyrim\u0173 metu surinktus duomenis, pakitus disponuojam\u0173 duomen\u0173 apim\u010diai ir turiniui, atsisakoma realizuoti proceso sprendim\u0105 \u2013 \u012fpareigojim\u0105 vie\u0161osios informacijos reng\u0117j\u0105 atskleisti informacijos \u0161altin\u012f\u201c, \u2013 prokuror\u0117s sprendimo i\u0161vad\u0105 cituoja naujien\u0173 portalas lrt.lt\u00a0<\/p>\n<p style=\"text-align: left;\">Generalin\u0117 prokurat\u016bra Eltai prane\u0161\u0117, kad ikiteisminis tyrimas atliekamas d\u0117l neteis\u0117to informacijos apie privat\u0173 asmens gyvenim\u0105 rinkimo, neteis\u0117to informacijos apie asmens privat\u0173 gyvenim\u0105 atskleidimo ar panaudojimo bei Ikiteisminio tyrimo duomen\u0173 atskleidimo be leidimo.<\/p>\n<p style=\"text-align: left;\">Apskund\u0117 \u0160iauli\u0173 apylink\u0117s prokurat\u016bros nutarim\u0105<\/p>\n<p style=\"text-align: left;\">Kaip skelb\u0117 ELTA, LRT penktadien\u012f apskund\u0117 \u0160iauli\u0173 apylink\u0117s prokurat\u016bros nutarim\u0105, patvirtint\u0105 \u0160iauli\u0173 apylink\u0117s teismo rezoliucija, kuria buvo pritarta teis\u0117saugos pra\u0161ymui pateikti informacij\u0105, susijusi\u0105 su portale lrt.lt publikuoto straipsnio rengimu, \u012fskaitant duomenis, galin\u010dius atskleisti \u017eurnalisto informacijos \u0161altinio paslapt\u012f.\u00a0<\/p>\n<p style=\"text-align: left;\">Kaip skelbiama prane\u0161ime, LRT laikosi pozicijos, kad \u017eurnalist\u0173 \u0161altini\u0173 apsauga yra vienas pamatini\u0173 laisvos ir nepriklausomos \u017einiasklaidos princip\u0173, tod\u0117l informacijos \u0161altiniai gali b\u016bti atskleid\u017eiami tik i\u0161imtiniais atvejais, kai tam yra ai\u0161kus ir pakankamas teisinis pagrindas.<\/p>\n<p style=\"text-align: left;\">Visuomeninio transliuotojo teigimu, teis\u0117saugos institucijos \u012f \u017einiasklaidos priemon\u0119 kreip\u0117si d\u0117l \u0161i\u0173 met\u0173 liepos 12 d. portale lrt.lt paskelbto straipsnio \u201e14-met\u0117s skundas d\u0117l priekabiavimo sulauk\u0117 darbuotoj\u0173 pastabos: rengiasi per seksualiai\u201c, pra\u0161ydamos pateikti informacij\u0105 apie straipsnio inicijavim\u0105, informacijos gavimo aplinkybes bei kitus su publikacijos rengimu susijusius duomenis.\u00a0<\/p>\n<p style=\"text-align: left;\">V\u0117liau LRT buvo pateiktas \u0160iauli\u0173 apylink\u0117s prokurat\u016bros nutarimas, patvirtintas \u0160iauli\u0173 apylink\u0117s teismo, kuriuo reikalaujama pateikti visus duomenis, teis\u0117saugos vertinimu b\u016btinus atliekamam ikiteisminiam tyrimui.<\/p>\n<p style=\"text-align: left;\">LRT vertinimu, toks reikalavimas tiesiogiai susij\u0119s su \u017eurnalisto \u0161altinio paslapties atskleidimu.\u00a0<\/p>\n<p style=\"text-align: left;\">Pa\u017eymima, kad Visuomen\u0117s informavimo \u012fstatymas numato, jog \u012fpareigoti atskleisti informacijos \u0161altin\u012f arba taikyti priemones, kuriomis siekiama j\u012f atskleisti, teismas gali tik motyvuotu sprendimu, kai tai b\u016btina d\u0117l gyvybi\u0161kai svarbi\u0173 ar kit\u0173 ypa\u010d reik\u0161ming\u0173 visuomen\u0117s interes\u0173, o kitomis priemon\u0117mis reikiamos informacijos gauti n\u0117ra galimyb\u0117s arba jos jau yra i\u0161naudotos.<\/p>\n","protected":false},"excerpt":{"rendered":"\u00a0 \u00a0 Kaip nurodoma, \u0161\u012f sprendim\u0105 penktadien\u012f pri\u0117m\u0117 Kauno apylink\u0117s prokurat\u016bros prokuror\u0117 Sigita Blum.\u00a0 \u201eSujungus ikiteisminius tyrimus, tyrim\u0105&hellip;\n","protected":false},"author":2,"featured_media":259288,"comment_status":"","ping_status":"","sticky":false,"template":"","format":"standard","meta":{"footnotes":"","_share_on_mastodon":"0"},"categories":[6],"tags":[25,30,31,34,35,37776,24,32,33,37,39,36,38,519,40,23,22,28,29,14711,627,37775,26,27,14359],"class_list":["post-259287","post","type-post","status-publish","format-standard","has-post-thumbnail","category-antrastes","tag-antrastes","tag-breaking-news","tag-breakingnews","tag-featured-news","tag-featurednews","tag-gruzdziai","tag-headlines","tag-latest-news","tag-latestnews","tag-lietuva","tag-lietuviu","tag-lithuania","tag-lithuanian","tag-lrt","tag-lt","tag-naujienos","tag-news","tag-populiariausios-naujienos","tag-populiariausiosnaujienos","tag-priekabiavimas","tag-prokuratura","tag-saltinis","tag-top-stories","tag-topstories","tag-zurnaliste"],"share_on_mastodon":{"url":"https:\/\/pubeurope.com\/@lt\/117136718768598183","error":""},"_links":{"self":[{"href":"https:\/\/www.europesays.com\/lt\/wp-json\/wp\/v2\/posts\/259287","targetHints":{"allow":["GET"]}}],"collection":[{"href":"https:\/\/www.europesays.com\/lt\/wp-json\/wp\/v2\/posts"}],"about":[{"href":"https:\/\/www.europesays.com\/lt\/wp-json\/wp\/v2\/types\/post"}],"author":[{"embeddable":true,"href":"https:\/\/www.europesays.com\/lt\/wp-json\/wp\/v2\/users\/2"}],"replies":[{"embeddable":true,"href":"https:\/\/www.europesays.com\/lt\/wp-json\/wp\/v2\/comments?post=259287"}],"version-history":[{"count":0,"href":"https:\/\/www.europesays.com\/lt\/wp-json\/wp\/v2\/posts\/259287\/revisions"}],"wp:featuredmedia":[{"embeddable":true,"href":"https:\/\/www.europesays.com\/lt\/wp-json\/wp\/v2\/media\/259288"}],"wp:attachment":[{"href":"https:\/\/www.europesays.com\/lt\/wp-json\/wp\/v2\/media?parent=259287"}],"wp:term":[{"taxonomy":"category","embeddable":true,"href":"https:\/\/www.europesays.com\/lt\/wp-json\/wp\/v2\/categories?post=259287"},{"taxonomy":"post_tag","embeddable":true,"href":"https:\/\/www.europesays.com\/lt\/wp-json\/wp\/v2\/tags?post=259287"}],"curies":[{"name":"wp","href":"https:\/\/api.w.org\/{rel}","templated":true}]}}