{"id":25961,"date":"2025-10-26T18:02:06","date_gmt":"2025-10-26T18:02:06","guid":{"rendered":"https:\/\/www.europesays.com\/lt\/25961\/"},"modified":"2025-10-26T18:02:06","modified_gmt":"2025-10-26T18:02:06","slug":"ispanija-konfiskavo-65-tonos-kokaino-laive-prie-kanaru-salu","status":"publish","type":"post","link":"https:\/\/www.europesays.com\/lt\/25961\/","title":{"rendered":"Ispanija konfiskavo 6,5 tonos kokaino laive prie Kanar\u0173 sal\u0173"},"content":{"rendered":"<p>Policijos prane\u0161ime teigiama, kad narkotikai buvo pasl\u0117pti laivo, plaukiojusio su Tanzanijos v\u0117liava ir i\u0161plaukusio i\u0161 Panamos pakeliui \u012f Vigo miest\u0105 Ispanijos \u0161iaur\u0117s vakaruose, triume.<\/p>\n<p>Prane\u0161ime spaudai teigiama, kad u\u017e kov\u0105 su prekyba narkotikais atsakinga JAV federalin\u0117 agent\u016bra Narkotik\u0173 kontrol\u0117s administracija (DEA) suteik\u0117 svarbios informacijos, kuri leido s\u0117kmingai \u012fvykdyti operacij\u0105.<\/p>\n<p>Ispanija yra vieni i\u0161 pagrindini\u0173 kokaino patekimo \u012f Europ\u0105 vart\u0173 d\u0117l savo ry\u0161i\u0173 su Lotyn\u0173 Amerika, kur \u0161is narkotikas gaminamas, ir geografin\u0117s pad\u0117ties \u017eemyno pietvakariuose.<\/p>\n<p>Pra\u0117jusi\u0173 met\u0173 spal\u012f Ispanijos policija konfiskavo did\u017eiausi\u0105 kada nors konfiskuoto kokaino kiek\u012f, kai aptiko apie 13 ton\u0173 kokaino, pasl\u0117pto banan\u0173 siuntoje \u012f pietin\u012f Alchesiraso uost\u0105.<\/p>\n","protected":false},"excerpt":{"rendered":"Policijos prane\u0161ime teigiama, kad narkotikai buvo pasl\u0117pti laivo, plaukiojusio su Tanzanijos v\u0117liava ir i\u0161plaukusio i\u0161 Panamos pakeliui \u012f&hellip;\n","protected":false},"author":2,"featured_media":25962,"comment_status":"","ping_status":"","sticky":false,"template":"","format":"standard","meta":{"footnotes":""},"categories":[15],"tags":[25,30,31,34,35,24,32,33,37,39,36,38,40,23,22,44,28,29,26,27,74,75,76],"class_list":{"0":"post-25961","1":"post","2":"type-post","3":"status-publish","4":"format-standard","5":"has-post-thumbnail","7":"category-pasaulis","8":"tag-antrastes","9":"tag-breaking-news","10":"tag-breakingnews","11":"tag-featured-news","12":"tag-featurednews","13":"tag-headlines","14":"tag-latest-news","15":"tag-latestnews","16":"tag-lietuva","17":"tag-lietuviu","18":"tag-lithuania","19":"tag-lithuanian","20":"tag-lt","21":"tag-naujienos","22":"tag-news","23":"tag-pasaulis","24":"tag-populiariausios-naujienos","25":"tag-populiariausiosnaujienos","26":"tag-top-stories","27":"tag-topstories","28":"tag-world","29":"tag-world-news","30":"tag-worldnews"},"share_on_mastodon":{"url":"https:\/\/pubeurope.com\/@lt\/115441784778570316","error":""},"_links":{"self":[{"href":"https:\/\/www.europesays.com\/lt\/wp-json\/wp\/v2\/posts\/25961","targetHints":{"allow":["GET"]}}],"collection":[{"href":"https:\/\/www.europesays.com\/lt\/wp-json\/wp\/v2\/posts"}],"about":[{"href":"https:\/\/www.europesays.com\/lt\/wp-json\/wp\/v2\/types\/post"}],"author":[{"embeddable":true,"href":"https:\/\/www.europesays.com\/lt\/wp-json\/wp\/v2\/users\/2"}],"replies":[{"embeddable":true,"href":"https:\/\/www.europesays.com\/lt\/wp-json\/wp\/v2\/comments?post=25961"}],"version-history":[{"count":0,"href":"https:\/\/www.europesays.com\/lt\/wp-json\/wp\/v2\/posts\/25961\/revisions"}],"wp:featuredmedia":[{"embeddable":true,"href":"https:\/\/www.europesays.com\/lt\/wp-json\/wp\/v2\/media\/25962"}],"wp:attachment":[{"href":"https:\/\/www.europesays.com\/lt\/wp-json\/wp\/v2\/media?parent=25961"}],"wp:term":[{"taxonomy":"category","embeddable":true,"href":"https:\/\/www.europesays.com\/lt\/wp-json\/wp\/v2\/categories?post=25961"},{"taxonomy":"post_tag","embeddable":true,"href":"https:\/\/www.europesays.com\/lt\/wp-json\/wp\/v2\/tags?post=25961"}],"curies":[{"name":"wp","href":"https:\/\/api.w.org\/{rel}","templated":true}]}}