{"id":259687,"date":"2026-08-22T15:56:11","date_gmt":"2026-08-22T15:56:11","guid":{"rendered":"https:\/\/www.europesays.com\/lt\/259687\/"},"modified":"2026-08-22T15:56:11","modified_gmt":"2026-08-22T15:56:11","slug":"audra-stipriai-nuniokojo-kauna-nuplesti-stogai-isvirte-medziai-vietomis-gatves-nepravaziuojamos-kas-vyksta-kaune","status":"publish","type":"post","link":"https:\/\/www.europesays.com\/lt\/259687\/","title":{"rendered":"Audra stipriai nuniokojo Kaun\u0105 \u2013 nupl\u0117\u0161ti stogai, i\u0161virt\u0119 med\u017eiai, vietomis gatv\u0117s neprava\u017eiuojamos &#8211; Kas vyksta Kaune"},"content":{"rendered":"<ol>\n<li><a href=\"https:\/\/news.google.com\/rss\/articles\/CBMi0AFBVV95cUxNUnYtRDZrTmtYU2t1RktNZFJsSTR0c3ZMNUlUSm8wa0h3c093Zmx5eVVyVlB1Ym9aSkxlcXhVRHVhYTRtT2JtU0ZnTURYVUpLb3hTQV9HcG9ySHZXMWtjWm5YbWdqTVNGMnE4ZUtwN1o4WHNPOU5DMHJ2MFRwdEROOVhGNzdjMjRxSXA3UW1pb2dvVFlKOHVNNzl0SHc4a3FISmEtMld4aTR1N0c0QTNQNUZfcDJQWHNLdXlwTVMwY2VkaEVKV3E4WEF6VFYyTE1D?oc=5\" target=\"_blank\" rel=\"nofollow noopener\">Audra stipriai nuniokojo Kaun\u0105 \u2013 nupl\u0117\u0161ti stogai, i\u0161virt\u0119 med\u017eiai, vietomis gatv\u0117s neprava\u017eiuojamos<\/a>&nbsp;&nbsp;Kas vyksta Kaune<\/li>\n<li><a href=\"https:\/\/news.google.com\/rss\/articles\/CBMimAFBVV95cUxOUTU2aW1VcHdtbnpKNEw0aElqSDV2X2pzQnFpLS1wWkxReE51b3dCOW5PVHVMelpIa2YxTmlONVluUi02VUdkTGRwbkxOTi0waFQtZVZ4RFRaNnRCUk02UHFJcDNOdzBzanczanZNWVBFSDN5X2lnbk02cWZnQ1BmYURTLWJCb09YYkZDb1QwQmRZSDdab0tSQg?oc=5\" target=\"_blank\" rel=\"nofollow noopener\">Anyk\u0161\u010di\u0173 rajone u\u017evirtus med\u017eiui \u017euvo \u017emogus<\/a>&nbsp;&nbsp;LRT<\/li>\n<li><a href=\"https:\/\/news.google.com\/rss\/articles\/CBMiyAFBVV95cUxNY3RQOEpFR3pmcHdmb3hyUThsbm5iZ0FLeW5LeEhaWmdkM2FBLXFKdVNEbUFMZ3JVd1RoQWp1MEtDV1JPVzJaZGlWR25DZ2lBNFBqVlU4TzRPODUtcTFiZDhNVG5ZWm1yZWIyM0ZhQWZhbDg0eHdGUE9kNDQ5cXNjdGJlZFBYam44MGlXcXhIZ1VMVzlvY0tGaHVoQkFnY2RFM0RlX2tDTkNIdWRCSEtPT0Z0SjVuTDVuSmFCbkxEUE0weE00cG1lRA?oc=5\" target=\"_blank\" rel=\"nofollow noopener\">Audros sm\u016bgis Lietuvai: medis mirtinai prispaud\u0117 vyr\u0105, su\u017eeista ir moteris<\/a>&nbsp;&nbsp;15min.lt<\/li>\n<li><a href=\"https:\/\/news.google.com\/rss\/articles\/CBMiywFBVV95cUxNcFVTNFR2T0FHYmhsay1BSjlBaHBGV3pobG5XRE1kU2Izdl9nRzhwVzk1UXBxRGlOMEQ2M3hzQ3dMSml4WHFJdFA1RXcwR0FVUGJRRWs1dWhMQWVvQjFXY3lGUUtSRUcxV3Z0OFdDT1NwVkJMcXo5eHQyQklOQkJjRnB4c0xVMFM4dDNMLUlnekxmRmhuZTRrb053OVowRU9tRWh2QVVmdndMeExLWUtYeDR4WHM2bm1VMEJqV3pVZUY4RENoUWhkQk53QQ?oc=5\" target=\"_blank\" rel=\"nofollow noopener\">Siaubingi vaizdai i\u0161 Kauno: i\u0161versta daugyb\u0117 med\u017ei\u0173, vienas virto ant va\u017eiuojan\u010dio automobilio<\/a>&nbsp;&nbsp;Lrytas<\/li>\n<li><a href=\"https:\/\/news.google.com\/rss\/articles\/CBMi1AFBVV95cUxPS0M3cGg5akJSUTlMMkNacm5WMVFWV2dyRlczbFExaF9mM1B0UWxnamxsNXlCYWtTSzJpUGluSUd5TkpOa2s5RFcwc3NEQ3RjMTh3M045dlIydDI5ejlISHM2Sl9SR2RIb04xa0ZVQzVWUTI0ZDBpc05qblVKd2RaYnQzbm40UmdnLVlhMFUwdGtVRkVaWlRsVWIyS294aU5BYXQ5OUR0VHlvQjhWcExfM1NKYVFZWVFBMkk2dDNHMnd4Q0tlSHlrd1d0VWtQUG1XeG5IQw?oc=5\" target=\"_blank\" rel=\"nofollow noopener\">Neramumai neaplenk\u0117 ir Kauno: vaizdo \u012fra\u0161e \u2013 per plauk\u0105 nuo baisios nelaim\u0117s<\/a>&nbsp;&nbsp;Diena.lt<\/li>\n<\/ol>\n","protected":false},"excerpt":{"rendered":"Audra stipriai nuniokojo Kaun\u0105 \u2013 nupl\u0117\u0161ti stogai, i\u0161virt\u0119 med\u017eiai, vietomis gatv\u0117s neprava\u017eiuojamos&nbsp;&nbsp;Kas vyksta Kaune Anyk\u0161\u010di\u0173 rajone u\u017evirtus med\u017eiui&hellip;\n","protected":false},"author":2,"featured_media":259688,"comment_status":"","ping_status":"","sticky":false,"template":"","format":"standard","meta":{"footnotes":"","_share_on_mastodon":"0"},"categories":[6],"tags":[25,30,31,34,35,24,1061,9735,32,33,37,39,36,38,40,37838,23,22,28,29,19705,26,27,7964,7996],"class_list":["post-259687","post","type-post","status-publish","format-standard","has-post-thumbnail","category-antrastes","tag-antrastes","tag-breaking-news","tag-breakingnews","tag-featured-news","tag-featurednews","tag-headlines","tag-kaunas","tag-laisves-aleja","tag-latest-news","tag-latestnews","tag-lietuva","tag-lietuviu","tag-lithuania","tag-lithuanian","tag-lt","tag-merkurijus","tag-naujienos","tag-news","tag-populiariausios-naujienos","tag-populiariausiosnaujienos","tag-skaitytojai","tag-top-stories","tag-topstories","tag-ugniagesiai-gelbetojai","tag-vejas"],"share_on_mastodon":{"url":"https:\/\/pubeurope.com\/@lt\/117139982460477731","error":""},"_links":{"self":[{"href":"https:\/\/www.europesays.com\/lt\/wp-json\/wp\/v2\/posts\/259687","targetHints":{"allow":["GET"]}}],"collection":[{"href":"https:\/\/www.europesays.com\/lt\/wp-json\/wp\/v2\/posts"}],"about":[{"href":"https:\/\/www.europesays.com\/lt\/wp-json\/wp\/v2\/types\/post"}],"author":[{"embeddable":true,"href":"https:\/\/www.europesays.com\/lt\/wp-json\/wp\/v2\/users\/2"}],"replies":[{"embeddable":true,"href":"https:\/\/www.europesays.com\/lt\/wp-json\/wp\/v2\/comments?post=259687"}],"version-history":[{"count":0,"href":"https:\/\/www.europesays.com\/lt\/wp-json\/wp\/v2\/posts\/259687\/revisions"}],"wp:featuredmedia":[{"embeddable":true,"href":"https:\/\/www.europesays.com\/lt\/wp-json\/wp\/v2\/media\/259688"}],"wp:attachment":[{"href":"https:\/\/www.europesays.com\/lt\/wp-json\/wp\/v2\/media?parent=259687"}],"wp:term":[{"taxonomy":"category","embeddable":true,"href":"https:\/\/www.europesays.com\/lt\/wp-json\/wp\/v2\/categories?post=259687"},{"taxonomy":"post_tag","embeddable":true,"href":"https:\/\/www.europesays.com\/lt\/wp-json\/wp\/v2\/tags?post=259687"}],"curies":[{"name":"wp","href":"https:\/\/api.w.org\/{rel}","templated":true}]}}