{"id":259923,"date":"2026-08-23T04:42:00","date_gmt":"2026-08-23T04:42:00","guid":{"rendered":"https:\/\/www.europesays.com\/lt\/259923\/"},"modified":"2026-08-23T04:42:00","modified_gmt":"2026-08-23T04:42:00","slug":"sekmadieni-vilniuje-dideli-eismo-pokyciai-keisis-daugybes-autobusu-ir-troleibusu-marsrutai","status":"publish","type":"post","link":"https:\/\/www.europesays.com\/lt\/259923\/","title":{"rendered":"Sekmadien\u012f Vilniuje \u2013 dideli eismo poky\u010diai: keisis daugyb\u0117s autobus\u0173 ir troleibus\u0173 mar\u0161rutai"},"content":{"rendered":"<p class=\"wp-block-paragraph\">Rugpj\u016b\u010dio 23 d. Vilniuje vyksiantis \u201eVelomaratonas 2026\u201c keis eismo organizavim\u0105 miesto gatv\u0117se. Renginio metu laikinai u\u017edarius dal\u012f gatvi\u0173, keisis ir kai kuri\u0173 <a style=\"font-weight:bold;\" href=\"https:\/\/madeinvilnius.lt\/tema\/vilniaus-viesasis-transportas\/\" target=\"_blank\" rel=\"nofollow noopener\">vie\u0161ojo transporto<\/a> mar\u0161rut\u0173 trasos bei jud\u0117jimo laikas.\u00a0<\/p>\n<p>Velomaratono metu keisis eismo tvarka<\/p>\n<p class=\"wp-block-paragraph\">Rugpj\u016b\u010dio 23 d. 3.00\u201319.00 val. bus ribojamas eismas centrin\u0117je miesto dalyje.<\/p>\n<p class=\"wp-block-paragraph\">Velomaratono trasa suplanuota taip, kad miesto gyventojai ir sve\u010diai patirt\u0173 kuo ma\u017eiau nepatogum\u0173, tod\u0117l net ir renginio metu bus galima \u012fva\u017eiuoti \u012f miesto centr\u0105 ir jud\u0117ti jame. \u012eva\u017eiavimas \u012f centrin\u0119 miesto dal\u012f bus galimas per Gele\u017einio Vilko ir A. Go\u0161tauto gatves, o i\u0161va\u017eiavimas per Luki\u0161ki\u0173 g.<\/p>\n<p>Skaitykite taip pat<a class=\"miv-ax-rel-link\" href=\"https:\/\/madeinvilnius.lt\/transportas\/viesasis-transportas\/judu-pranesa-del-nepalankiu-oro-salygu-laikinai-stabdoma-laivyba\/\" rel=\"nofollow noopener\" target=\"_blank\">JUDU prane\u0161a: d\u0117l nepalanki\u0173 oro s\u0105lyg\u0173 laikinai stabdoma laivyba<\/a><a class=\"miv-ax-rel-link\" href=\"https:\/\/madeinvilnius.lt\/verslas\/vilniaus-rinka\/pirkeja-nustebino-lidl-etiketes-ka-jos-reiskia\/\" rel=\"nofollow noopener\" target=\"_blank\">Pirk\u0117j\u0105 nustebino \u201eLidl\u201c etiket\u0117s: k\u0105 jos rei\u0161kia?<\/a><\/p>\n<p class=\"wp-block-paragraph\">Papildomai nuo rugpj\u016b\u010dio 22 d. 9 val. iki rugpj\u016b\u010dio 23 d. 22 val. bus ribojamas transporto priemoni\u0173 eismas Gedimino prospekto dalyje nuo A. Go\u0161tauto gatv\u0117s iki Gyn\u0117j\u0173 gatv\u0117s;<\/p>\n<p class=\"wp-block-paragraph\">Nuo rugpj\u016b\u010dio 22 d. 18 val. iki rugpj\u016b\u010dio 23 d. 22 val. A. Mickevi\u010diaus gatv\u0117s dalyje nuo A. Go\u0161tauto iki Vytauto gatv\u0117s.<\/p>\n<p class=\"wp-block-paragraph\">Nuo 4.30 iki 19.00 val. dalies autobus\u0173 ir troleibus\u0173 mar\u0161rut\u0173 trasos taip pat bus kei\u010diamos, kai kurie mar\u0161rutai bus trumpinami, o dalis troleibus\u0173 mar\u0161rut\u0173 prad\u0117s kursuoti v\u0117liau arba laikinai nekursuos.<\/p>\n<p class=\"wp-block-paragraph\">Autobus\u0173 mar\u0161rut\u0173 poky\u010diai:<\/p>\n<p class=\"wp-block-paragraph\">1G:\u00a0autobusai bus nukreipti apylanka per <a style=\"font-weight:bold;\" href=\"https:\/\/madeinvilnius.lt\/tema\/olandu-gatve\/\" target=\"_blank\" rel=\"nofollow noopener\">Oland\u0173 g.<\/a>, papildomai stos Lvivo, \u0160eimyni\u0161ki\u0173, laikinosiose \u0160v. Petro ir Povilo, Vasaros, Filaret\u0173, Polocko stotel\u0117se. Nuo <a style=\"font-weight:bold;\" href=\"https:\/\/madeinvilnius.lt\/tema\/stotis\/\" target=\"_blank\" rel=\"nofollow noopener\">Stoties<\/a> autobusai va\u017eiuos \u2013 Gele\u017einkelio, Drujos, Oland\u0173, \u0160eimyni\u0161ki\u0173, Kalvarij\u0173 g., toliau \u2013 \u012fprasta trasa. iki 19 val. neaptarnaus \u017daliasis tiltas, Vinco Kudirkos aik\u0161t\u0117, Islandijos(D), <a style=\"font-weight:bold;\" href=\"https:\/\/madeinvilnius.lt\/tema\/mo-muziejus\/\" target=\"_blank\" rel=\"nofollow noopener\">Mo muziejus<\/a> stoteli\u0173.\u00a0\u00a0<\/p>\n<p class=\"wp-block-paragraph\">3G:\u00a0autobusai nuo <a style=\"font-weight:bold;\" href=\"https:\/\/madeinvilnius.lt\/tema\/ukmerges-gatve\/\" target=\"_blank\" rel=\"nofollow noopener\">Ukmerg\u0117s g.<\/a> va\u017eiuos Gele\u017einio Vilko, V. Pietario g., Savanori\u0173 pr., J. Basanavi\u010diaus, \u0160vitrigailos g., toliau \u2013 \u012fprasta trasa. Kursuodami pakeista trasa autobusai papildomai stos Saltoni\u0161ki\u0173 (link Oro uosto), Student\u0173 (link Fabijoni\u0161ki\u0173), Gedimino prospektas, Vingis ir Simono Konarskio stotel\u0117se. 3G mar\u0161ruto autobusai iki 19 val. neaptarnaus Lietuvos s\u0105j\u016bd\u017eio kelias, Europos aik\u0161t\u0117, \u017daliasis tiltas, Juozo Tumo-Vai\u017eganto ir Mikalojaus Konstantino \u010ciurlionio (link Fabijoni\u0161ki\u0173) stoteli\u0173.\u00a0<\/p>\n<p class=\"wp-block-paragraph\">3G-A:\u00a0mar\u0161rutas bus trumpinamas iki \u0160eimyni\u0161ki\u0173 \u017eiedo. Papildomai stos Lvivo, \u0160eimyni\u0161ki\u0173 stotel\u0117se. Iki 19 val. nestos \u017daliasis tiltas stotel\u0117je.\u00a0<\/p>\n<p class=\"wp-block-paragraph\">6G:\u00a0mar\u0161ruto autobusai nuo Oland\u0173 g. va\u017eiuos \u0160eimyni\u0161ki\u0173 g., Konstitucijos pr. iki Edukologijos universiteto \u017eiedo. Kursuodami pakeista trasa autobusai papildomai stos laikinai \u012frengtoje \u0160v. Petro ir Povilo ba\u017eny\u010dia stotel\u0117je, taip pat \u2013 \u0160eimyni\u0161ki\u0173, Lvivo, Europos aik\u0161t\u0117 bei Lietuvos s\u0105j\u016bd\u017eio kelias stotel\u0117se. Atgal autobusai gr\u012f\u0161 tokia pa\u010dia trasa. 6G mar\u0161ruto autobusai iki 19 val. nestos \u0160v. Petro ir Povilo ba\u017eny\u010dia (T. Kosciu\u0161kos g.), Karaliaus Mindaugo tiltas ir \u017daliasis tiltas stotel\u0117se.\u00a0<\/p>\n<p class=\"wp-block-paragraph\">10:\u00a0autobusai bus nukreipti per \u017dirm\u016bn\u0173 \u017eied\u0105 ir papildomai stos \u0160eimyni\u0161ki\u0173 ir laikinoje \u0160v. Petro ir Povilo stotel\u0117se. Toliau t\u0119s kelion\u0119 \u012fprast\u0105 trasa. Iki 19 val. nestos \u017daliasis tiltas, Vinco Kudirkos aik\u0161t\u0117, Islandijos (D), Mo muziejus, Vingriai, Baziljon\u0173, Au\u0161ros vartai, Misionieri\u0173 ir Suba\u010diaus stotel\u0117se.\u00a0<\/p>\n<p class=\"wp-block-paragraph\">11:\u00a0renginio metu autobusai va\u017eiuos K\u0119stu\u010dio g. Papildomai stos Latvi\u0173 ir K\u0119stu\u010dio stotel\u0117s. iki 19 val. neaptarnaus D\u017eacharo Dudajeva skv. ir Vytauto stoteli\u0173.\u00a0<\/p>\n<p class=\"wp-block-paragraph\">22: mar\u0161ruto autobusai nuo V. Kudirkos g. va\u017eiuos J. Jasinskio g. iki Jok\u016bbo Jasinskio st. Kursuodami pakeista trasa autobusai papildomai stos Pam\u0117nkalnio bei Jok\u016bbo Jasinskio stotel\u0117se. 22 mar\u0161ruto autobusai iki 19 val. nestos Juozo Tumo-Vai\u017eganto, Kra\u017ei\u0173 ir Luki\u0161k\u0117s stotel\u0117se.\u00a0<\/p>\n<p class=\"wp-block-paragraph\">33:\u00a0mar\u0161ruto autobusai nuo Rinktin\u0117s g. Bus nukreipti per \u017dirm\u016bn\u0173 \u017eied\u0105 ir papildomai stos \u0160eimyni\u0161ki\u0173 ir laikinoje \u0160v. Petro ir Povilo stotel\u0117se. Toliau t\u0119s kelion\u0119 \u012fprast\u0105 trasa. Iki 19 val. nestos \u017dvej\u0173, Karaliaus Mindaugo tiltas, <a style=\"font-weight:bold;\" href=\"https:\/\/madeinvilnius.lt\/tema\/kalnu-parkas\/\" target=\"_blank\" rel=\"nofollow noopener\">Kaln\u0173 Parkas<\/a> stotel\u0117se.\u00a0<\/p>\n<p class=\"wp-block-paragraph\">40:\u00a0mar\u0161ruto autobusai nuo Ukmerg\u0117s g. va\u017eiuos Konstitucijos pr., \u0160eimyni\u0161ki\u0173 g. iki Oland\u0173 \u017eiedo, kur apsisuks ir gr\u012f\u0161 tokia pa\u010dia trasa. Kursuodami pakeista trasa autobusai papildomai stos Lietuvos s\u0105j\u016bd\u017eio kelias, Nacionalin\u0117 dail\u0117s galerija, Europos aik\u0161t\u0117, Lvivo, Rinktin\u0117s, \u0160eimyni\u0161ki\u0173 bei laikinai \u012frengtoje \u0160v. Petro ir Povilo ba\u017eny\u010dia stotel\u0117se. 40 mar\u0161ruto autobusai iki 19 val. nestos Student\u0173, Alberto Go\u0161tauto, Kra\u017ei\u0173, Va\u0161ingtono aik\u0161t\u0117 ir Gyn\u0117j\u0173 stotel\u0117se.<\/p>\n<p class=\"wp-block-paragraph\">43:\u00a0mar\u0161ruto autobusai nuo Konstitucijos pr. va\u017eiuos \u0160eimyni\u0161ki\u0173 g. iki Oland\u0173 \u017eiedo, kur apsisuks ir gr\u012f\u0161 tokia pa\u010dia trasa. Kursuodami pakeista trasa autobusai papildomai stos Lvivo, Rinktin\u0117s, \u0160eimyni\u0161ki\u0173 ir laikinai \u012frengtoje \u0160v. Petro ir Povilo ba\u017eny\u010dia stotel\u0117se. 43 mar\u0161ruto autobusai iki 19 val. nestos \u017daliasis tiltas, Operos ir baleto teatras, Luki\u0161ki\u0173 bei Kra\u017ei\u0173 stotel\u0117se.\u00a0<\/p>\n<p class=\"wp-block-paragraph\">46:\u00a0mar\u0161ruto autobusai nuo Ukmerg\u0117s g. va\u017eiuos Konstitucijos pr., \u0160eimyni\u0161ki\u0173 g. iki Oland\u0173 \u017eiedo, kur apsisuks ir ta pa\u010dia trasa gr\u012f\u0161 atgal. Kursuodami pakeista trasa autobusai papildomai stos Lietuvos s\u0105j\u016bd\u017eio kelias, Nacionalin\u0117 dail\u0117s galerija, Europos aik\u0161t\u0117, Lvivo, Rinktin\u0117s, \u0160eimyni\u0161ki\u0173 bei laikinai \u012frengtoje \u0160v. Petro ir Povilo ba\u017eny\u010dia stotel\u0117se. 46 mar\u0161ruto autobusai iki 19 val. nestos Student\u0173, Alberto Go\u0161tauto, Operos ir baleto teatras bei \u017daliasis tiltas stotel\u0117se.\u00a0<\/p>\n<p class=\"wp-block-paragraph\">53:\u00a0mar\u0161ruto autobusai nuo Kalvarij\u0173 g. va\u017eiuos \u0160eimyni\u0161ki\u0173, Oland\u0173, Drujos, Gele\u017einkelio g. iki Stoties. Kursuodami pakeista trasa autobusai papildomai stos Lvivo, Rinktin\u0117s, \u0160eimyni\u0161ki\u0173, laikinai \u012frengtoje \u0160v. Petro ir Povilo ba\u017eny\u010dia, Vasaros, Krivi\u0173, Filaret\u0173, Polocko, Drujos bei Gerv\u0117\u010di\u0173 stotel\u0117se. Atgal autobusai gr\u012f\u0161 tokia pa\u010dia trasa. 53 mar\u0161ruto autobusai iki 19 val. nestos \u017daliasis tiltas, Vinco Kudirkos aik\u0161t\u0117, Islandijos (D), Mo muziejus, Vingriai, G\u0117li\u0173, R\u016bdnink\u0173, Reformat\u0173 bei Jogailos stotel\u0117se.\u00a0<\/p>\n<p class=\"wp-block-paragraph\">56:\u00a0mar\u0161ruto autobusai nuo Ukmerg\u0117s g. va\u017eiuos Gele\u017einio Vilko gatve ir sugr\u012f\u0161 \u012f savo tras\u0105. ] Kursuodami pakeista trasa autobusai papildomai stos Student\u0173 stotel\u0117je (Fabijoni\u0161ki\u0173 kryptimi) bei Gedimino prospektas stotel\u0117se. 56 mar\u0161ruto autobusai iki 19 val. nestos Lietuvos s\u0105j\u016bd\u017eio kelias, Nacionalin\u0117 dail\u0117s galerija, Europos aik\u0161t\u0117, \u017daliasis tiltas, Operos ir baleto teatras, Alberto Go\u0161tauto, Nepriklausomyb\u0117s aik\u0161t\u0117, Verslo trikampis stotel\u0117se.\u00a0<\/p>\n<p class=\"wp-block-paragraph\">73:\u00a0mar\u0161ruto autobusai nuo Ukmerg\u0117s g. va\u017eiuos Gele\u017einio Vilko, V. Pietario g., Savanori\u0173 pr., J. Basanavi\u010diaus, \u0160vitrigailos g.,\u00a0 toliau \u2013 \u012fprasta trasa. Kursuodami pakeista trasa autobusai papildomai stos Gedimino prospektas, Vingis bei Simono Konarskio stotel\u0117se. Atgal autobusai gr\u012f\u0161 tokia pa\u010dia trasa. 73 mar\u0161ruto autobusai iki 19 val. nestos Alberto Go\u0161tauto, Kra\u017ei\u0173, Juozo Tumo-Vai\u017eganto stotel\u0117se.\u00a0<\/p>\n<p class=\"wp-block-paragraph\">88:\u00a0mar\u0161ruto autobusai nuo Oro uosto va\u017eiuos \u012fprasta trasa iki Au\u0161ros vart\u0173 gatv\u0117s, o toliau \u2013\u00a0 M. Dauk\u0161os, \u017diuproni\u0173, Suba\u010diaus, Drujos, Oland\u0173 ir \u0160eimyni\u0161ki\u0173 gatv\u0117mis iki stotel\u0117s Europos aik\u0161t\u0117. Kursuodami pakeista trasa autobusai papildomai stos stotel\u0117je Au\u0161ros vartai (M. Dauk\u0161os g.). 88 mar\u0161ruto autobusai iki 19 val. nestos Au\u0161ros vartai (Bazilijon\u0173 g.), R\u016bdnink\u0173, Mo muziejus, Reformat\u0173, Islandijos (A), Vinco Kudirkos aik\u0161t\u0117 bei \u017daliasis tiltas stotel\u0117se.\u00a0<\/p>\n<p class=\"wp-block-paragraph\">89: autobusai bus nukreipti per \u017dirm\u016bn\u0173 \u017eied\u0105 ir papildomai stos \u0160eimyni\u0161ki\u0173 ir laikinoje \u0160v. Petro ir Povilo stotel\u0117se. Iki 19 val. nestos \u017dvej\u0173, Karaliaus Mindaugo tiltas, Kaln\u0173 Parkas stotel\u0117se.\u00a0<\/p>\n<p class=\"wp-block-paragraph\">Troleibus\u0173 mar\u0161rut\u0173 poky\u010diai:\u00a0<\/p>\n<p class=\"wp-block-paragraph\">2:\u00a0kryptimi i\u0161 Saul\u0117tekio \u012f Stot\u012f troleibusai bus nukreipti per Oland\u0173, Drujos, Gele\u017einkelio g. iki Stoties. Kursuodami pakeista trasa autobusai papildomai stos Vasaros, Krivi\u0173, Filaret\u0173, Polocko, Drujos bei Gerv\u0117\u010di\u0173 stotel\u0117se. Iki 19 val. nestos Kaln\u0173 parkas, Karaliaus Mindaugo tiltas, Vinco Kudirkos aik\u0161t\u0117, Islandijos (D), Mo muziejus, Vingriai bei G\u0117li\u0173 stotel\u0117se.\u00a0\u00a0<\/p>\n<p class=\"wp-block-paragraph\">3:\u00a0troleibusai bus nukreipti per Konstitucijos pr. Va\u017eiuodami per Konstitucijos pr. troleibusai papildomai stos <a style=\"font-weight:bold;\" href=\"https:\/\/madeinvilnius.lt\/tema\/panorama\/\" target=\"_blank\" rel=\"nofollow noopener\">Panorama<\/a>, Vilniaus kolegija, Lietuvos s\u0105j\u016bd\u017eio kelias, Nacionalin\u0117 dail\u0117s galerija, Europos aik\u0161t\u0117, Lvivo, Rinktin\u0117s, \u0160eimyni\u0161ki\u0173 stotel\u0117se. Iki 19 nestos S\u0117li\u0173, Latvi\u0173, K\u0119stu\u010dio, Liubarto tiltas (laikina), Jok\u016bbo Jasinskio, Pam\u0117nkalnio, Islandijos (A), Vinco Kudirkos aik\u0161t\u0117, Karaliaus Mindaugo tiltas, Kaln\u0173 parkas bei \u0160v. Petro ir Povilo ba\u017eny\u010dia stotel\u0117se.<\/p>\n<p class=\"wp-block-paragraph\">4:\u00a0troleibusai kursuos nuo Pasak\u0173 parko iki Antakalnio \u017eiedo, va\u017eiuodami per Konstitucijos pr. Troleibusai papildomai stos laikinoje \u0160v. Petro ir Povilo stotel\u0117je, \u0160eimyni\u0161ki\u0173, Rinktin\u0117s, Lvivo, Europos aik\u0161t\u0117, Nacionalin\u0117 dail\u0117s galerija, Lietuvos s\u0105j\u016bd\u017eio kelias, Vilniaus kolegija, Panorama, \u017dv\u0117rynas, Teodoro Narbuto, Sietyno, Laisv\u0117s prospektas, Karolini\u0161ki\u0173 poliklinika, Ugniagesi\u0173, Atminties bei Pasak\u0173 parkas stotel\u0117se. \u012e \u012fprast\u0105 tras\u0105 sugr\u012f\u0161 po 19 val.<\/p>\n<p class=\"wp-block-paragraph\">6:\u00a0mar\u0161ruto troleibusai i\u0161 \u017dem\u0173j\u0173 Paneri\u0173 iki stotel\u0117s Savanori\u0173 prospektas va\u017eiuos \u012fprasta trasa, o toliau \u017demait\u0117s, Kauno ir V. \u0160openo gatv\u0117mis iki Stoties. Kursuodami pakeista trasa troleibusai nestos stotel\u0117se \u2013 Vingis, Simono Konarskio, Mikalojaus Konarskio \u010ciurlionio, Pam\u0117nkalnio, Islandijos (A), Vinco Kudirkos aik\u0161t\u0117, \u017daliasis tiltas, Kalvarij\u0173 turgus, Broniaus Laurinavi\u010diaus skveras, Giedrai\u010di\u0173, Tauragn\u0173, Pramog\u0173 arena, Verki\u0173, Autobus\u0173 parkas, \u0160altin\u0117lio, \u017dirm\u016bn\u0173 \u017eiedas. Va\u017eiuodami pakeista trasa 6 mar\u0161ruto troleibusai papildomai stos stotel\u0117se \u2013 \u017demait\u0117s (link Stoties), Statybinink\u0173, <a style=\"font-weight:bold;\" href=\"https:\/\/madeinvilnius.lt\/tema\/naujamiestis\/\" target=\"_blank\" rel=\"nofollow noopener\">Naujamiestis<\/a>, Vienaragi\u0173, Aguon\u0173 ir <a style=\"font-weight:bold;\" href=\"https:\/\/madeinvilnius.lt\/tema\/stotis\/\" target=\"_blank\" rel=\"nofollow noopener\">Stotis<\/a> (F).\u00a0<\/p>\n<p class=\"wp-block-paragraph\">10:\u00a0troleibusas kursuos nuo 20 val. kursuos \u012fprasta trasa.<\/p>\n<p class=\"wp-block-paragraph\">12: rugpj\u016b\u010dio 23 d. \u0161io mar\u0161ruto troleibusai nekursuos.<\/p>\n<p class=\"wp-block-paragraph\">17:\u00a0mar\u0161ruto troleibusai i\u0161 \u017dirm\u016bn\u0173 kursuos iki Oland\u0173 \u017eiedo, kur apsisukus gr\u012f\u0161 atgal \u012f \u017dirm\u016bnus. Va\u017eiuojant sutrumpinta trasa troleibusai papildomai stos laikinai \u012frengtoje stotel\u0117je \u0160v. Petro ir Povilo ba\u017eny\u010dia. Sutrumpinus tras\u0105 troleibusai nestos stotel\u0117se \u2013 \u0160v. Petro ir Povilo ba\u017eny\u010dia, Kaln\u0173 parkas, Karaliaus Mindaugo tiltas, Operos ir baleto teatras, Kra\u017ei\u0173, Juozo Tumo-Vai\u017eganto, Mikalojaus Konstantino \u010ciurlionio, Taraso \u0160ev\u010denkos, Vienaragi\u0173, Pr\u016bs\u0173, Naujininkai.\u00a0<\/p>\n<p class=\"wp-block-paragraph\">19:\u00a0Troleibusai papildomai stos laikinoje \u0160v. Petro ir Povilo stotel\u0117je.<\/p>\n<p class=\"wp-block-paragraph\">20:\u00a0\u0161io mar\u0161ruto troleibusai kursuos nuo 20 val., \u012fprasta trasa.\u00a0<\/p>\n<p><a href=\"https:\/\/madeinvilnius.lt\/wp-content\/uploads\/2026\/08\/eismo-pakeitimai-2026-final-1-scaled-1.png\" rel=\"nofollow noopener\" target=\"_blank\"><img loading=\"lazy\" decoding=\"async\" width=\"1024\" height=\"725\" data-id=\"376988\" src=\"https:\/\/www.europesays.com\/lt\/wp-content\/uploads\/2026\/08\/eismo-pakeitimai-2026-final-1-1024x725-1.png\" alt=\"\" class=\"wp-image-376988\"\/><\/a><\/p>\n","protected":false},"excerpt":{"rendered":"Rugpj\u016b\u010dio 23 d. Vilniuje vyksiantis \u201eVelomaratonas 2026\u201c keis eismo organizavim\u0105 miesto gatv\u0117se. Renginio metu laikinai u\u017edarius dal\u012f gatvi\u0173,&hellip;\n","protected":false},"author":2,"featured_media":259924,"comment_status":"","ping_status":"","sticky":false,"template":"","format":"standard","meta":{"footnotes":"","_share_on_mastodon":"0"},"categories":[13],"tags":[25,5626,30,31,34,35,24,32,33,37,39,36,38,40,65,23,22,28,29,26,27,66],"class_list":["post-259923","post","type-post","status-publish","format-standard","has-post-thumbnail","category-lietuva","tag-antrastes","tag-autobusai","tag-breaking-news","tag-breakingnews","tag-featured-news","tag-featurednews","tag-headlines","tag-latest-news","tag-latestnews","tag-lietuva","tag-lietuviu","tag-lithuania","tag-lithuanian","tag-lt","tag-naujiena","tag-naujienos","tag-news","tag-populiariausios-naujienos","tag-populiariausiosnaujienos","tag-top-stories","tag-topstories","tag-troleibusai"],"share_on_mastodon":{"url":"https:\/\/pubeurope.com\/@lt\/117142994989073097","error":""},"_links":{"self":[{"href":"https:\/\/www.europesays.com\/lt\/wp-json\/wp\/v2\/posts\/259923","targetHints":{"allow":["GET"]}}],"collection":[{"href":"https:\/\/www.europesays.com\/lt\/wp-json\/wp\/v2\/posts"}],"about":[{"href":"https:\/\/www.europesays.com\/lt\/wp-json\/wp\/v2\/types\/post"}],"author":[{"embeddable":true,"href":"https:\/\/www.europesays.com\/lt\/wp-json\/wp\/v2\/users\/2"}],"replies":[{"embeddable":true,"href":"https:\/\/www.europesays.com\/lt\/wp-json\/wp\/v2\/comments?post=259923"}],"version-history":[{"count":0,"href":"https:\/\/www.europesays.com\/lt\/wp-json\/wp\/v2\/posts\/259923\/revisions"}],"wp:featuredmedia":[{"embeddable":true,"href":"https:\/\/www.europesays.com\/lt\/wp-json\/wp\/v2\/media\/259924"}],"wp:attachment":[{"href":"https:\/\/www.europesays.com\/lt\/wp-json\/wp\/v2\/media?parent=259923"}],"wp:term":[{"taxonomy":"category","embeddable":true,"href":"https:\/\/www.europesays.com\/lt\/wp-json\/wp\/v2\/categories?post=259923"},{"taxonomy":"post_tag","embeddable":true,"href":"https:\/\/www.europesays.com\/lt\/wp-json\/wp\/v2\/tags?post=259923"}],"curies":[{"name":"wp","href":"https:\/\/api.w.org\/{rel}","templated":true}]}}