{"id":259957,"date":"2026-08-23T06:14:03","date_gmt":"2026-08-23T06:14:03","guid":{"rendered":"https:\/\/www.europesays.com\/lt\/259957\/"},"modified":"2026-08-23T06:14:03","modified_gmt":"2026-08-23T06:14:03","slug":"audra-nuniokojo-panevezi-nuplesti-stogai-isvirte-medziai-kai-kurios-gatves-nepravaziuojamos","status":"publish","type":"post","link":"https:\/\/www.europesays.com\/lt\/259957\/","title":{"rendered":"Audra nuniokojo Panev\u0117\u017e\u012f \u2013 nupl\u0117\u0161ti stogai, i\u0161virt\u0119 med\u017eiai, kai kurios gatv\u0117s neprava\u017eiuojamos"},"content":{"rendered":"<p class=\"isSelectedEnd\">\u0160e\u0161tadien\u012f Panev\u0117\u017e\u012f tal\u017eiusi audra nuniokojo \u012fvairias miesto vietas \u2013 stiprus v\u0117jas pl\u0117\u0161\u0117 pastat\u0173 stogus, vert\u0117 med\u017eius, lau\u017e\u0117 stambias \u0161akas, apgadino automobilius, futbolo manie\u017eo kupol\u0105 ir kit\u0105 miesto infrastrukt\u016br\u0105. Kai kur nuvirt\u0119 med\u017eiai visi\u0161kai u\u017etv\u0117r\u0117 va\u017eiuojam\u0105j\u0105 dal\u012f, tod\u0117l kai kurios gatvi\u0173 atkarpos tapo neprava\u017eiuojamos.<\/p>\n<p class=\"isSelectedEnd\">V\u0117jo g\u016bsiai nupl\u0117\u0161\u0117 ir apgadino pastat\u0173 stogus. Nuvirt\u0119 med\u017eiai bei nul\u016b\u017eusios \u0161akos u\u017ekrito ant mieste stov\u0117jusi\u0173 automobili\u0173, apgadino j\u0173 stiklus, stogus ir kitas k\u0117bulo dalis.<\/p>\n<p class=\"isSelectedEnd\">Audra taip pat i\u0161vart\u0117 laikinojo eismo organizavimo priemones, nulenk\u0117 gatv\u0117s \u0161viestuvo atram\u0105, apgadino m\u016brin\u0119 tvor\u0105, vie\u0161ojo transporto stotel\u0117s reklamin\u0119 konstrukcij\u0105 ir kitus miesto objektus.<\/p>\n<p class=\"isSelectedEnd\">Pavojingos vietos buvo aptvertos. Ugniagesiai gelb\u0117tojai grandininiais pj\u016bklais pjaust\u0117 nuvirtusius med\u017eius ir \u0161alino juos nuo gatvi\u0173 bei \u0161aligatvi\u0173. Kol kli\u016btys nebuvo pa\u0161alintos, vairuotojams teko rinktis kitus mar\u0161rutus.<\/p>\n<p><img loading=\"lazy\" decoding=\"async\" class=\"wp-image-811481 size-large\" src=\"https:\/\/www.europesays.com\/lt\/wp-content\/uploads\/2026\/08\/DSC00045-1024x684.jpg\" alt=\"\" width=\"1024\" height=\"684\"  \/>Audra Panev\u0117\u017eyje pridar\u0117 \u017ealos.<\/p>\n<p class=\"isSelectedEnd\">Apgadino futbolo manie\u017eo kupol\u0105<\/p>\n<p class=\"isSelectedEnd\">Vienas rimtesni\u0173 audros padarini\u0173 u\u017efiksuotas Ber\u017e\u0173 progimnazijos stadione. Stiprus v\u0117jas apgadino \u010dia \u012frengto pripu\u010diamo futbolo manie\u017eo kupol\u0105.<\/p>\n<p class=\"isSelectedEnd\">Tuo metu manie\u017ee vykusios \u017eol\u0117s tinklinio var\u017eybos buvo nutrauktos, \u017emon\u0117s evakuoti. Niekas nenukent\u0117jo.<\/p>\n<p class=\"isSelectedEnd\">Panev\u0117\u017eio miesto savivaldyb\u0117s administracijos Sporto skyriaus ved\u0117ja \u017divil\u0117 U\u017etupait\u0117 naujien\u0173 portalui JP.lt teig\u0117, kad manie\u017eo administratorius \u012f kilus\u012f pavoj\u0173 sureagavo operatyviai.<\/p>\n<p class=\"isSelectedEnd\">\u201eTuo metu manie\u017ee vyko \u017eol\u0117s tinklinio var\u017eybos. Jos buvo nutrauktos. Manie\u017eo administratorius greitai sureagavo \u2013 \u017emon\u0117s pirmiausia i\u0161 manie\u017eo buvo evakuoti \u012f pastat\u0105, o v\u0117liau \u2013 ir i\u0161 jo. Niekas nenukent\u0117jo, visa \u012franga buvo atjungta\u201c, \u2013 sak\u0117 \u017d. U\u017etupait\u0117.<\/p>\n<p class=\"isSelectedEnd\">Kol kas ne\u017einoma, kokio masto \u017eala padaryta manie\u017eui ir jo kupolui.<\/p>\n<p class=\"isSelectedEnd\">\u201eKokie padaryti nuostoliai, kol kas ne\u017einome. Juos dar vertinsime\u201c, \u2013 teig\u0117 Sporto skyriaus ved\u0117ja.<\/p>\n<p>\t\t\t<img decoding=\"async\" src=\"https:\/\/www.europesays.com\/lt\/wp-content\/uploads\/2026\/08\/1787465639_910_nuotraukos.png\"\/><\/p>\n<p>Apgadintas pripu\u010diamas futbolo manie\u017eas<\/p>\n<p class=\"isSelectedEnd\">\u0160alyje \u2013 apie 500 ugniagesi\u0173 i\u0161kvietim\u0173<\/p>\n<p class=\"isSelectedEnd\">D\u0117l Lietuvoje siautusio stipraus v\u0117jo ir li\u016b\u010di\u0173 \u0161e\u0161tadienio vakar\u0105 elektros netur\u0117jo apie 155 t\u016bkst. \u0161alies gyventoj\u0173. Ugniagesiai per dien\u0105 sulauk\u0117 apie 500 i\u0161kvietim\u0173, daugiausia susijusi\u0173 su ant va\u017eiuojamosios kelio dalies ar elektros laid\u0173 nuvirtusi\u0173 med\u017ei\u0173 \u0161alinimu.<\/p>\n<p class=\"isSelectedEnd\">\u201eEnergijos skirstymo operatoriaus\u201c (ESO) atstov\u0117s Rasos Juodkien\u0117s teigimu, situacija buvo labai sud\u0117tinga, nes elektros tinklas smarkiai pa\u017eeistas.<\/p>\n<p class=\"isSelectedEnd\">\u201eVisu paj\u0117gumu negalime dirbti d\u0117l vis dar sud\u0117ting\u0173 oro s\u0105lyg\u0173. Blogiausia situacija yra Kauno ir Vilniaus, taip pat Klaip\u0117dos regionuose\u201c, \u2013 Eltai \u0161e\u0161tadienio vakar\u0105 komentavo R. Juodkien\u0117.<\/p>\n<p><img loading=\"lazy\" decoding=\"async\" class=\"wp-image-811482 size-large\" src=\"https:\/\/www.europesays.com\/lt\/wp-content\/uploads\/2026\/08\/DSC00051-1024x684.jpg\" alt=\"\" width=\"1024\" height=\"684\"  \/>Audra Panev\u0117\u017eyje pridar\u0117 \u017ealos.<\/p>\n<p class=\"isSelectedEnd\">Prie\u0161gaisrin\u0117s apsaugos ir gelb\u0117jimo departamento (PAGD) duomenimis, apie 500 prane\u0161im\u0173 gauta nuo 6 iki 16.30 val.<\/p>\n<p class=\"isSelectedEnd\">\u201eSituacija visoje \u0161alyje nuolat kinta, tod\u0117l tiksl\u016bs galutiniai \u0161ios dienos duomenys paai\u0161k\u0117s susisteminus informacij\u0105 i\u0161 vis\u0173 padalini\u0173. Paj\u0117gos \u0161iuo metu intensyviai dirba visoje Lietuvoje, o nauji pagalbos pra\u0161ymai registruojami nuolat\u201c, \u2013 ra\u0161oma PAGD prane\u0161ime.<\/p>\n<p class=\"isSelectedEnd\">Ryte did\u017eiausias i\u0161kvietim\u0173 srautas fiksuotas Piet\u0173 Lietuvoje, v\u0117liau jis persik\u0117l\u0117 \u012f centrin\u0119 \u0161alies dal\u012f, o popiet\u0119 daugiausia prane\u0161im\u0173 ugniagesiai gelb\u0117tojai gavo i\u0161 Vakar\u0173 Lietuvos.<\/p>\n<p class=\"isSelectedEnd\">Preliminariais duomenimis, daugiausia i\u0161kvietim\u0173 sulaukta Klaip\u0117dos, Kauno, Druskinink\u0173 ir Var\u0117nos regionuose, ma\u017eiausiai \u2013 \u0160iauli\u0173 apskrityje.<\/p>\n<p><img loading=\"lazy\" decoding=\"async\" class=\"wp-image-811483 size-full\" src=\"https:\/\/www.europesays.com\/lt\/wp-content\/uploads\/2026\/08\/DSC00073.jpg\" alt=\"\" width=\"1200\" height=\"802\"  \/>Audra Panev\u0117\u017eyje pridar\u0117 \u017ealos.<\/p>\n<p class=\"isSelectedEnd\">Ugniagesiai da\u017eniausiai buvo kvie\u010diami \u0161alinti ant va\u017eiuojamosios kelio dalies nuvirtusi\u0173 med\u017ei\u0173 ir nul\u016b\u017eusi\u0173 \u0161ak\u0173. Taip pat gauta nema\u017eai prane\u0161im\u0173 apie ant elektros tinkl\u0173 u\u017evirtusius med\u017eius, v\u0117jo apgadintas konstrukcijas ir j\u0173 dalis.<\/p>\n<p class=\"isSelectedEnd\">Lietuvos hidrometeorologijos tarnyba buvo persp\u0117jusi, kad labai stiprus v\u0117jas ir smarkus lietus gali pasiekti stichinio meteorologinio rei\u0161kinio lyg\u012f. Gyventojams i\u0161si\u0173stuose persp\u0117jimuose nurodyta, kad gali virsti med\u017eiai ir sutrikti elektros tiekimas.<\/p>\n<p class=\"isSelectedEnd\">Prognozuota, kad Vakar\u0173 Lietuvoje per par\u0105 gali i\u0161kristi 40\u201370 milimetr\u0173 krituli\u0173 \u2013 daugiau nei pus\u0117 rugpj\u016b\u010dio m\u0117nesio normos.<\/p>\n<p>Gyventojams patariama sandariai u\u017edaryti langus ir duris, i\u0161 kiem\u0173 bei balkon\u0173 surinkti lengvai v\u0117jo pakeliamus daiktus, nestatyti automobili\u0173 prie auk\u0161t\u0173 med\u017ei\u0173 ir nesiartinti prie nutr\u016bkusi\u0173 elektros laid\u0173.<\/p>\n<p>\t\t\t<img decoding=\"async\" src=\"https:\/\/www.europesays.com\/lt\/wp-content\/uploads\/2026\/08\/1787465639_910_nuotraukos.png\"\/><\/p>\n<p>Audra Panev\u0117\u017eyje pridar\u0117 \u017ealos<\/p>\n<p>\t\t\t\t\t\t\t\t\t\t\t\t <img decoding=\"async\" src=\"https:\/\/www.europesays.com\/lt\/wp-content\/uploads\/2026\/08\/1787465643_734_jp-1.png\"\/><\/p>\n","protected":false},"excerpt":{"rendered":"\u0160e\u0161tadien\u012f Panev\u0117\u017e\u012f tal\u017eiusi audra nuniokojo \u012fvairias miesto vietas \u2013 stiprus v\u0117jas pl\u0117\u0161\u0117 pastat\u0173 stogus, vert\u0117 med\u017eius, lau\u017e\u0117 stambias&hellip;\n","protected":false},"author":2,"featured_media":259958,"comment_status":"","ping_status":"","sticky":false,"template":"","format":"standard","meta":{"footnotes":"","_share_on_mastodon":"0"},"categories":[6],"tags":[25,788,30,31,34,35,24,32,33,37,39,36,38,40,5077,23,22,28,29,26,27,7996],"class_list":["post-259957","post","type-post","status-publish","format-standard","has-post-thumbnail","category-antrastes","tag-antrastes","tag-audra","tag-breaking-news","tag-breakingnews","tag-featured-news","tag-featurednews","tag-headlines","tag-latest-news","tag-latestnews","tag-lietuva","tag-lietuviu","tag-lithuania","tag-lithuanian","tag-lt","tag-medziai","tag-naujienos","tag-news","tag-populiariausios-naujienos","tag-populiariausiosnaujienos","tag-top-stories","tag-topstories","tag-vejas"],"share_on_mastodon":{"url":"https:\/\/pubeurope.com\/@lt\/117143356996319423","error":""},"_links":{"self":[{"href":"https:\/\/www.europesays.com\/lt\/wp-json\/wp\/v2\/posts\/259957","targetHints":{"allow":["GET"]}}],"collection":[{"href":"https:\/\/www.europesays.com\/lt\/wp-json\/wp\/v2\/posts"}],"about":[{"href":"https:\/\/www.europesays.com\/lt\/wp-json\/wp\/v2\/types\/post"}],"author":[{"embeddable":true,"href":"https:\/\/www.europesays.com\/lt\/wp-json\/wp\/v2\/users\/2"}],"replies":[{"embeddable":true,"href":"https:\/\/www.europesays.com\/lt\/wp-json\/wp\/v2\/comments?post=259957"}],"version-history":[{"count":0,"href":"https:\/\/www.europesays.com\/lt\/wp-json\/wp\/v2\/posts\/259957\/revisions"}],"wp:featuredmedia":[{"embeddable":true,"href":"https:\/\/www.europesays.com\/lt\/wp-json\/wp\/v2\/media\/259958"}],"wp:attachment":[{"href":"https:\/\/www.europesays.com\/lt\/wp-json\/wp\/v2\/media?parent=259957"}],"wp:term":[{"taxonomy":"category","embeddable":true,"href":"https:\/\/www.europesays.com\/lt\/wp-json\/wp\/v2\/categories?post=259957"},{"taxonomy":"post_tag","embeddable":true,"href":"https:\/\/www.europesays.com\/lt\/wp-json\/wp\/v2\/tags?post=259957"}],"curies":[{"name":"wp","href":"https:\/\/api.w.org\/{rel}","templated":true}]}}