{"id":26021,"date":"2025-10-26T19:21:13","date_gmt":"2025-10-26T19:21:13","guid":{"rendered":"https:\/\/www.europesays.com\/lt\/26021\/"},"modified":"2025-10-26T19:21:13","modified_gmt":"2025-10-26T19:21:13","slug":"konfliktas-tarp-i-ruginienes-ir-d-sakalienes-sulauke-smaikscios-j-peceliuno-reakcijos","status":"publish","type":"post","link":"https:\/\/www.europesays.com\/lt\/26021\/","title":{"rendered":"Konfliktas tarp I. Ruginien\u0117s ir D. \u0160akalien\u0117s sulauk\u0117 \u0161maik\u0161\u010dios J. Pe\u010deli\u016bno reakcijos"},"content":{"rendered":"<p>Turinio k\u016br\u0117jas savo \u201eInstagram\u201c paskyroje pavie\u0161ino vaizdo \u012fra\u0161\u0105, kur\u012f pats sumontavo. Jame \u0161maik\u0161\u010diai pateikiamas dviej\u0173 politiki\u0173 konfliktas.<\/p>\n<p>\u012era\u0161as per kelias dienas sulauk\u0117 did\u017eiulio d\u0117mesio \u2013 beveik 19 t\u016bkst. patiktuk\u0173 ir \u0161imtus komentar\u0173.<\/p>\n<p>J. Pe\u010deli\u016bnas nusprend\u0117 i\u0161imti i\u0161 konteksto kelias D. \u0160akalien\u0117s ir I. Ruginien\u0117s i\u0161tartas frazes ir sujungti jas \u012f \u201esusipykuis\u0173 draugi\u0173\u201c pokalb\u012f.<\/p>\n<p>Justas taip pat neliko be vaidmens \u2013 \u0161iame sukurtame pokalbyje jis band\u0117 sutaikyti moteris.<\/p>\n<p>\u201eGerai, Inga, kas dabar ten jums su Dovile darosi? Tu man papasakok\u201c, \u2013 vaizdo \u012fra\u0161\u0105 prad\u0117jo J. Pe\u010deli\u016bnas.<\/p>\n<p>\u201eA\u0161 noriu susitikti akis \u012f ak\u012f\u201c, \u2013 i\u0161traukoje sako I. Ruginien\u0117.<\/p>\n<p>\u201eDovile, ateik \u010dia, staigiai\u201c, \u2013 atsako Justas.<\/p>\n<p>\u201eA\u0161 \u010dia esu ir galite i\u0161sakyti savo priekai\u0161tus\u201c, \u2013 dar vienoje i\u0161karpoje sako D. \u0160akalien\u0117.<\/p>\n<p>\u201eIngut, tai sakyk, kas negerai, kod\u0117l dirbti negalime visi normaliai dabar\u201c, \u2013 toliau kalba Justas.<\/p>\n<p>\u201eA\u0161 negaliu susitaikyti, kad yra meluojama\u201c, \u2013 i\u0161karpoje sako I. Ruginien\u0117.<\/p>\n<p>\u201eJ\u0117zau, pati irgi ne g\u0117lyt\u0117, \u017einok, esi. Susitaikyk tu su tais melais, ar tu ka\u017ek\u0105 kito turi pasi\u016blyti?\u201c \u2013 klausia Justas.<\/p>\n<p>\u201eKar\u0105 tarpusavyje\u201c, \u2013 i\u0161 i\u0161karp\u0173 sukurtame pokalbyje pasirodo I. Ruginien\u0117.<\/p>\n<p>\u201eJeigu tu kariausi, tai k\u0105 Dovil\u0117 darys?\u201c \u2013 teiraujasi Justas.<\/p>\n<p>\u201ePjaustyti, kur ma\u017eiausiai kraujuoja\u201c, \u2013 vaizdo \u012fra\u0161e sako D. \u0160akalien\u0117.<\/p>\n<p>\u201e\u010cia tu Ing\u0105 planuoji pjaustyt?\u201c \u2013 v\u0117l pasirodo Justas.<\/p>\n<p>\u201eBelek\u0105\u201c, \u2013 kalba D. \u0160akalien\u0117.<\/p>\n<p>\u201eJ\u0117zau, Inga, o tau nebaisu? Nes man bi\u0161k\u012f\u201c, \u2013 v\u0117l \u012fsiterpia J. Pe\u010deli\u016bnas.<\/p>\n<p>\u201eLabai nemaloni situacija\u201c, \u2013 i\u0161karpoje sako I. Ruginien\u0117.<\/p>\n<p>\u201eTai sprend\u017eiam t\u0105 nemaloni\u0105 situacij\u0105, nes i\u0161sipjaustysim \u010dia darbe. J\u0117zau, tokios draugut\u0117s abi buvo, gra\u017eu \u017ei\u016br\u0117t. I\u0161siai\u0161kinam\u201c, \u2013 kalb\u0117jo Justas.<\/p>\n<p>\u201eA\u0161 noriu dirbti, bet ne ai\u0161kintis santykius\u201c, \u2013 v\u0117l kalba I. Ruginien\u0117.<\/p>\n<p>\u201eTai eikit dirbt. Apsaugok ir ap\u0161viesk\u201c, \u2013 pasirodo J. Pe\u010deli\u016bnas.<\/p>\n<p>\u201eKaip sakoma, Dieve pad\u0117k\u201c, \u2013 dar vienoje i\u0161karpoje sako D. \u0160akalien\u0117.<\/p>\n<p>\u201eDoviliukai, \u010dia jau net bonk\u0117 nebepad\u0117s\u201c, \u2013 baigdamas i\u0161 i\u0161karp\u0173 suklijuot\u0105 pokalb\u012f sak\u0117 J. Pe\u010deli\u016bnas.<\/p>\n<p>Primename, kad tre\u010diadien\u012f \u0161alies vadovas pasira\u0161\u0117 dekret\u0105 ir i\u0161 pareig\u0173 atleido D. \u0160akalien\u0119. Kol kas laikinai vadovauti KAM pavesta vidaus reikal\u0173 ministrui Vladislavui Kondratovi\u010diui.<\/p>\n","protected":false},"excerpt":{"rendered":"Turinio k\u016br\u0117jas savo \u201eInstagram\u201c paskyroje pavie\u0161ino vaizdo \u012fra\u0161\u0105, kur\u012f pats sumontavo. Jame \u0161maik\u0161\u010diai pateikiamas dviej\u0173 politiki\u0173 konfliktas. \u012era\u0161as&hellip;\n","protected":false},"author":2,"featured_media":26022,"comment_status":"","ping_status":"","sticky":false,"template":"","format":"standard","meta":{"footnotes":""},"categories":[13],"tags":[25,30,31,34,35,24,32,33,37,39,36,38,40,23,22,28,29,26,27],"class_list":{"0":"post-26021","1":"post","2":"type-post","3":"status-publish","4":"format-standard","5":"has-post-thumbnail","7":"category-lietuva","8":"tag-antrastes","9":"tag-breaking-news","10":"tag-breakingnews","11":"tag-featured-news","12":"tag-featurednews","13":"tag-headlines","14":"tag-latest-news","15":"tag-latestnews","16":"tag-lietuva","17":"tag-lietuviu","18":"tag-lithuania","19":"tag-lithuanian","20":"tag-lt","21":"tag-naujienos","22":"tag-news","23":"tag-populiariausios-naujienos","24":"tag-populiariausiosnaujienos","25":"tag-top-stories","26":"tag-topstories"},"share_on_mastodon":{"url":"https:\/\/pubeurope.com\/@lt\/115442095487066340","error":""},"_links":{"self":[{"href":"https:\/\/www.europesays.com\/lt\/wp-json\/wp\/v2\/posts\/26021","targetHints":{"allow":["GET"]}}],"collection":[{"href":"https:\/\/www.europesays.com\/lt\/wp-json\/wp\/v2\/posts"}],"about":[{"href":"https:\/\/www.europesays.com\/lt\/wp-json\/wp\/v2\/types\/post"}],"author":[{"embeddable":true,"href":"https:\/\/www.europesays.com\/lt\/wp-json\/wp\/v2\/users\/2"}],"replies":[{"embeddable":true,"href":"https:\/\/www.europesays.com\/lt\/wp-json\/wp\/v2\/comments?post=26021"}],"version-history":[{"count":0,"href":"https:\/\/www.europesays.com\/lt\/wp-json\/wp\/v2\/posts\/26021\/revisions"}],"wp:featuredmedia":[{"embeddable":true,"href":"https:\/\/www.europesays.com\/lt\/wp-json\/wp\/v2\/media\/26022"}],"wp:attachment":[{"href":"https:\/\/www.europesays.com\/lt\/wp-json\/wp\/v2\/media?parent=26021"}],"wp:term":[{"taxonomy":"category","embeddable":true,"href":"https:\/\/www.europesays.com\/lt\/wp-json\/wp\/v2\/categories?post=26021"},{"taxonomy":"post_tag","embeddable":true,"href":"https:\/\/www.europesays.com\/lt\/wp-json\/wp\/v2\/tags?post=26021"}],"curies":[{"name":"wp","href":"https:\/\/api.w.org\/{rel}","templated":true}]}}