{"id":260595,"date":"2026-08-24T05:59:14","date_gmt":"2026-08-24T05:59:14","guid":{"rendered":"https:\/\/www.europesays.com\/lt\/260595\/"},"modified":"2026-08-24T05:59:14","modified_gmt":"2026-08-24T05:59:14","slug":"i-sio-lietuvos-rajono-miskus-dabar-geriau-neiti-gyventojams-paskelbtas-ispejimas","status":"publish","type":"post","link":"https:\/\/www.europesays.com\/lt\/260595\/","title":{"rendered":"\u012e \u0161io Lietuvos rajono mi\u0161kus dabar geriau neiti: gyventojams paskelbtas \u012fsp\u0117jimas"},"content":{"rendered":"<p class=\"wp-block-paragraph\">\u00a0Var\u0117nos rajono savivaldyb\u0119, kaip ir daugel\u012f Lietuvos vietovi\u0173, \u0161e\u0161tadien\u012f nusiaub\u0117 smarki audra.<\/p>\n<p class=\"wp-block-paragraph\">\u201eV\u0117tros m\u016bs\u0173 nepalieka, jau penkta per m\u0117nes\u012f v\u0117tra. N\u0117ra n\u0117 vieno nukent\u0117jusio, yra tik apgadintas gyventoj\u0173 turtas. Bet didelis i\u0161\u0161\u016bkis yra su elektros energijos tiekimu\u201c, \u2013\u00a0socialinio tinklo \u201eFacebook\u201c paskyroje skelbia Var\u0117nos rajono savivaldyb\u0117s administracija.<\/p>\n<p class=\"wp-block-paragraph\">D\u0117l nutr\u016bkusi\u0173 elektros laid\u0173 ir nuvirtusi\u0173 med\u017ei\u0173 \u017emon\u0117s raginami neiti \u012f mi\u0161kus.<\/p>\n<p>Skaitykite taip pat<a class=\"miv-ax-rel-link\" href=\"https:\/\/madeinvilnius.lt\/sportas\/krepsinis\/i-vilniu-atvyko-ryto-naujokas-esu-pasiruoses\/\" rel=\"nofollow noopener\" target=\"_blank\">\u012e Vilni\u0173 atvyko \u201eRyto\u201c naujokas: \u201eEsu pasiruo\u0161\u0119s\u201c<\/a><a class=\"miv-ax-rel-link\" href=\"https:\/\/madeinvilnius.lt\/transportas\/traukiniai\/keleiviai-pasipiktine-traukiniai-veluoja-darbuotojai-visai-nepadeda\/\" rel=\"nofollow noopener\" target=\"_blank\">Keleiviai pasipiktin\u0119: traukiniai v\u0117luoja, darbuotojai visai nepadeda<\/a><\/p>\n<p class=\"wp-block-paragraph\">\u201eDidel\u0117 dalis ne tik laid\u0173 guli ant \u017eem\u0117s \u2013 yra med\u017ei\u0173 pakibusi\u0173, kur kelia pavoj\u0173\u201c, \u2013\u00a0\u012fsp\u0117ja savivaldyb\u0117.<\/p>\n<p class=\"wp-block-paragraph\">Var\u0117nos rajono savivaldyb\u0117s Ekstremali\u0173j\u0173 situacij\u0173 operacij\u0173 centras buvo aktyvuotas dar \u0161e\u0161tadienio vakar\u0105, sekmadien\u012f su\u0161auktas Operacij\u0173 centro pos\u0117dis, kuriame dalyvavo seni\u016bnij\u0173 seni\u016bnai ir atsaking\u0173 \u012fstaig\u0173 atstovai. Pos\u0117d\u017eio metu \u012fvertinta esama situacija rajone, aptarti stipraus v\u0117jo padariniai ir svarbiausi artimiausi darbai.<\/p>\n<p class=\"wp-block-paragraph\">Did\u017eiausi i\u0161\u0161\u016bkiai \u0161iuo metu susij\u0119 su elektros energijos tiekimo sutrikimais. Var\u0117nos rajono savivaldyb\u0117je ryte buvo fiksuotas 71 elektros tiekimo sutrikimas, be elektros energijos yra apie 1,4 t\u016bkst. vartotoj\u0173.<\/p>\n<p class=\"wp-block-paragraph\">Atjungt\u0173 vartotoj\u0173 skai\u010dius nuolat kinta \u2013 vykstant gedim\u0173 \u0161alinimo darbams ir atkuriant elektros energijos tiekim\u0105, jis palaipsniui ma\u017e\u0117ja. \u0160iuo metu sutrikimus rajone \u0161alina trys ESO brigados.<\/p>\n<p class=\"wp-block-paragraph\">21 kart\u0105 Var\u0117nos ugniagesiai vyko \u0161alinti med\u017ei\u0173 ir pad\u0117jo elektrikams priva\u017eiuoti prie nutr\u016bkusi\u0173 elektros linij\u0173.<\/p>\n<p class=\"wp-block-paragraph\">Stiprus v\u0117jas taip pat pridar\u0117 \u017ealos keliuose ir gyvenamosiose teritorijose \u2013 daug kur virto med\u017eiai, l\u016b\u017eo \u0161akos, buvo apsunkintas eismas.<\/p>\n<p class=\"wp-block-paragraph\">Gyventoj\u0173 pra\u0161oma i\u0161likti atsargiems, nesiartinti prie nutr\u016bkusi\u0173 elektros laid\u0173 ir apie pavojingas situacijas informuoti atsakingas tarnybas.<\/p>\n<p class=\"wp-block-paragraph\">ELTA primena, kad rugpj\u016b\u010dio prad\u017eioje siautusi audra padar\u0117 daug \u017ealos Var\u0117nos rajono savivaldyb\u0117je \u2013 virto med\u017eiai, elektros stulpai. \u00a0Var\u0117nos rajono savivaldyb\u0117s administracija skelb\u0117, kad ties Noruli\u0173 kaimu ma\u017edaug dviej\u0173 kilometr\u0173 kelio atkarp\u0105 u\u017evert\u0117 med\u017eiai. Eismas \u0161ioje vietoje buvo labai apsunkintas, o kai kur \u2013 visi\u0161kai ne\u012fmanomas.<\/p>\n<p class=\"wp-block-paragraph\">Var\u0117nos rajone, Kas\u010di\u016bn\u0173 kaime, buvo suniokota partizano Juozo Jakavonio-Tigro sodyb\u0105.<\/p>\n<p class=\"wp-block-paragraph\">Apie nelaim\u0119 socialiniame tinkle \u201eFacebook\u201c \u00a0prane\u0161\u0117 partizano dukra, Seimo nar\u0117 Angel\u0117 Jakavonyt\u0117. Pasak jos, prie partizan\u0173 vad\u0173 vadaviet\u0117s neliko n\u0117 vieno med\u017eio, net apie 200 met\u0173 sodyboje aug\u0119s \u0105\u017euolas nulau\u017etas. Nukent\u0117jo ir stogai, vienas automobilis, obelys.\u00a0<\/p>\n","protected":false},"excerpt":{"rendered":"\u00a0Var\u0117nos rajono savivaldyb\u0119, kaip ir daugel\u012f Lietuvos vietovi\u0173, \u0161e\u0161tadien\u012f nusiaub\u0117 smarki audra. \u201eV\u0117tros m\u016bs\u0173 nepalieka, jau penkta per&hellip;\n","protected":false},"author":2,"featured_media":260596,"comment_status":"","ping_status":"","sticky":false,"template":"","format":"standard","meta":{"footnotes":"","_share_on_mastodon":"0"},"categories":[6],"tags":[25,30,31,34,35,24,32,33,37,39,36,38,40,9466,65,23,22,28,29,26,27],"class_list":["post-260595","post","type-post","status-publish","format-standard","has-post-thumbnail","category-antrastes","tag-antrastes","tag-breaking-news","tag-breakingnews","tag-featured-news","tag-featurednews","tag-headlines","tag-latest-news","tag-latestnews","tag-lietuva","tag-lietuviu","tag-lithuania","tag-lithuanian","tag-lt","tag-miskai","tag-naujiena","tag-naujienos","tag-news","tag-populiariausios-naujienos","tag-populiariausiosnaujienos","tag-top-stories","tag-topstories"],"share_on_mastodon":{"url":"https:\/\/pubeurope.com\/@lt\/117148959511262875","error":""},"_links":{"self":[{"href":"https:\/\/www.europesays.com\/lt\/wp-json\/wp\/v2\/posts\/260595","targetHints":{"allow":["GET"]}}],"collection":[{"href":"https:\/\/www.europesays.com\/lt\/wp-json\/wp\/v2\/posts"}],"about":[{"href":"https:\/\/www.europesays.com\/lt\/wp-json\/wp\/v2\/types\/post"}],"author":[{"embeddable":true,"href":"https:\/\/www.europesays.com\/lt\/wp-json\/wp\/v2\/users\/2"}],"replies":[{"embeddable":true,"href":"https:\/\/www.europesays.com\/lt\/wp-json\/wp\/v2\/comments?post=260595"}],"version-history":[{"count":0,"href":"https:\/\/www.europesays.com\/lt\/wp-json\/wp\/v2\/posts\/260595\/revisions"}],"wp:featuredmedia":[{"embeddable":true,"href":"https:\/\/www.europesays.com\/lt\/wp-json\/wp\/v2\/media\/260596"}],"wp:attachment":[{"href":"https:\/\/www.europesays.com\/lt\/wp-json\/wp\/v2\/media?parent=260595"}],"wp:term":[{"taxonomy":"category","embeddable":true,"href":"https:\/\/www.europesays.com\/lt\/wp-json\/wp\/v2\/categories?post=260595"},{"taxonomy":"post_tag","embeddable":true,"href":"https:\/\/www.europesays.com\/lt\/wp-json\/wp\/v2\/tags?post=260595"}],"curies":[{"name":"wp","href":"https:\/\/api.w.org\/{rel}","templated":true}]}}