{"id":26061,"date":"2025-10-26T20:51:15","date_gmt":"2025-10-26T20:51:15","guid":{"rendered":"https:\/\/www.europesays.com\/lt\/26061\/"},"modified":"2025-10-26T20:51:15","modified_gmt":"2025-10-26T20:51:15","slug":"beprotybe-vilniaus-oro-uoste-skrydziai-sustabdyti-jau-4-atvejis-per-savaite","status":"publish","type":"post","link":"https:\/\/www.europesays.com\/lt\/26061\/","title":{"rendered":"Beprotyb\u0117 Vilniaus oro uoste: skryd\u017eiai sustabdyti \u2013 jau 4 atvejis per savait\u0119"},"content":{"rendered":"\n<p>Kaip skelbiama, eismas kol kas apribotas keturioms valandoms \u2013 nuo 21.46 val. iki preliminariai 1.40 val.<\/p>\n<p>  U\u017edaryti pasienio punktai su Baltarusija <\/p>\n<p>Taip pat, kaip informavo NKVC, <a href=\"https:\/\/www.tv3.lt\/naujiena\/lietuva\/pasienio-punktai-su-baltarusija-uzdaryti-neribotam-laikui-n1463944\" rel=\"nofollow noopener\" target=\"_blank\">u\u017edaryti Medinink\u0173 ir \u0160al\u010dinink\u0173 pasienio punktai su Baltarusija. <\/a>Kol kas jie u\u017edaromi neribotam laikui \u2013 bent iki pirmadienio ryto, kai Vyriausyb\u0117je pos\u0117d\u017eiaus Nacionalinio saugumo komisija ir priims atitinkamus sprendimus \u0161iuo klausimu.<\/p>\n<p>D\u0117l kontrabandai naudojam\u0173 meteorologini\u0173 balion\u0173 Vilniaus oro uosto veikla stabdoma jau ketvirt\u0105 kart\u0105 \u0161i\u0105 savait\u0119.<\/p>\n<p>Vaizdai i\u0161 Vilniaus oro uosto, kai nakt\u012f sutriko jo darbas<\/p>\n<p>(5 nuotr.) <a style=\"height: 63vw;\" itemprop=\"contentUrl\" data-size=\"0x0\" href=\"#gid=115435&amp;pid=1\" data-href=\"https:\/\/static4.inspektorius.lt\/usi\/800x600\/2\/ba\/12\/b2\/ba12b27b26a5ec4b0d4d714ebc2c6f8a.jpg?v=4.2.7.280&amp;t=cr&amp;s=800x600&amp;m=2&amp;f=\/Uploads\/UGallery\/photos\/df\/41\/0b\/57\/df410b5714d8b8039a2bdb5fa05e9269.jpg\" rel=\"nofollow\" target=\"_blank\"><img decoding=\"async\" style=\"height: 63vw; object-fit: cover;\" itemprop=\"thumbnail\" class=\"newsPhoto300 landscape\" id=\"imgid-115435-2577414\" alt=\"1\" src=\"https:\/\/www.europesays.com\/lt\/wp-content\/uploads\/2025\/10\/1761511870_428_df410b5714d8b8039a2bdb5fa05e9269.jpg\" title=\"Vilniaus oro uostas nakt\u012f sutrikus jo veiklai (N. Bani\u016bno nuotr.)  \" loading=\"lazy\" \/> <\/a> <\/p>\n<p>Vilniaus oro uostas nakt\u012f sutrikus jo veiklai (N. Bani\u016bno nuotr.)  <\/p>\n<p>  <a itemprop=\"contentUrl\" data-size=\"0x0\" href=\"#gid=115435&amp;pid=2\" data-href=\"https:\/\/static4.inspektorius.lt\/usi\/800x600\/2\/21\/31\/1f\/21311f4aba21d8047bd881f6e397f916.jpg?v=4.2.7.280&amp;t=cr&amp;s=800x600&amp;m=2&amp;f=\/Uploads\/UGallery\/photos\/b1\/ed\/7d\/3b\/b1ed7d3b62e68ee1cb3ee6be9e8ed582.jpg\" rel=\"nofollow\" target=\"_blank\"><img decoding=\"async\" itemprop=\"thumbnail\" class=\"newsPhoto300 portrait\" id=\"imgid-115435-2577415\" alt=\"2\" src=\"https:\/\/www.europesays.com\/lt\/wp-content\/uploads\/2025\/10\/1761511871_226_b1ed7d3b62e68ee1cb3ee6be9e8ed582.jpg\" title=\"Vilniaus oro uostas nakt\u012f sutrikus jo veiklai (N. Bani\u016bno nuotr.)  \" loading=\"lazy\" \/> <\/a> <\/p>\n<p>Vilniaus oro uostas nakt\u012f sutrikus jo veiklai (N. Bani\u016bno nuotr.)  <\/p>\n<p>  <a itemprop=\"contentUrl\" data-size=\"0x0\" href=\"#gid=115435&amp;pid=3\" data-href=\"https:\/\/static4.inspektorius.lt\/usi\/800x600\/2\/2b\/aa\/80\/2baa80fa41e61645194d7a449b1af1ea.jpg?v=4.2.7.280&amp;t=cr&amp;s=800x600&amp;m=2&amp;f=\/Uploads\/UGallery\/photos\/99\/4b\/86\/53\/994b865306870ee7ce36f9b0fa9950ef.jpg\" rel=\"nofollow\" target=\"_blank\"><img decoding=\"async\" itemprop=\"thumbnail\" class=\"newsPhoto300 portrait\" id=\"imgid-115435-2577416\" alt=\"3\" src=\"https:\/\/www.europesays.com\/lt\/wp-content\/uploads\/2025\/10\/1761511873_729_994b865306870ee7ce36f9b0fa9950ef.jpg\" title=\"Vilniaus oro uostas nakt\u012f sutrikus jo veiklai (N. Bani\u016bno nuotr.)  \" loading=\"lazy\" \/> <\/a> <\/p>\n<p>Vilniaus oro uostas nakt\u012f sutrikus jo veiklai (N. Bani\u016bno nuotr.)  <\/p>\n<p>  <a itemprop=\"contentUrl\" data-size=\"0x0\" href=\"#gid=115435&amp;pid=4\" data-href=\"https:\/\/static4.inspektorius.lt\/usi\/800x600\/2\/5a\/31\/eb\/5a31ebbfa1790bd11e793b26ce4ba5cf.jpg?v=4.2.7.280&amp;t=cr&amp;s=800x600&amp;m=2&amp;f=\/Uploads\/UGallery\/photos\/05\/bb\/6b\/93\/05bb6b932c5c341ce8babdfc9f969f84.jpg\" rel=\"nofollow\" target=\"_blank\"><img decoding=\"async\" itemprop=\"thumbnail\" class=\"newsPhoto300 portrait\" id=\"imgid-115435-2577417\" alt=\"4\" src=\"https:\/\/www.europesays.com\/lt\/wp-content\/uploads\/2025\/10\/1761511874_349_05bb6b932c5c341ce8babdfc9f969f84.jpg\" title=\"Vilniaus oro uostas nakt\u012f sutrikus jo veiklai (N. Bani\u016bno nuotr.)  \" loading=\"lazy\" \/> <\/a> <\/p>\n<p>Vilniaus oro uostas nakt\u012f sutrikus jo veiklai (N. Bani\u016bno nuotr.)  <\/p>\n<p>  <a itemprop=\"contentUrl\" data-size=\"0x0\" href=\"#gid=115435&amp;pid=5\" data-href=\"https:\/\/static4.inspektorius.lt\/usi\/800x600\/2\/dc\/4c\/8f\/dc4c8f38742c8ea99697c9b25553aafb.jpg?v=4.2.7.280&amp;t=cr&amp;s=800x600&amp;m=2&amp;f=\/Uploads\/UGallery\/photos\/b0\/f0\/e8\/bc\/b0f0e8bc0d72a4c76a8a4f15e7c763af.jpg\" rel=\"nofollow\" target=\"_blank\"><img decoding=\"async\" itemprop=\"thumbnail\" class=\"newsPhoto300 portrait\" id=\"imgid-115435-2577418\" alt=\"5\" src=\"https:\/\/www.europesays.com\/lt\/wp-content\/uploads\/2025\/10\/1761511874_456_b0f0e8bc0d72a4c76a8a4f15e7c763af.jpg\" title=\"Vilniaus oro uostas nakt\u012f sutrikus jo veiklai (N. Bani\u016bno nuotr.)  \" loading=\"lazy\" \/> <\/a> <\/p>\n<p>Vilniaus oro uostas nakt\u012f sutrikus jo veiklai (N. Bani\u016bno nuotr.)  <\/p>\n<p>Kaip skelbta, \u0161e\u0161tadienio vakar\u0105 buvo sustabdytas orlaivi\u0173 eismas Vilniaus oro uoste. Toks sprendimas priimtas d\u0117l kontrabandai i\u0161 Baltarusijos gabenti skirt\u0173 meteorologini\u0173 oro balion\u0173.<\/p>\n<p>Pana\u0161us incidentas fiksuotas ir penktadienio vakar\u0105 \u2013 tuomet laikinai buvo sustabdyta Vilniaus bei Kauno oro uost\u0173 veikla, taip pat u\u017edaryti pasienio kontrol\u0117s punktai su Baltarusija.<\/p>\n<p>Dar vienas atvejis fiksuotas antradienio vakar\u0105 \u2013 Nacionalinio krizi\u0173 valdymo centro (NKVC) vadovo Vilmanto Vitkausko teigimu, \u0161\u012fmet tai buvo vienas intensyviausi\u0173 balion\u0173 antpl\u016bd\u017ei\u0173. Tuo metu taip pat buvo sustabdyta sostin\u0117s oro uosto veikla, u\u017edaryti anks\u010diau min\u0117ti pasienio punktai\u00a0su\u00a0Baltarusija.<\/p>\n<p>D\u0117l pasikartojan\u010di\u0173 incident\u0173, pirmadien\u012f premjer\u0117 Inga Ruginien\u0117 \u0161aukia Nacionalin\u0117s saugumo komisijos pos\u0117d\u012f. Pasak politik\u0117s, susitikimo metu \u017eadama ie\u0161koti ilgalaiki\u0173 priemoni\u0173 krizei spr\u0119sti. Ji neatmet\u0117, kad pirmadien\u012f bus nutarta u\u017edaryti Medinink\u0173 ir \u0160al\u010dinink\u0173 pasienio punktus su Baltarusija ilgesniam laikotarpiui.<\/p>\n<p>Savo ruo\u017etu Prezident\u016bra sako, kad, siekiant suvaldyti situacij\u0105, gali b\u016bti svarstoma riboti tranzit\u0105 \u012f Kaliningrad\u0105 bei ilgesniam laikui u\u017edaryti sien\u0105 su Baltarusija.<\/p>\n<p><a href=\"https:\/\/www.indeliai.lt\/\" target=\"_blank\" rel=\"nofollow noopener\"><img decoding=\"async\" alt=\"indeliai.lt\" src=\"https:\/\/www.europesays.com\/lt\/wp-content\/uploads\/2025\/10\/Indeliainew.jpg\" style=\"width: 100%; max-height: 250px; max-width: 800px\" \/><\/a><\/p>\n","protected":false},"excerpt":{"rendered":"Kaip skelbiama, eismas kol kas apribotas keturioms valandoms \u2013 nuo 21.46 val. iki preliminariai 1.40 val. U\u017edaryti pasienio&hellip;\n","protected":false},"author":2,"featured_media":26062,"comment_status":"","ping_status":"","sticky":false,"template":"","format":"standard","meta":{"footnotes":""},"categories":[13],"tags":[7891,25,30,31,57,43,34,35,55,48,24,54,51,49,50,32,33,37,39,36,38,40,45,23,22,44,28,29,53,42,56,47,26,27,41,46,58,52],"class_list":{"0":"post-26061","1":"post","2":"type-post","3":"status-publish","4":"format-standard","5":"has-post-thumbnail","7":"category-lietuva","8":"tag-2025-10-26-220600","9":"tag-antrastes","10":"tag-breaking-news","11":"tag-breakingnews","12":"tag-daiktai","13":"tag-dienos-kronika","14":"tag-featured-news","15":"tag-featurednews","16":"tag-gatves-tekstai","17":"tag-gyvenimas","18":"tag-headlines","19":"tag-interneto-pievos","20":"tag-keliones","21":"tag-kultura","22":"tag-laisvalaikis","23":"tag-latest-news","24":"tag-latestnews","25":"tag-lietuva","26":"tag-lietuviu","27":"tag-lithuania","28":"tag-lithuanian","29":"tag-lt","30":"tag-mokslas-ir-it","31":"tag-naujienos","32":"tag-news","33":"tag-pasaulis","34":"tag-populiariausios-naujienos","35":"tag-populiariausiosnaujienos","36":"tag-projektai","37":"tag-rinktiniai-tekstai","38":"tag-simtmecio-portalas","39":"tag-sportas","40":"tag-top-stories","41":"tag-topstories","42":"tag-tv3-lt","43":"tag-verslas","44":"tag-video","45":"tag-zaidimai"},"share_on_mastodon":{"url":"","error":"Validation failed: Text character limit of 500 exceeded"},"_links":{"self":[{"href":"https:\/\/www.europesays.com\/lt\/wp-json\/wp\/v2\/posts\/26061","targetHints":{"allow":["GET"]}}],"collection":[{"href":"https:\/\/www.europesays.com\/lt\/wp-json\/wp\/v2\/posts"}],"about":[{"href":"https:\/\/www.europesays.com\/lt\/wp-json\/wp\/v2\/types\/post"}],"author":[{"embeddable":true,"href":"https:\/\/www.europesays.com\/lt\/wp-json\/wp\/v2\/users\/2"}],"replies":[{"embeddable":true,"href":"https:\/\/www.europesays.com\/lt\/wp-json\/wp\/v2\/comments?post=26061"}],"version-history":[{"count":0,"href":"https:\/\/www.europesays.com\/lt\/wp-json\/wp\/v2\/posts\/26061\/revisions"}],"wp:featuredmedia":[{"embeddable":true,"href":"https:\/\/www.europesays.com\/lt\/wp-json\/wp\/v2\/media\/26062"}],"wp:attachment":[{"href":"https:\/\/www.europesays.com\/lt\/wp-json\/wp\/v2\/media?parent=26061"}],"wp:term":[{"taxonomy":"category","embeddable":true,"href":"https:\/\/www.europesays.com\/lt\/wp-json\/wp\/v2\/categories?post=26061"},{"taxonomy":"post_tag","embeddable":true,"href":"https:\/\/www.europesays.com\/lt\/wp-json\/wp\/v2\/tags?post=26061"}],"curies":[{"name":"wp","href":"https:\/\/api.w.org\/{rel}","templated":true}]}}