{"id":260755,"date":"2026-08-24T09:32:26","date_gmt":"2026-08-24T09:32:26","guid":{"rendered":"https:\/\/www.europesays.com\/lt\/260755\/"},"modified":"2026-08-24T09:32:26","modified_gmt":"2026-08-24T09:32:26","slug":"po-audros-laukia-ryskus-oru-pokytis-gris-vasariska-siluma","status":"publish","type":"post","link":"https:\/\/www.europesays.com\/lt\/260755\/","title":{"rendered":"Po audros laukia ry\u0161kus or\u0173 pokytis: gr\u012f\u0161 vasari\u0161ka \u0161iluma"},"content":{"rendered":"<p>\u0160e\u0161tadien\u012f Lietuv\u0105 tal\u017e\u0119s ciklonas \u201ePriska\u201c pama\u017eu traukiasi \u012f \u0161iaur\u0119 ir \u0161iaur\u0117s rytus, ta\u010diau sekmadien\u012f \u0161alyje dar i\u0161liks v\u0117juoti orai. Naujos savait\u0117s prad\u017eioje daug kur numatomi trumpi liet\u016bs, vietomis \u2013 perk\u016bnija.<\/p>\n<p>Sekmadien\u012f daugelyje rajon\u0173 trumpai palis, vietomis, daugiausia \u0161alies \u0161iaur\u0117je, gali griaud\u0117ti perk\u016bnija. P\u016bs vakar\u0173 ir pietvakari\u0173 7\u201312 m\/s v\u0117jas, jo g\u016bsiai sieks 15\u201318 m\/s. Oras \u0161ils iki 17\u201320 laipsni\u0173.<\/p>\n<p>Pirmadien\u012f protarpiais lis. Nakt\u012f daugiau krituli\u0173 numatoma vakariniuose rajonuose, o dien\u0105 trumpi liet\u016bs praslinks per daugel\u012f \u0161alies vietovi\u0173. Vietomis galima perk\u016bnija, per j\u0105 v\u0117jo g\u016bsiai gali siekti 15 m\/s.<\/p>\n<p>Nakt\u012f temperat\u016bra nukris iki 10\u201312, paj\u016bryje laikysis 13\u201316 laipsni\u0173 \u0161iluma. Dien\u0105 bus 17\u201319 laipsni\u0173.<\/p>\n<p>Antradienio nakt\u012f \u0161iek tiek palis paj\u016bryje ir rytiniame \u0161alies pakra\u0161tyje, o pietiniuose rajonuose vietomis susidarys r\u016bkas. Dien\u0105 nedidelio lietaus sulauks tik kai kurios vietov\u0117s. P\u016bs 6\u201311 m\/s vakarini\u0173 kryp\u010di\u0173 v\u0117jas. Nakt\u012f bus 9\u201312, paj\u016bryje \u2013 13\u201315, dien\u0105 \u2013 18\u201321 laipsnis \u0161ilumos.<\/p>\n<p>Nuo antradienio Lietuvos link prad\u0117s pl\u0117stis anticiklonas \u201eSteffen\u201c, tod\u0117l savait\u0117s viduryje orai taps sausesni ir ramesni.<\/p>\n<p>Tre\u010diadien\u012f lietaus nenumatoma, ta\u010diau nakt\u012f ir ryt\u0105 vietomis tvyros r\u016bkas. V\u0117jas bus silpnas, nepastovios krypties. Nakt\u012f temperat\u016bra nukris iki 7\u201310, paj\u016bryje \u2013 iki 11\u201313 laipsni\u0173, o dien\u0105 oras su\u0161ils iki 18\u201321 laipsnio.<\/p>\n<p>Ketvirtadien\u012f taip pat tur\u0117t\u0173 b\u016bti sausa. Nakt\u012f bus 7\u201312, dien\u0105 \u2013 20\u201323 laipsniai \u0161ilumos. P\u016bs nestiprus ryt\u0173 ir pietry\u010di\u0173 v\u0117jas.<\/p>\n<p>Penktadien\u012f lietaus nenumatoma, o temperat\u016bra dar \u0161iek tiek pakils. Nakt\u012f bus 8\u201313, dien\u0105 \u2013 20\u201324 laipsniai \u0161ilumos. P\u016bs pietry\u010di\u0173 v\u0117jas.<\/p>\n<p>Pagal dabartines prognozes, kit\u0105 savaitgal\u012f i\u0161 vakar\u0173 Lietuvos link gali priart\u0117ti \u0161iltesnius, ta\u010diau lietingesnius orus atne\u0161ianti ciklon\u0173 sistema.<\/p>\n<p>Primename, kad per \u0161e\u0161tadienio audr\u0105 bene labiausiai \u0161alyje nukent\u0117jo <a href=\"https:\/\/kaunas.kasvyksta.lt\/kaunas\" title=\"Kaunas\" rel=\"nofollow noopener\" target=\"_blank\">Kaunas<\/a> ir Kauno apskritis.<\/p>\n<p>Mieste fiksuoti iki 26 m\/s v\u0117jo g\u016bsiai, med\u017eiai virto ant gatvi\u0173 ir automobili\u0173, buvo apgadinti pastatai, nutraukti elektros laidai, nuniokoti parkai bei mi\u0161kai.<\/p>\n","protected":false},"excerpt":{"rendered":"\u0160e\u0161tadien\u012f Lietuv\u0105 tal\u017e\u0119s ciklonas \u201ePriska\u201c pama\u017eu traukiasi \u012f \u0161iaur\u0119 ir \u0161iaur\u0117s rytus, ta\u010diau sekmadien\u012f \u0161alyje dar i\u0161liks v\u0117juoti&hellip;\n","protected":false},"author":2,"featured_media":260756,"comment_status":"","ping_status":"","sticky":false,"template":"","format":"standard","meta":{"footnotes":"","_share_on_mastodon":"0"},"categories":[13],"tags":[25,788,30,31,4162,34,35,24,1061,32,33,37,39,36,38,40,23,22,260,736,28,29,26,27],"class_list":["post-260755","post","type-post","status-publish","format-standard","has-post-thumbnail","category-lietuva","tag-antrastes","tag-audra","tag-breaking-news","tag-breakingnews","tag-elvyra-latvenaite","tag-featured-news","tag-featurednews","tag-headlines","tag-kaunas","tag-latest-news","tag-latestnews","tag-lietuva","tag-lietuviu","tag-lithuania","tag-lithuanian","tag-lt","tag-naujienos","tag-news","tag-orai","tag-oru-prognoze","tag-populiariausios-naujienos","tag-populiariausiosnaujienos","tag-top-stories","tag-topstories"],"share_on_mastodon":{"url":"https:\/\/pubeurope.com\/@lt\/117149797172654632","error":""},"_links":{"self":[{"href":"https:\/\/www.europesays.com\/lt\/wp-json\/wp\/v2\/posts\/260755","targetHints":{"allow":["GET"]}}],"collection":[{"href":"https:\/\/www.europesays.com\/lt\/wp-json\/wp\/v2\/posts"}],"about":[{"href":"https:\/\/www.europesays.com\/lt\/wp-json\/wp\/v2\/types\/post"}],"author":[{"embeddable":true,"href":"https:\/\/www.europesays.com\/lt\/wp-json\/wp\/v2\/users\/2"}],"replies":[{"embeddable":true,"href":"https:\/\/www.europesays.com\/lt\/wp-json\/wp\/v2\/comments?post=260755"}],"version-history":[{"count":0,"href":"https:\/\/www.europesays.com\/lt\/wp-json\/wp\/v2\/posts\/260755\/revisions"}],"wp:featuredmedia":[{"embeddable":true,"href":"https:\/\/www.europesays.com\/lt\/wp-json\/wp\/v2\/media\/260756"}],"wp:attachment":[{"href":"https:\/\/www.europesays.com\/lt\/wp-json\/wp\/v2\/media?parent=260755"}],"wp:term":[{"taxonomy":"category","embeddable":true,"href":"https:\/\/www.europesays.com\/lt\/wp-json\/wp\/v2\/categories?post=260755"},{"taxonomy":"post_tag","embeddable":true,"href":"https:\/\/www.europesays.com\/lt\/wp-json\/wp\/v2\/tags?post=260755"}],"curies":[{"name":"wp","href":"https:\/\/api.w.org\/{rel}","templated":true}]}}