{"id":260765,"date":"2026-08-24T09:42:03","date_gmt":"2026-08-24T09:42:03","guid":{"rendered":"https:\/\/www.europesays.com\/lt\/260765\/"},"modified":"2026-08-24T09:42:03","modified_gmt":"2026-08-24T09:42:03","slug":"lenku-sinoptikai-paskelbe-rudens-ir-ziemos-prognoze-laukia-neiprasti-orai","status":"publish","type":"post","link":"https:\/\/www.europesays.com\/lt\/260765\/","title":{"rendered":"Lenk\u0173 sinoptikai paskelb\u0117 rudens ir \u017eiemos prognoz\u0119: laukia ne\u012fprasti orai"},"content":{"rendered":"<p class=\"wp-block-paragraph\">Naujausios sezonin\u0117s prognoz\u0117s jau siekia 2027 met\u0173 kov\u0105 ir rodo, kad art\u0117jantis ruduo bei \u017eiema gali gerokai skirtis nuo \u012fprast\u0173. Lenk\u0173 sinoptikai prognozuoja ilg\u0105 ir ne\u012fprastai \u0161ilt\u0105 ruden\u012f, o tikresni \u017eiemi\u0161ki orai gali pasirodyti gerokai v\u0117liau. Prognozi\u0173 \u017eem\u0117lapiuose pana\u0161ios temperat\u016bros anomalijos numatomos ir Lietuvoje.<\/p>\n<p class=\"wp-block-paragraph\">Lenkijos or\u0173 portalas \u201eTwojaPogoda.pl\u201c skelbia, kad sezoniniai modeliai \u0161iuo metu rodo \u0161iltesn\u012f nei daugiamet\u0117 norma laikotarp\u012f didel\u0117je Vidurio ir Ryt\u0173 Europos dalyje.<\/p>\n<p class=\"wp-block-paragraph\">Ta\u010diau tokias keli\u0173 m\u0117nesi\u0173 prognozes reik\u0117t\u0173 vertinti atsargiai. Jos parodo bendras temperat\u016bros ir krituli\u0173 tendencijas, bet negali tiksliai numatyti konkre\u010dios dienos or\u0173, \u0161al\u010dio bang\u0173 ar pirmojo sniego datos.<\/p>\n<p>Skaitykite taip pat<a class=\"miv-ax-rel-link\" href=\"https:\/\/madeinvilnius.lt\/naujienos\/lietuvos-naujienos\/es-gyventoju-laukia-didelis-pokytis-svarbiausius-dokumentus-bus-galima-tureti-telefone\/\" rel=\"nofollow noopener\" target=\"_blank\">ES gyventoj\u0173 laukia didelis pokytis: svarbiausius dokumentus bus galima tur\u0117ti telefone<\/a><a class=\"miv-ax-rel-link\" href=\"https:\/\/madeinvilnius.lt\/orai-vilniuje\/sinoptike-apie-nauja-savaite-savaites-viduryje-atokvepis-savaitgali-naujas-ciklonas\/\" rel=\"nofollow noopener\" target=\"_blank\">Sinoptik\u0117 apie nauj\u0105 savait\u0119: savait\u0117s viduryje \u2013 atokv\u0117pis, savaitgal\u012f \u2013 naujas ciklonas<\/a>Ruduo gali b\u016bti ne\u012fprastai \u0161iltas<\/p>\n<p class=\"wp-block-paragraph\">Lenk\u0173 sinoptik\u0173 vertinimu, nuo rugs\u0117jo iki lapkri\u010dio Europoje da\u017enai gali vyrauti auk\u0161to sl\u0117gio sritys. Jei toks atmosferos cirkuliacijos scenarijus i\u0161sipildys, dr\u0117gnesni ir v\u0117sesni Atlanto ciklonai sunkiau prasiskverbs \u012f \u017eemyno rytin\u0119 dal\u012f.<\/p>\n<p class=\"wp-block-paragraph\">Tuo pa\u010diu metu i\u0161 Europos piet\u0173 periodi\u0161kai gal\u0117t\u0173 pl\u016bsti \u0161iltos oro mas\u0117s.<\/p>\n<p class=\"wp-block-paragraph\">D\u0117l to rugs\u0117j\u012f vasari\u0161ka \u0161iluma gali u\u017esit\u0119sti ilgiau nei \u012fprastai, o v\u0117liau tik\u0117tini ilgesni saul\u0117t\u0173 ir \u0161ilt\u0173 rudeni\u0161k\u0173 or\u0173 laikotarpiai.<\/p>\n<p class=\"wp-block-paragraph\">Pana\u0161i tendencija sezoniniuose \u017eem\u0117lapiuose matoma ir Baltijos \u0161alyse, tod\u0117l \u0161iltesnio nei \u012fprastai rudens scenarijus aktualus ir Lietuvai.<\/p>\n<p>Sausas ruduo tur\u0117t\u0173 ir neigiam\u0105 pus\u0119<\/p>\n<p class=\"wp-block-paragraph\">Ilgi saul\u0117t\u0173 ir saus\u0173 or\u0173 laikotarpiai ruden\u012f b\u016bt\u0173 palank\u016bs poilsiui lauke, ta\u010diau kartu gal\u0117t\u0173 pagilinti dr\u0117gm\u0117s tr\u016bkum\u0105.<\/p>\n<p class=\"wp-block-paragraph\">\u201eTwojaPogoda.pl\u201c prognozuoja, kad <a style=\"font-weight:bold;\" href=\"https:\/\/madeinvilnius.lt\/tema\/lenkija\/\" target=\"_blank\" rel=\"nofollow noopener\">Lenkijoje<\/a> d\u0117l ma\u017eesnio krituli\u0173 kiekio gali ma\u017e\u0117ti dirvo\u017eemio dr\u0117gm\u0117 ir vandens lygis up\u0117se.<\/p>\n<p class=\"wp-block-paragraph\">Jeigu pana\u0161ios s\u0105lygos ilgesn\u012f laik\u0105 apimt\u0173 ir Lietuv\u0105, krituli\u0173 tr\u016bkumas b\u016bt\u0173 svarbus \u017eem\u0117s \u016bkiui ir vandens telkini\u0173 b\u016bklei. Vis d\u0117lto toki\u0173 ilgalaiki\u0173 prognozi\u0173 pagrindu dar per anksti spr\u0119sti apie konkretaus regiono sausros mast\u0105.<\/p>\n<p>Gruod\u012f situacija tur\u0117t\u0173 prad\u0117ti keistis<\/p>\n<p class=\"wp-block-paragraph\">Ry\u0161kesni\u0173 atmosferos cirkuliacijos poky\u010di\u0173 lenk\u0173 sinoptikai tikisi gruod\u012f. Tuomet krituli\u0173 tur\u0117t\u0173 daug\u0117ti, ta\u010diau vidutin\u0117 temperat\u016bra vis dar gali i\u0161likti auk\u0161tesn\u0117 u\u017e daugiamet\u0119 norm\u0105.<\/p>\n<p class=\"wp-block-paragraph\">Tai reik\u0161t\u0173, kad \u017eiemos prad\u017eioje da\u017eniau gal\u0117t\u0173 vyrauti lietus ar \u0161lapdriba, o ilgalaikio sniego ir stipresnio \u0161al\u010dio tikimyb\u0117 b\u016bt\u0173 ma\u017eesn\u0117.<\/p>\n<p class=\"wp-block-paragraph\">Pagal dabartin\u012f sezonin\u0117s prognoz\u0117s scenarij\u0173 da\u017enesni \u017eiemi\u0161ki laikotarpiai gal\u0117t\u0173 prasid\u0117ti tik saus\u012f.<\/p>\n<p>Prognozuojama \u0161velni, bet dr\u0117gna \u017eiema<\/p>\n<p class=\"wp-block-paragraph\">Lenk\u0173 sinoptik\u0173 teigimu, laikotarpis nuo gruod\u017eio iki 2027 met\u0173 kovo gali b\u016bti ne tik \u0161iltesnis, bet ir dr\u0117gnesnis nei \u012fprastai.<\/p>\n<p class=\"wp-block-paragraph\">Kai kuriuose regionuose sezoniniai modeliai rodo didesn\u012f u\u017e daugiamet\u012f vidurk\u012f krituli\u0173 kiek\u012f. Po sauso rudens tai gal\u0117t\u0173 pad\u0117ti papildyti dirvo\u017eemio dr\u0117gm\u0117s ir vandens atsargas.<\/p>\n<p class=\"wp-block-paragraph\">\u0160iltesn\u0117s \u017eiemos prognoz\u0117 nerei\u0161kia, kad sniego ar \u0161al\u010dio visai nebus. Galimos ir trumpalaik\u0117s \u0161alto oro invazijos, ta\u010diau pagal dabartinius skai\u010diavimus jos tur\u0117t\u0173 b\u016bti retesn\u0117s, o \u0161iltesni laikotarpiai \u2013 vyrauti.<\/p>\n<p>K\u0105 tai gali reik\u0161ti Lietuvai?<\/p>\n<p class=\"wp-block-paragraph\">Sezonini\u0173 prognozi\u0173 \u017eem\u0117lapiuose Lietuva patenka \u012f t\u0105 pa\u010di\u0105 platesn\u0119 temperat\u016bros anomalij\u0173 zon\u0105 kaip <a style=\"font-weight:bold;\" href=\"https:\/\/madeinvilnius.lt\/tema\/lenkija\/\" target=\"_blank\" rel=\"nofollow noopener\">Lenkija<\/a> ir kitos \u0161io Europos regiono \u0161alys.<\/p>\n<p class=\"wp-block-paragraph\">Tod\u0117l \u0161iuo metu galima kalb\u0117ti apie didesn\u0119 \u0161iltesnio nei \u012fprastai rudens ir \u017eiemos tikimyb\u0119 ir Lietuvoje. Ta\u010diau tai nerei\u0161kia, kad kiekvienas m\u0117nuo ar savait\u0117 bus \u0161ilti.<\/p>\n<p class=\"wp-block-paragraph\">Net ir \u0161iltesn\u0119 u\u017e daugiamet\u012f vidurk\u012f \u017eiem\u0105 gali pasitaikyti p\u016bg\u0173, gausaus sniego ar stipraus \u0161al\u010dio epizod\u0173. Patikimiau \u012fvertinti j\u0173 tikimyb\u0119 bus galima tik gerokai priart\u0117jus \u017eiemos sezonui.<\/p>\n<p class=\"wp-block-paragraph\">\u0160altinis \u2013 \u201eTwojaPogoda.pl\u201c.<\/p>\n","protected":false},"excerpt":{"rendered":"Naujausios sezonin\u0117s prognoz\u0117s jau siekia 2027 met\u0173 kov\u0105 ir rodo, kad art\u0117jantis ruduo bei \u017eiema gali gerokai skirtis&hellip;\n","protected":false},"author":2,"featured_media":260766,"comment_status":"","ping_status":"","sticky":false,"template":"","format":"standard","meta":{"footnotes":"","_share_on_mastodon":"0"},"categories":[13],"tags":[25,30,31,34,35,24,32,33,37,39,36,38,40,65,23,22,28,29,26,27,5654],"class_list":["post-260765","post","type-post","status-publish","format-standard","has-post-thumbnail","category-lietuva","tag-antrastes","tag-breaking-news","tag-breakingnews","tag-featured-news","tag-featurednews","tag-headlines","tag-latest-news","tag-latestnews","tag-lietuva","tag-lietuviu","tag-lithuania","tag-lithuanian","tag-lt","tag-naujiena","tag-naujienos","tag-news","tag-populiariausios-naujienos","tag-populiariausiosnaujienos","tag-top-stories","tag-topstories","tag-ziema"],"share_on_mastodon":{"url":"https:\/\/pubeurope.com\/@lt\/117149836454234296","error":""},"_links":{"self":[{"href":"https:\/\/www.europesays.com\/lt\/wp-json\/wp\/v2\/posts\/260765","targetHints":{"allow":["GET"]}}],"collection":[{"href":"https:\/\/www.europesays.com\/lt\/wp-json\/wp\/v2\/posts"}],"about":[{"href":"https:\/\/www.europesays.com\/lt\/wp-json\/wp\/v2\/types\/post"}],"author":[{"embeddable":true,"href":"https:\/\/www.europesays.com\/lt\/wp-json\/wp\/v2\/users\/2"}],"replies":[{"embeddable":true,"href":"https:\/\/www.europesays.com\/lt\/wp-json\/wp\/v2\/comments?post=260765"}],"version-history":[{"count":0,"href":"https:\/\/www.europesays.com\/lt\/wp-json\/wp\/v2\/posts\/260765\/revisions"}],"wp:featuredmedia":[{"embeddable":true,"href":"https:\/\/www.europesays.com\/lt\/wp-json\/wp\/v2\/media\/260766"}],"wp:attachment":[{"href":"https:\/\/www.europesays.com\/lt\/wp-json\/wp\/v2\/media?parent=260765"}],"wp:term":[{"taxonomy":"category","embeddable":true,"href":"https:\/\/www.europesays.com\/lt\/wp-json\/wp\/v2\/categories?post=260765"},{"taxonomy":"post_tag","embeddable":true,"href":"https:\/\/www.europesays.com\/lt\/wp-json\/wp\/v2\/tags?post=260765"}],"curies":[{"name":"wp","href":"https:\/\/api.w.org\/{rel}","templated":true}]}}