{"id":260857,"date":"2026-08-24T11:47:09","date_gmt":"2026-08-24T11:47:09","guid":{"rendered":"https:\/\/www.europesays.com\/lt\/260857\/"},"modified":"2026-08-24T11:47:09","modified_gmt":"2026-08-24T11:47:09","slug":"kodel-apple-vision-pro-vos-netapo-reality-pro-vardu","status":"publish","type":"post","link":"https:\/\/www.europesays.com\/lt\/260857\/","title":{"rendered":"Kod\u0117l \u201eApple Vision Pro\u201c vos netapo \u201eReality Pro\u201c vardu"},"content":{"rendered":"<p><img loading=\"lazy\" decoding=\"async\" style=\"aspect-ratio:1280\/720;\" src=\"https:\/\/cdn.digin.lt\/files\/post\/content\/2026\/08\/apple-vision-pro1jpg.avif\" width=\"1280\" height=\"720\"\/><\/p>\n<p>Yra ir technin\u0117 prie\u0161istor\u0117. Nuorodos \u012f realityOS pirm\u0105 kart\u0105 pasirod\u0117 dar 2021 m. gruod\u012f, kai kita fiktyvi bendrov\u0117 Realityo Systems LLC pateik\u0117 parai\u0161k\u0105 \u0161iam preki\u0173 \u017eenklui. V\u0117liau k\u016br\u0117jai aptiko realityOS eilutes \u201eApp Store\u201c \u017eurnaluose ir vidiniuose \u201eApple\u201c paketuose. Iki 2023 m. vidurio buvo sekamos ir kitos parai\u0161kos su tokiais pavadinimais kaip xrOS, xrProOS ir realOS. \u0160ie vardai taip ir nepateko \u012f pagrindin\u012f pristatym\u0105, ta\u010diau paliko artefakt\u0173 kode. B\u016btent d\u0117l \u0161i\u0173 artefakt\u0173 senesni pavadinimai vis dar i\u0161nyra programin\u0117s aparatin\u0117s \u012frangos i\u0161klotin\u0117se ir k\u016br\u0117jams skirtose versijose.<\/p>\n<p>\u201eApple\u201c pakeit\u0117 ne tik prek\u0117s \u017eenkl\u0105; ji paliko p\u0117dsak\u0173 programin\u0117je \u012frangoje, kuriems i\u0161trinti reikia laiko.<\/p>\n<p>Klientus \u0161ie akiniai pasiek\u0117 2024 m. vasar\u012f, o Jungtini\u0173 Valstij\u0173 rinkoje j\u0173 kaina siek\u0117 apie 3 220 \u20ac. Vertinimai buvo nevienodi: daugelis gyr\u0117 technin\u012f u\u017emoj\u012f, o kiti abejojo kaina ir praktiniais naudojimo scenarijais. U\u017ekulisiuose \u201eApple\u201c taip pat pertvarko komand\u0105, atsaking\u0105 u\u017e Vision produkt\u0173 \u0161eim\u0105. Naujausiose ataskaitose teigiama, kad ma\u017edaug 100 \u0161ios grup\u0117s nari\u0173 buvo atleista, o investicijos \u012f \u017eaidimus ir su akiniais susijusi\u0105 \u012ftraukiojo vaizdo gamyb\u0105 suma\u017eintos. Pasakojimai i\u0161 \u201eApple\u201c vidaus leid\u017eia manyti, kad atnaujinto dizaino Vision Pro 2 ir pigesnio Vision Air k\u016brimas buvo pristabdytas, kai prioritetai pasislinko link lengvesni\u0173 i\u0161mani\u0173j\u0173 akini\u0173 projekt\u0173.<\/p>\n<p>K\u0105 visa tai rei\u0161kia? \u201eApple\u201c pavadinimai niekada n\u0117ra vien etiket\u0117s. Jie atspindi strategij\u0105, teisin\u0119 realyb\u0119 ir rinkos skai\u010diavimus. Vision Pro laim\u0117jo scen\u0105. Reality Pro liko u\u017ekulisiuose kaip rezervuotas pasirinkimas ir priminimas, kad net grie\u017etai kontroliuojamo pristatymo metu ankstesni\u0173 plan\u0173 p\u0117dsakai gali u\u017esilikti kode ir dokumentuose. \u0160i\u0173 akini\u0173 kelias nuo vidinio pavadinimo iki vie\u0161o prek\u0117s \u017eenklo suteikia nedidel\u012f \u017evilgsn\u012f \u012f tai, kaip did\u017eiosios technologij\u0173 bendrov\u0117s tvarko preki\u0173 \u017eenklus, rinkas ir komunikacij\u0105, kai statymai yra dideli.<\/p>\n","protected":false},"excerpt":{"rendered":"Yra ir technin\u0117 prie\u0161istor\u0117. Nuorodos \u012f realityOS pirm\u0105 kart\u0105 pasirod\u0117 dar 2021 m. gruod\u012f, kai kita fiktyvi bendrov\u0117&hellip;\n","protected":false},"author":2,"featured_media":260858,"comment_status":"","ping_status":"","sticky":false,"template":"","format":"standard","meta":{"footnotes":"","_share_on_mastodon":"0"},"categories":[17],"tags":[38035,38031,81,22488,37,39,36,38,40,38034,38036,38032,46,38033],"class_list":["post-260857","post","type-post","status-publish","format-standard","has-post-thumbnail","category-verslas","tag-apple-prekiu-zenklai","tag-apple-vision-pro","tag-business","tag-ismanieji-akiniai","tag-lietuva","tag-lietuviu","tag-lithuania","tag-lithuanian","tag-lt","tag-misriosios-realybes-akiniai","tag-papildyta-realybe","tag-reality-pro","tag-verslas","tag-visionos"],"share_on_mastodon":{"url":"https:\/\/pubeurope.com\/@lt\/117150328382814820","error":""},"_links":{"self":[{"href":"https:\/\/www.europesays.com\/lt\/wp-json\/wp\/v2\/posts\/260857","targetHints":{"allow":["GET"]}}],"collection":[{"href":"https:\/\/www.europesays.com\/lt\/wp-json\/wp\/v2\/posts"}],"about":[{"href":"https:\/\/www.europesays.com\/lt\/wp-json\/wp\/v2\/types\/post"}],"author":[{"embeddable":true,"href":"https:\/\/www.europesays.com\/lt\/wp-json\/wp\/v2\/users\/2"}],"replies":[{"embeddable":true,"href":"https:\/\/www.europesays.com\/lt\/wp-json\/wp\/v2\/comments?post=260857"}],"version-history":[{"count":0,"href":"https:\/\/www.europesays.com\/lt\/wp-json\/wp\/v2\/posts\/260857\/revisions"}],"wp:featuredmedia":[{"embeddable":true,"href":"https:\/\/www.europesays.com\/lt\/wp-json\/wp\/v2\/media\/260858"}],"wp:attachment":[{"href":"https:\/\/www.europesays.com\/lt\/wp-json\/wp\/v2\/media?parent=260857"}],"wp:term":[{"taxonomy":"category","embeddable":true,"href":"https:\/\/www.europesays.com\/lt\/wp-json\/wp\/v2\/categories?post=260857"},{"taxonomy":"post_tag","embeddable":true,"href":"https:\/\/www.europesays.com\/lt\/wp-json\/wp\/v2\/tags?post=260857"}],"curies":[{"name":"wp","href":"https:\/\/api.w.org\/{rel}","templated":true}]}}