{"id":26088,"date":"2025-10-26T21:48:16","date_gmt":"2025-10-26T21:48:16","guid":{"rendered":"https:\/\/www.europesays.com\/lt\/26088\/"},"modified":"2025-10-26T21:48:16","modified_gmt":"2025-10-26T21:48:16","slug":"graikijoje-solidus-grigonio-zaidimas-ir-pergale-delfi","status":"publish","type":"post","link":"https:\/\/www.europesays.com\/lt\/26088\/","title":{"rendered":"Graikijoje \u2013 solidus Grigonio \u017eaidimas ir pergal\u0117 &#8211; Delfi"},"content":{"rendered":"<ol>\n<li><a href=\"https:\/\/news.google.com\/rss\/articles\/CBMinwFBVV95cUxNQTljVUJXZnhRZ3ZWLWxDLWVFZzM4ekVScl9KNW9PbUV1SVM3MTBNdGM5c2ZUMG91QU1fMHhSbFZrM2tWaVZObVlPR2diTy05M2hHRHRjLVZzT0ZCQmdfV3h6bHhoT2F5MUhCQ25RdVRTazBPSUxRdERiaW9zVEg4T09femE3ZzNHMUI2ZHVabHpFUEtiVWN0U0ltS1pXcDg?oc=5\" target=\"_blank\" rel=\"nofollow noopener\">Graikijoje \u2013 solidus Grigonio \u017eaidimas ir pergal\u0117<\/a>&nbsp;&nbsp;Delfi<\/li>\n<li><a href=\"https:\/\/news.google.com\/rss\/articles\/CBMitAFBVV95cUxNbDZIb2VSNXRaX1g4U19kX3JobnVDR3dmYWxNaHdvRVdFX0N4UjZkYVhqRlZvWWprSmJqbTR1dE5Ya2U4dktQcG5hSmhaZHZVN05RV0FvUXlybGhQS0tQcW9iNmc5TVN0MmNvYmlSQ2UwRTEzMlJtclphdm5KNUhDM3VxOE91dEFDczdBV3FZZDBMUDRreFo1NlZUMXVJQVJUSUZLSHJEUVRmbXlzZ3BxNnVuMV8?oc=5\" target=\"_blank\" rel=\"nofollow noopener\">Prie\u0161 \u201eRyto\u201c var\u017eovus \u2013 rezultatyviausias Grigonio sezono ma\u010das<\/a>&nbsp;&nbsp;15min.lt<\/li>\n<li><a href=\"https:\/\/news.google.com\/rss\/articles\/CBMiogFBVV95cUxOSjFKUDZtbXlKTkJRYlMwWWhzU01uWmhyTjhmSTUyVXVKS3NhMzhmMXJYOVZEY1lqeVFuY3pIalN6WlZFMjJMMXAzdlFqV3ExZXdNVmhCUUJFQVJzZXk3TGZtcmM5QVBacWNZTkFDTTQydnFmSDB3SVMxS1Q5MFRZTTZoTTJRS05TRjlSLThrWG1faWpzR1VJR0hGcXVxXzllb0E?oc=5\" target=\"_blank\" rel=\"nofollow noopener\">Grigonis \u017eenkliai prisid\u0117jo prie u\u017etikrintos PAO pergal\u0117s \/ Naujienos<\/a>&nbsp;&nbsp;BasketNews.lt<\/li>\n<li><a href=\"https:\/\/news.google.com\/rss\/articles\/CBMirAFBVV95cUxQSlJtSWhNWU9ONTEwU1JRbmtvb3VRd1NWeFdQaWhqR2lMcmJ5cV82YXR3TFVCRERnSWowOW9RbGREOXJuNllvRnRPNHJFeDRydi1sNndNZFl1clJtNXFZcVllbjNGRmFrRzJzb1pic3V6WmNJaW15c21pT3JNcGdJb2QyQlRLWkpiVTEyaGQ4VGRnX0VMRWFjNnpka2dxVXY5YTg0U3hzeXdqcTJ2?oc=5\" target=\"_blank\" rel=\"nofollow noopener\">M.Grigonis prie\u0161 \u201eRyto\u201c var\u017eovus pasi\u017eym\u0117jo dvi\u017eenkliu rezultatyvumu<\/a>&nbsp;&nbsp;Krepsinis.net<\/li>\n<li><a href=\"https:\/\/news.google.com\/rss\/articles\/CBMiogFBVV95cUxQRWJMUUQyVW05RVcxc1VoanBNRTR1TGJkN29STE5yZmtwYk9JMEtlQTBGUG05V3FjeVQ1bXJmeHpLRWtIV3BDTGRIa3Fpc0JkTE9WT0hfUTZMc2lUODBwYjAxdThLUzNlLTJTT3doa3BkNGNGYVhpRGI4UjlBZmNkRWJtcF9lZDJnYzdIdUd2cjhXVkw2OEJvMzhzb1lrSHJwb3c?oc=5\" target=\"_blank\" rel=\"nofollow noopener\">Marius Grigonis svariai prisid\u0117jo prie \u201ePanathinaikos\u201c pergal\u0117s<\/a>&nbsp;&nbsp;Sportas.lt<\/li>\n<\/ol>\n","protected":false},"excerpt":{"rendered":"Graikijoje \u2013 solidus Grigonio \u017eaidimas ir pergal\u0117&nbsp;&nbsp;Delfi Prie\u0161 \u201eRyto\u201c var\u017eovus \u2013 rezultatyviausias Grigonio sezono ma\u010das&nbsp;&nbsp;15min.lt Grigonis \u017eenkliai prisid\u0117jo&hellip;\n","protected":false},"author":2,"featured_media":21007,"comment_status":"","ping_status":"","sticky":false,"template":"","format":"standard","meta":{"footnotes":""},"categories":[19],"tags":[37,39,36,38,40,3803,47,104],"class_list":{"0":"post-26088","1":"post","2":"type-post","3":"status-publish","4":"format-standard","5":"has-post-thumbnail","7":"category-sportas","8":"tag-lietuva","9":"tag-lietuviu","10":"tag-lithuania","11":"tag-lithuanian","12":"tag-lt","13":"tag-marius-grigonis","14":"tag-sportas","15":"tag-sports"},"share_on_mastodon":{"url":"https:\/\/pubeurope.com\/@lt\/115442673477231173","error":""},"_links":{"self":[{"href":"https:\/\/www.europesays.com\/lt\/wp-json\/wp\/v2\/posts\/26088","targetHints":{"allow":["GET"]}}],"collection":[{"href":"https:\/\/www.europesays.com\/lt\/wp-json\/wp\/v2\/posts"}],"about":[{"href":"https:\/\/www.europesays.com\/lt\/wp-json\/wp\/v2\/types\/post"}],"author":[{"embeddable":true,"href":"https:\/\/www.europesays.com\/lt\/wp-json\/wp\/v2\/users\/2"}],"replies":[{"embeddable":true,"href":"https:\/\/www.europesays.com\/lt\/wp-json\/wp\/v2\/comments?post=26088"}],"version-history":[{"count":0,"href":"https:\/\/www.europesays.com\/lt\/wp-json\/wp\/v2\/posts\/26088\/revisions"}],"wp:featuredmedia":[{"embeddable":true,"href":"https:\/\/www.europesays.com\/lt\/wp-json\/wp\/v2\/media\/21007"}],"wp:attachment":[{"href":"https:\/\/www.europesays.com\/lt\/wp-json\/wp\/v2\/media?parent=26088"}],"wp:term":[{"taxonomy":"category","embeddable":true,"href":"https:\/\/www.europesays.com\/lt\/wp-json\/wp\/v2\/categories?post=26088"},{"taxonomy":"post_tag","embeddable":true,"href":"https:\/\/www.europesays.com\/lt\/wp-json\/wp\/v2\/tags?post=26088"}],"curies":[{"name":"wp","href":"https:\/\/api.w.org\/{rel}","templated":true}]}}