{"id":261159,"date":"2026-08-24T18:44:33","date_gmt":"2026-08-24T18:44:33","guid":{"rendered":"https:\/\/www.europesays.com\/lt\/261159\/"},"modified":"2026-08-24T18:44:33","modified_gmt":"2026-08-24T18:44:33","slug":"vel-nelaime-savanoriu-pr-ties-mcdonalds-susidure-du-automobiliai-isskubejo-visos-tarnybos","status":"publish","type":"post","link":"https:\/\/www.europesays.com\/lt\/261159\/","title":{"rendered":"V\u0117l nelaim\u0117 Savanori\u0173 pr. ties \u201eMcDonald&#8217;s\u201c: susid\u016br\u0117 du automobiliai, i\u0161skub\u0117jo visos tarnybos"},"content":{"rendered":"<p>Pirmadienio pavakar\u0119 avaringoje Savanori\u0173 prospekto sankry\u017eoje \u012fvyko dar viena eismo nelaim\u0117. \u012e \u012fvykio viet\u0105 skubiai i\u0161vyko visos operatyviosios tarnybos.<\/p>\n<p>Apie avarij\u0105 Savanori\u0173 pr., ties greito maisto restoranu \u201eMcDonald&#8217;s\u201c, naujien\u0173 portalui \u201eKas vyksta Kaune\u201c prane\u0161\u0117 skaitytojai.<\/p>\n<p>\u201eV\u0117l. \u010cia reikia ka\u017ek\u0105 daryti savivaldybei\u201c, \u2013 apie 17.40 val. ra\u0161\u0117 vaizdais i\u0161 \u012fvykio vietos pasidalij\u0119s kaunietis.<\/p>\n<p>\u0160i sankry\u017ea pastaruoju metu tapo tikra juod\u0105ja d\u0117me \u2013 tai jau antra eismo nelaim\u0117 \u010dia \u0161i\u0105 vasar\u0105. Primename, kad viena ankstesni\u0173 avarij\u0173 \u0161ioje vietoje baig\u0117si tragi\u0161kai \u2013 \u017emogaus mirtimi.<\/p>\n<p>Kauno apskrities vyriausiojo policijos komisariato budintis pareig\u016bnas patvirtino, kad prane\u0161imas apie nauj\u0105 incident\u0105 gautas 17.43 val.<\/p>\n<p>Pirminiais duomenimis, sankry\u017eoje susid\u016br\u0117 du automobiliai \u2013 \u201eAudi\u201c ir \u201e\u0160koda\u201c. Prane\u0161ta, kad i\u0161 pastarojo automobilio kilo d\u016bmai, tod\u0117l \u012f \u012fvykio viet\u0105 i\u0161skub\u0117jo ne tik policija bei medikai, bet ir ugniagesiai gelb\u0117tojai.<\/p>\n<p>Liudinink\u0173 teigimu, viena i\u0161 avarijoje dalyvavusi\u0173 vairuotoj\u0173 i\u0161lipusi i\u0161 automobilio laik\u0117si susi\u0117musi u\u017e galvos. Jos sveikatos b\u016bkl\u0119 vietoje tikrina atvyk\u0119 greitosios pagalbos medikai.<\/p>\n","protected":false},"excerpt":{"rendered":"Pirmadienio pavakar\u0119 avaringoje Savanori\u0173 prospekto sankry\u017eoje \u012fvyko dar viena eismo nelaim\u0117. \u012e \u012fvykio viet\u0105 skubiai i\u0161vyko visos operatyviosios&hellip;\n","protected":false},"author":2,"featured_media":261160,"comment_status":"","ping_status":"","sticky":false,"template":"","format":"standard","meta":{"footnotes":"","_share_on_mastodon":"0"},"categories":[6],"tags":[25,155,30,31,563,34,35,24,1061,32,33,37,39,36,38,40,23,22,28,29,20870,26,27],"class_list":["post-261159","post","type-post","status-publish","format-standard","has-post-thumbnail","category-antrastes","tag-antrastes","tag-avarija","tag-breaking-news","tag-breakingnews","tag-eismas","tag-featured-news","tag-featurednews","tag-headlines","tag-kaunas","tag-latest-news","tag-latestnews","tag-lietuva","tag-lietuviu","tag-lithuania","tag-lithuanian","tag-lt","tag-naujienos","tag-news","tag-populiariausios-naujienos","tag-populiariausiosnaujienos","tag-savanoriu-prospektas","tag-top-stories","tag-topstories"],"share_on_mastodon":{"url":"https:\/\/pubeurope.com\/@lt\/117151967834120617","error":""},"_links":{"self":[{"href":"https:\/\/www.europesays.com\/lt\/wp-json\/wp\/v2\/posts\/261159","targetHints":{"allow":["GET"]}}],"collection":[{"href":"https:\/\/www.europesays.com\/lt\/wp-json\/wp\/v2\/posts"}],"about":[{"href":"https:\/\/www.europesays.com\/lt\/wp-json\/wp\/v2\/types\/post"}],"author":[{"embeddable":true,"href":"https:\/\/www.europesays.com\/lt\/wp-json\/wp\/v2\/users\/2"}],"replies":[{"embeddable":true,"href":"https:\/\/www.europesays.com\/lt\/wp-json\/wp\/v2\/comments?post=261159"}],"version-history":[{"count":0,"href":"https:\/\/www.europesays.com\/lt\/wp-json\/wp\/v2\/posts\/261159\/revisions"}],"wp:featuredmedia":[{"embeddable":true,"href":"https:\/\/www.europesays.com\/lt\/wp-json\/wp\/v2\/media\/261160"}],"wp:attachment":[{"href":"https:\/\/www.europesays.com\/lt\/wp-json\/wp\/v2\/media?parent=261159"}],"wp:term":[{"taxonomy":"category","embeddable":true,"href":"https:\/\/www.europesays.com\/lt\/wp-json\/wp\/v2\/categories?post=261159"},{"taxonomy":"post_tag","embeddable":true,"href":"https:\/\/www.europesays.com\/lt\/wp-json\/wp\/v2\/tags?post=261159"}],"curies":[{"name":"wp","href":"https:\/\/api.w.org\/{rel}","templated":true}]}}