{"id":26131,"date":"2025-10-27T03:15:09","date_gmt":"2025-10-27T03:15:09","guid":{"rendered":"https:\/\/www.europesays.com\/lt\/26131\/"},"modified":"2025-10-27T03:15:09","modified_gmt":"2025-10-27T03:15:09","slug":"spali-uzbaigsime-rudeniskais-orais-delfi","status":"publish","type":"post","link":"https:\/\/www.europesays.com\/lt\/26131\/","title":{"rendered":"Spal\u012f u\u017ebaigsime rudeni\u0161kais orais &#8211; Delfi"},"content":{"rendered":"<ol>\n<li><a href=\"https:\/\/news.google.com\/rss\/articles\/CBMijwFBVV95cUxQT0dFWWxuVDlMRjl3eWZEVGlJMG5lWjZlTTNBOER4X0VTNDFEUGpac1U4V2VtNmQ2OGlKVjl3Q2dyWVM5NUNTR3FlRmRCLUpXUEExbzZIVDRra3FSZlAxcnVETm5lRnZrMGRiT0lBTmYxUld0ME9tbHlaMjFoRV9qRnhWNmtBYV90Wmg2MnoxUQ?oc=5\" target=\"_blank\" rel=\"nofollow noopener\">Spal\u012f u\u017ebaigsime rudeni\u0161kais orais<\/a>&nbsp;&nbsp;Delfi<\/li>\n<li><a href=\"https:\/\/news.google.com\/rss\/articles\/CBMiygFBVV95cUxPVFpHSUdJWjlIcEFBenB4S29OU3lHX1pzTWFxM3JrcGxTYnN4UFBPSUlaeXdkTUNhOS1tVGwxaHBJWS1wbmZBbTBMUENDZ0JrdGdOQWljX1M5RXhOVEFNd09nenNEN3plMGNoNHNWbmpxWTZHb0xjNU1SYmlaRUFCcUxXTWsxSDllZmhUMlRFUXVzak11YWREbDl1Xy1mVmVQcnhadGl1TWVhdndfSVRmMUl3X0tsXzRoMEpWMUpNUnhqVXZZUUNZemJB?oc=5\" target=\"_blank\" rel=\"nofollow noopener\">Orai.lt: ir savait\u0117s pabaiga, ir naujos prad\u017eia \u2013 su lietumi ir g\u016bsingais v\u0117jais<\/a>&nbsp;&nbsp;15min.lt<\/li>\n<li><a href=\"https:\/\/news.google.com\/rss\/articles\/CBMizAFBVV95cUxQeVhqZzN3dE9zRlBvWnRYNnRuY3c3ZXdpWEozeElZSUtFMUgyZGJNNkNKTzZxNEFCakVvTVV6dnRtam92S3BrTlBFTTRzNVR4TEZMUDB5Q0g4UV81RXFoYVY0aGZFMEZlS0VoSTBncEVRQndORG5RdzYxTkdrRGJrc3pjcjNNS1dtdlVESG9Pdjc5UzdOclVadEx4NWdKMEFzUUdkbGtLeW1PemxKQlBOdDljUnVKQUs2ZjZJaTdCS1AtUTZPTG9RcGFOM1M?oc=5\" target=\"_blank\" rel=\"nofollow noopener\">Sinoptikai \u012fsp\u0117ja d\u0117l or\u0173 artimiausiomis dienomis: be \u0161io daikto i\u0161 nam\u0173 geriau ne\u017eengti<\/a>&nbsp;&nbsp;tv3.lt<\/li>\n<li><a href=\"https:\/\/news.google.com\/rss\/articles\/CBMi2AFBVV95cUxNN0E0VG9lNzJSQ1VJV1lYel9LTFJSYzAyVWpLWm41UDlrYTZKV3REQkJIZVY2TkpuZmE1U09McHZ5V1lyNFdPOUR2N1hiTHQwc1ZnUDFWXzFkNHUwb3Q0MWNJdnZBYTVyamNvMVMzdjNMSC1Pd0U2QTROZmVqN1hVbkc1OEdWcHlrQ09xbm9FQUtOd3ZlUXVVMVlVUlV4Nk1nRTR4QlMxczJOOWI5MTJlajYxSXNwUWRaNk1KdjU1R1ZXN1U2VEVmaVV4VTFoaDd6LVgwUldQbnQ?oc=5\" target=\"_blank\" rel=\"nofollow noopener\">D\u0117l savaitgalio or\u0173 \u2013 neraminanti \u017einia: sinoptik\u0117 \u012fsp\u0117jo apie pavojing\u0105 rei\u0161kin\u012f<\/a>&nbsp;&nbsp;Lrytas<\/li>\n<li><a href=\"https:\/\/news.google.com\/rss\/articles\/CBMilwFBVV95cUxPS2dCVWNETDhMVi1XOENTRmotWHRLY0RYV3lMbHpQN2YyejJCN3hPSDhod3VaeW9fbC1aSDJ4Z1ZmU0ZFN0FEbzV1OXVaenhaaGtkdUxfT09zSk5ISFpLSUNMNnFkSW5wN3N6Y3E4Z0VCdTctMWNSUGpZYkJud3RsZTZPY2FIZzJtWVB0N2gyRmJHQXFMOFhF?oc=5\" target=\"_blank\" rel=\"nofollow noopener\">Sinoptik\u0117 \u012fsp\u0117ja: savait\u0117s prad\u017eioje \u2013 dargana ir v\u0117jas<\/a>&nbsp;&nbsp;MadeinVilnius.lt<\/li>\n<\/ol>\n","protected":false},"excerpt":{"rendered":"Spal\u012f u\u017ebaigsime rudeni\u0161kais orais&nbsp;&nbsp;Delfi Orai.lt: ir savait\u0117s pabaiga, ir naujos prad\u017eia \u2013 su lietumi ir g\u016bsingais v\u0117jais&nbsp;&nbsp;15min.lt Sinoptikai&hellip;\n","protected":false},"author":2,"featured_media":24161,"comment_status":"","ping_status":"","sticky":false,"template":"","format":"standard","meta":{"footnotes":""},"categories":[13],"tags":[25,30,31,34,35,24,32,33,3260,37,39,36,38,40,23,22,28,29,3253,654,26,27],"class_list":{"0":"post-26131","1":"post","2":"type-post","3":"status-publish","4":"format-standard","5":"has-post-thumbnail","7":"category-lietuva","8":"tag-antrastes","9":"tag-breaking-news","10":"tag-breakingnews","11":"tag-featured-news","12":"tag-featurednews","13":"tag-headlines","14":"tag-latest-news","15":"tag-latestnews","16":"tag-lietus","17":"tag-lietuva","18":"tag-lietuviu","19":"tag-lithuania","20":"tag-lithuanian","21":"tag-lt","22":"tag-naujienos","23":"tag-news","24":"tag-populiariausios-naujienos","25":"tag-populiariausiosnaujienos","26":"tag-siluma","27":"tag-temperatura","28":"tag-top-stories","29":"tag-topstories"},"share_on_mastodon":{"url":"https:\/\/pubeurope.com\/@lt\/115443959279972534","error":""},"_links":{"self":[{"href":"https:\/\/www.europesays.com\/lt\/wp-json\/wp\/v2\/posts\/26131","targetHints":{"allow":["GET"]}}],"collection":[{"href":"https:\/\/www.europesays.com\/lt\/wp-json\/wp\/v2\/posts"}],"about":[{"href":"https:\/\/www.europesays.com\/lt\/wp-json\/wp\/v2\/types\/post"}],"author":[{"embeddable":true,"href":"https:\/\/www.europesays.com\/lt\/wp-json\/wp\/v2\/users\/2"}],"replies":[{"embeddable":true,"href":"https:\/\/www.europesays.com\/lt\/wp-json\/wp\/v2\/comments?post=26131"}],"version-history":[{"count":0,"href":"https:\/\/www.europesays.com\/lt\/wp-json\/wp\/v2\/posts\/26131\/revisions"}],"wp:featuredmedia":[{"embeddable":true,"href":"https:\/\/www.europesays.com\/lt\/wp-json\/wp\/v2\/media\/24161"}],"wp:attachment":[{"href":"https:\/\/www.europesays.com\/lt\/wp-json\/wp\/v2\/media?parent=26131"}],"wp:term":[{"taxonomy":"category","embeddable":true,"href":"https:\/\/www.europesays.com\/lt\/wp-json\/wp\/v2\/categories?post=26131"},{"taxonomy":"post_tag","embeddable":true,"href":"https:\/\/www.europesays.com\/lt\/wp-json\/wp\/v2\/tags?post=26131"}],"curies":[{"name":"wp","href":"https:\/\/api.w.org\/{rel}","templated":true}]}}