{"id":261377,"date":"2026-08-25T06:30:11","date_gmt":"2026-08-25T06:30:11","guid":{"rendered":"https:\/\/www.europesays.com\/lt\/261377\/"},"modified":"2026-08-25T06:30:11","modified_gmt":"2026-08-25T06:30:11","slug":"ryanair-mazina-apimtis-lietuvoje-nelieka-dvieju-skrydziu-krypciu","status":"publish","type":"post","link":"https:\/\/www.europesays.com\/lt\/261377\/","title":{"rendered":"\u201eRyanair\u201c ma\u017eina apimtis Lietuvoje: nelieka dviej\u0173 skryd\u017ei\u0173 kryp\u010di\u0173"},"content":{"rendered":"<p class=\"wp-block-paragraph\">Pigi\u0173 skryd\u017ei\u0173 bendrov\u0117 \u201e<a style=\"font-weight:bold;\" href=\"https:\/\/madeinvilnius.lt\/tema\/ryanair\/\" target=\"_blank\" rel=\"nofollow noopener\">Ryanair<\/a>\u201c prane\u0161\u0117 apie poky\u010dius savo skryd\u017ei\u0173 tinkle i\u0161 Kauno. Nuo spalio pabaigos startuojan\u010diu \u017eiemos sezonu bendrov\u0117 nutraukia skryd\u017eius dvejomis kryptimis \u2013 keleiviai nebegal\u0117s tiesiogiai pasiekti Ispanijos sostin\u0117s Madrido bei Italijos kurortinio Peskaro miesto. Be to, kaip ir kasmet, \u0161altuoju sezonu nebus vykdomi skryd\u017eiai ir \u012f populiarius kurortinius Europos miestus.<\/p>\n<p class=\"wp-block-paragraph\">Kaip nurodo aviakompanija, skryd\u017eiai mar\u0161rutu Kaunas\u2013Madridas bus stabdomi nuo spalio 21 dienos, o l\u0117ktuvai \u012f Peskara nebeskris nuo lapkri\u010dio 4 dienos.<\/p>\n<p class=\"wp-block-paragraph\">Po \u0161i\u0173 dviej\u0173 mar\u0161rut\u0173 panaikinimo \u201eRyanair\u201c \u017eiemos sezonu i\u0161 Kauno oro uosto vykdys i\u0161 viso 15 tiesiogini\u0173 kryp\u010di\u0173. Tai yra trimis kryptimis ma\u017eiau nei pra\u0117jus\u012f \u017eiemos sezon\u0105, kai keleiviams buvo si\u016blomi 18 \u0161ios aviakompanijos mar\u0161rut\u0173.<\/p>\n<p>Skaitykite taip pat<a class=\"miv-ax-rel-link\" href=\"https:\/\/madeinvilnius.lt\/naujienos\/lietuvos-naujienos\/magistraleje-vilnius-klaipeda-apvogta-statybviete-nuostoliai-virsija-32-tukst-euru\/\" rel=\"nofollow noopener\" target=\"_blank\">Magistral\u0117je Vilnius\u2013Klaip\u0117da apvogta statybviet\u0117: nuostoliai vir\u0161ija 32 t\u016bkst. eur\u0173<\/a><a class=\"miv-ax-rel-link\" href=\"https:\/\/madeinvilnius.lt\/pramogos\/renginiai\/pristatyta-tai-ko-vilniaus-dienose-dar-nebuvo\/\" rel=\"nofollow noopener\" target=\"_blank\">Pristatyta tai, ko \u201eVilniaus dienose\u201c dar nebuvo: laukia ypatingas savaitgalis<\/a>\u017diemos sezonui stabdomi ir sezoniniai kurortiniai skryd\u017eiai<\/p>\n<p class=\"wp-block-paragraph\">Kaip \u012fprasta aviacijos rinkoje, pasibaigus \u0161iltajam sezonui \u201eRyanair\u201c tradici\u0161kai stabdo skryd\u017eius ir \u012f vasaros poilsio bei kurortinius regionus. \u0160\u012f ruden\u012f i\u0161 Kauno oro uosto paskutiniai skryd\u017eiai \u012fvairiomis kryptimis planuojami spalio pabaigoje:<\/p>\n<ul class=\"wp-block-list\">\n<li>\u012e Burgas\u0105 \u2013 iki spalio 24 d.<\/li>\n<li>\u012e Piz\u0105 \u2013 iki spalio 24 d.<\/li>\n<li>\u012e Rimin\u012f \u2013 iki spalio 24 d.<\/li>\n<li>\u012e Rod\u0105 \u2013 iki spalio 28 d.<\/li>\n<li>\u012e Bar\u012f \u2013 iki spalio 28 d.<\/li>\n<li>\u012e Zadar\u0105 \u2013 iki spalio 29 d.<\/li>\n<li>\u012e Malag\u0105 (Majork\u0105) \u2013 iki spalio 29 d.<\/li>\n<\/ul>\n<p class=\"wp-block-paragraph\">\u0160ie mar\u0161rutai yra orientuoti i\u0161skirtinai \u012f \u0161iltuoju metu laiku keliaujan\u010dius poilsiautojus, tod\u0117l j\u0173 stabdymas \u017eiemai yra standartin\u0117 aviakompanijos veiklos praktika, atitinkanti nat\u016braliai suma\u017e\u0117jus\u012f keleivi\u0173 sraut\u0105.<\/p>\n<p class=\"wp-block-paragraph\">Aviacijos specialist\u0173 teigimu, tokie oro bendrovi\u0173 sprendimai yra susij\u0119 su sezonine paklausos korekcija ir l\u0117ktuv\u0173 parko paskirstymu \u017eiemos laikotarpiui.<\/p>\n","protected":false},"excerpt":{"rendered":"Pigi\u0173 skryd\u017ei\u0173 bendrov\u0117 \u201eRyanair\u201c prane\u0161\u0117 apie poky\u010dius savo skryd\u017ei\u0173 tinkle i\u0161 Kauno. Nuo spalio pabaigos startuojan\u010diu \u017eiemos sezonu&hellip;\n","protected":false},"author":2,"featured_media":261378,"comment_status":"","ping_status":"","sticky":false,"template":"","format":"standard","meta":{"footnotes":"","_share_on_mastodon":"0"},"categories":[17],"tags":[81,5802,37,39,36,38,40,65,1329,46],"class_list":["post-261377","post","type-post","status-publish","format-standard","has-post-thumbnail","category-verslas","tag-business","tag-kauno-oro-uostas","tag-lietuva","tag-lietuviu","tag-lithuania","tag-lithuanian","tag-lt","tag-naujiena","tag-ryanair","tag-verslas"],"share_on_mastodon":{"url":"https:\/\/pubeurope.com\/@lt\/117154744007202965","error":""},"_links":{"self":[{"href":"https:\/\/www.europesays.com\/lt\/wp-json\/wp\/v2\/posts\/261377","targetHints":{"allow":["GET"]}}],"collection":[{"href":"https:\/\/www.europesays.com\/lt\/wp-json\/wp\/v2\/posts"}],"about":[{"href":"https:\/\/www.europesays.com\/lt\/wp-json\/wp\/v2\/types\/post"}],"author":[{"embeddable":true,"href":"https:\/\/www.europesays.com\/lt\/wp-json\/wp\/v2\/users\/2"}],"replies":[{"embeddable":true,"href":"https:\/\/www.europesays.com\/lt\/wp-json\/wp\/v2\/comments?post=261377"}],"version-history":[{"count":0,"href":"https:\/\/www.europesays.com\/lt\/wp-json\/wp\/v2\/posts\/261377\/revisions"}],"wp:featuredmedia":[{"embeddable":true,"href":"https:\/\/www.europesays.com\/lt\/wp-json\/wp\/v2\/media\/261378"}],"wp:attachment":[{"href":"https:\/\/www.europesays.com\/lt\/wp-json\/wp\/v2\/media?parent=261377"}],"wp:term":[{"taxonomy":"category","embeddable":true,"href":"https:\/\/www.europesays.com\/lt\/wp-json\/wp\/v2\/categories?post=261377"},{"taxonomy":"post_tag","embeddable":true,"href":"https:\/\/www.europesays.com\/lt\/wp-json\/wp\/v2\/tags?post=261377"}],"curies":[{"name":"wp","href":"https:\/\/api.w.org\/{rel}","templated":true}]}}