{"id":261497,"date":"2026-08-25T09:35:11","date_gmt":"2026-08-25T09:35:11","guid":{"rendered":"https:\/\/www.europesays.com\/lt\/261497\/"},"modified":"2026-08-25T09:35:11","modified_gmt":"2026-08-25T09:35:11","slug":"gince-del-achemos-grupes-kontroles-laurinaicio-skundas-lat-respublika-lt","status":"publish","type":"post","link":"https:\/\/www.europesays.com\/lt\/261497\/","title":{"rendered":"Gin\u010de d\u0117l \u201eAchemos grup\u0117s\u201c kontrol\u0117s \u2013 Laurinai\u010dio skundas LAT &#8211; Respublika.lt"},"content":{"rendered":"<p><img loading=\"lazy\" decoding=\"async\" src=\"https:\/\/www.respublika.lt\/lt\/naujienos\/lietuva\/verslas\/gince-del-achemos-grupes-kontroles---laurinaicio-skundas-lat\/images\/ico_camera_white.gif\" class=\"camera\" width=\"22\" height=\"15\" alt=\"nuotr.\" style=\"position:relative; top:-2px; right:2px;\"\/> 1 nuotr.<\/p>\n<p>Ar\u016bnas Laurinaitis. Eltos nuotr.<\/p>\n<p style=\"text-align: justify;\" class=\"desktop_banner\">\u00a0<\/p>\n<p style=\"text-align: left;\">\u00a0<\/p>\n<p style=\"text-align: left;\">Kaip Eltai nurod\u0117 Lietuvos Auk\u0161\u010diausiojo Teismo (LAT) atstov\u0117 Tautvil\u0117 Merkevi\u010di\u016bt\u0117, A. Laurinai\u010dio kasacinis skundas gautas rugpj\u016b\u010dio 21 d., dar nepriimtas sprendimas d\u0117l \u0161io skundo pri\u0117mimo.<\/p>\n<p style=\"text-align: left;\">Pra\u0117jusi\u0173 met\u0173 prad\u017eioje buv\u0119s \u201eAchemos grup\u0117s\u201c prezidentas Vilniaus apygardos teismui pateik\u0117 ie\u0161kin\u012f d\u0117l pirmumo teis\u0117s \u012fsigyjant kontrolin\u012f grup\u0117s akcij\u0173 paket\u0105.<\/p>\n<p style=\"text-align: left;\">\u0160iemet jis ie\u0161kin\u012f atsi\u0117m\u0117, tada Apeliacinis teismas pri\u0117m\u0117 ie\u0161kovo byloje A. Laurinai\u010dio parei\u0161kim\u0105 d\u0117l ie\u0161kinio atsisakymo ir gegu\u017e\u0117s 21 d. sprendimu civilin\u0119 byl\u0105 nutrauk\u0117.<\/p>\n<p style=\"text-align: left;\">Anks\u010diau kreipdamasis \u012f teism\u0105 A. Laurinaitis teig\u0117, kad pagrindin\u0117s koncerno akcinink\u0117s Lyda Lubien\u0117 ir Viktorija Lubyt\u0117, nor\u0117damos parduoti akcijas \u201eMET Group\u201c, ignoravo esam\u0173 akcinink\u0173 teises, o pateikusios pirmin\u012f pasi\u016blym\u0105 d\u0117l akcij\u0173 pardavimo u\u017esienio \u012fmonei atsisak\u0117 komunikuoti.\u00a0<\/p>\n<p style=\"text-align: left;\">Apie nor\u0105 \u012fsigyti beveik 303 mln. eur\u0173 vert\u0117s grup\u0117s akcij\u0173 paket\u0105 A. Laurinaitis paskelb\u0117 dar pernai vasar\u012f.<\/p>\n<p style=\"text-align: left;\">Kiek anks\u010diau, 2024-\u0173j\u0173 gegu\u017e\u0119, \u017einiasklaida pavie\u0161ino, kad pagrindin\u0117s koncerno akcinink\u0117s Lyda Lubien\u0117 ir Viktorija Lubyt\u0117 \u012fmoni\u0173 grup\u0119 ketina parduoti vengr\u0173 energetikos \u012fmonei \u201eMET Group\u201c.<\/p>\n<p style=\"text-align: left;\">V\u0117liau \u201eMET Group\u201c sandor\u012f nutrauk\u0117, motyvuodama sprendim\u0105 nei\u0161spr\u0119stais akcinink\u0173 gin\u010dais \u201eAchemos grup\u0117s\u201c viduje.<\/p>\n<p style=\"text-align: left;\">Apeliacin\u0117s instancijos teismas A. Laurinai\u010diui taip pat skyr\u0117 2,5 t\u016bkst. eur\u0173 baud\u0105 u\u017e piktnaud\u017eiavim\u0105 procesu, jam nuspr\u0119sta gr\u0105\u017einti ir 12,3 t\u016bkst. eur\u0173 dyd\u017eio \u017eymin\u012f mokest\u012f.<\/p>\n<p style=\"text-align: left;\">A. Laurinaitis tur\u0117s padengti ir 14,5 t\u016bkst. eur\u0173 dyd\u017eio bylin\u0117jimosi pirmos instancijos teisme i\u0161laidas \u201eAchemos grupei\u201c, dar 1,35 t\u016bkst. eur\u0173 grup\u0117s i\u0161laid\u0173 bylin\u0117jantis Apeliaciniame teisme.<\/p>\n<p style=\"text-align: left;\">Atsakov\u0117s L. Lubien\u0117 ir V. Lubyt\u0117 buvusiam koncerno prezidentui tur\u0117s padengti po 647,3 eur\u0173 bylin\u0117jimosi i\u0161laid\u0173.\u00a0<\/p>\n<p style=\"text-align: left;\">Kaip skelbta \u017einiasklaidoje, sandorio siekusi\u0105 \u201eMET Group\u201c labiausiai domino koncernui priklausanti \u012fmon\u0117 \u201eKlaip\u0117dos j\u016br\u0173 krovini\u0173 kompanija\u201c (KLASCO), apie tai paskelbus, tiek politikai, tiek verslo atstovai \u012fsp\u0117jo, kad galim\u0105 grup\u0117s pirk\u0117j\u0105 tur\u0117t\u0173 \u012fvertinti \u0161alies institucijos.<\/p>\n<p style=\"text-align: left;\">\u0160\u012f baland\u012f remdamasis \u0161altiniais portalas \u201eVerslo \u017einios\u201c skelb\u0117, kad galima nauja koncerno valdomos KLASCO pirk\u0117ja \u2013 uoste veikianti krovos, laiv\u0173 \u0161vartavimo, didmenin\u0117s prekybos ir NT \u012fmones jungianti \u201eKlaip\u0117dos terminalo grup\u0117\u201c. Pati \u012fmon\u0117 portalui tokios informacijos nepatvirtino.<\/p>\n<p style=\"text-align: left;\">Dabar Nepriklausomyb\u0117s akto signataro Bronislovo Lubio \u017emona L. Lubien\u0117 ir dukra V. Lubyt\u0117 valdo 54,07 proc. \u201eAchemos grup\u0117s\u201c akcij\u0173.<\/p>\n","protected":false},"excerpt":{"rendered":"1 nuotr. Ar\u016bnas Laurinaitis. Eltos nuotr. \u00a0 \u00a0 Kaip Eltai nurod\u0117 Lietuvos Auk\u0161\u010diausiojo Teismo (LAT) atstov\u0117 Tautvil\u0117 Merkevi\u010di\u016bt\u0117,&hellip;\n","protected":false},"author":2,"featured_media":261498,"comment_status":"","ping_status":"","sticky":false,"template":"","format":"standard","meta":{"footnotes":"","_share_on_mastodon":"0"},"categories":[17],"tags":[38110,81,1230,33851,3222,38111,37,39,36,38,40,628,46],"class_list":["post-261497","post","type-post","status-publish","format-standard","has-post-thumbnail","category-verslas","tag-achemos","tag-business","tag-grupe","tag-isigijimas","tag-lat","tag-laurinaitis","tag-lietuva","tag-lietuviu","tag-lithuania","tag-lithuanian","tag-lt","tag-skundas","tag-verslas"],"share_on_mastodon":{"url":"https:\/\/pubeurope.com\/@lt\/117155471710388908","error":""},"_links":{"self":[{"href":"https:\/\/www.europesays.com\/lt\/wp-json\/wp\/v2\/posts\/261497","targetHints":{"allow":["GET"]}}],"collection":[{"href":"https:\/\/www.europesays.com\/lt\/wp-json\/wp\/v2\/posts"}],"about":[{"href":"https:\/\/www.europesays.com\/lt\/wp-json\/wp\/v2\/types\/post"}],"author":[{"embeddable":true,"href":"https:\/\/www.europesays.com\/lt\/wp-json\/wp\/v2\/users\/2"}],"replies":[{"embeddable":true,"href":"https:\/\/www.europesays.com\/lt\/wp-json\/wp\/v2\/comments?post=261497"}],"version-history":[{"count":0,"href":"https:\/\/www.europesays.com\/lt\/wp-json\/wp\/v2\/posts\/261497\/revisions"}],"wp:featuredmedia":[{"embeddable":true,"href":"https:\/\/www.europesays.com\/lt\/wp-json\/wp\/v2\/media\/261498"}],"wp:attachment":[{"href":"https:\/\/www.europesays.com\/lt\/wp-json\/wp\/v2\/media?parent=261497"}],"wp:term":[{"taxonomy":"category","embeddable":true,"href":"https:\/\/www.europesays.com\/lt\/wp-json\/wp\/v2\/categories?post=261497"},{"taxonomy":"post_tag","embeddable":true,"href":"https:\/\/www.europesays.com\/lt\/wp-json\/wp\/v2\/tags?post=261497"}],"curies":[{"name":"wp","href":"https:\/\/api.w.org\/{rel}","templated":true}]}}