{"id":261539,"date":"2026-08-25T10:16:11","date_gmt":"2026-08-25T10:16:11","guid":{"rendered":"https:\/\/www.europesays.com\/lt\/261539\/"},"modified":"2026-08-25T10:16:11","modified_gmt":"2026-08-25T10:16:11","slug":"teismas-nuteise-buvusi-vaatc-darbuotoja-ir-jo-pagalbininkus-skirta-per-100-tukst-euru-baudu-respublika-lt","status":"publish","type":"post","link":"https:\/\/www.europesays.com\/lt\/261539\/","title":{"rendered":"Teismas nuteis\u0117 buvus\u012f VAATC darbuotoj\u0105 ir jo pagalbininkus: skirta per 100 t\u016bkst. eur\u0173 baud\u0173 &#8211; Respublika.lt"},"content":{"rendered":"<p><img loading=\"lazy\" decoding=\"async\" src=\"https:\/\/www.respublika.lt\/lt\/naujienos\/lietuva\/kitos-lietuvos-zinios\/teismas-nuteise-buvusi-vaatc-darbuotoja-ir-jo-pagalbininkus-skirta-per-100-tukst-euru-baudu\/images\/ico_camera_white.gif\" class=\"camera\" width=\"22\" height=\"15\" alt=\"nuotr.\" style=\"position:relative; top:-2px; right:2px;\"\/> 1 nuotr.<\/p>\n<p>Eltos nuotr.<\/p>\n<p style=\"text-align: left;\">Vilniaus apygardos teismas nuteis\u0117 buvus\u012f \u00a0\u201eVilniaus apskrities atliek\u0173 tvarkymo centro\u201c (VAATC) darbuotoj\u0105 ir tris jam pad\u0117jusius asmenis d\u0117l piktnaud\u017eiavimo, turto pasisavinimo bei dokument\u0173 klastojimo. Jiems skirt\u0173 baud\u0173 suma siekia 101 650 eur\u0173, prane\u0161\u0117 Speciali\u0173j\u0173 tyrim\u0173 tarnyba (STT).\u00a0<\/p>\n<p style=\"text-align: justify;\" class=\"desktop_banner\">\u00a0<\/p>\n<p style=\"text-align: left;\">\u00a0<\/p>\n<p style=\"text-align: left;\">Bylos duomenimis,\u00a0dirbdamas VAATC ir b\u016bdamas atsakingas u\u017e atliek\u0173 i\u0161ve\u017eimo i\u0161 dideli\u0173 gabarit\u0173 atliek\u0173 surinkimo aik\u0161teli\u0173 organizavim\u0105 bei sutar\u010di\u0173 vykdymo kontrol\u0119, G. B. kartu su kitais\u00a0asmenimis organizavo schem\u0105, pagal kuri\u0105 dokumentuose buvo nurodomas ma\u017eesnis metalo lau\u017eo kiekis, nei i\u0161ve\u017eta fakti\u0161kai.<\/p>\n<p style=\"text-align: left;\">Nustatyta, kad nuo 2022 met\u0173 liepos iki 2023 m. lapkri\u010dio tokiu b\u016bdu buvo neapskaityta ne ma\u017eiau kaip 200 t\u016bkst. kilogram\u0173 VAATC priklausiusio metalo lau\u017eo, kurio vert\u0117 siek\u0117 beveik 50 t\u016bkst. eur\u0173. U\u017e neapskaityt\u0105 metalo lau\u017e\u0105 gautos l\u0117\u0161os buvo i\u0161mokamos grynaisiais pinigais, dalis j\u0173 perduota G. B.<\/p>\n<p style=\"text-align: left;\">Teismas nustat\u0117, kad VAATC darbuotojas, siekdamas turtin\u0117s naudos sau ir kitiems asmenims, piktnaud\u017eiavo tarnybine pad\u0117timi, pasisavino jo \u017einioje buvus\u012f VAATC turt\u0105 ir panaudojo suklastotus dokumentus.\u00a0<\/p>\n<p style=\"text-align: left;\">Kiti trys asmenys pripa\u017einti jam pad\u0117j\u0119 vykdyti \u0161ias nusikalstamas veikas.<\/p>\n<p style=\"text-align: left;\">Byl\u0105 nagrin\u0117ti baig\u0119s teismas konstatavo, kad VAATC buvo padaryta 49 253,15 euro turtin\u0117 bei neturtin\u0117 \u017eala. Turtin\u0117 \u017eala ikiteisminio tyrimo metu buvo atlyginta.<\/p>\n<p style=\"text-align: left;\">Teismas G. B. skyr\u0117 31 850 eur\u0173 baud\u0105, dviem jam talkinusiems asmenims po 21 400 eur\u0173 baudas ir tre\u010diajam asmeniui \u2013 27 000 eur\u0173 baud\u0105.<\/p>\n<p style=\"text-align: left;\">Be to, G. B. trejiems metams taip pat atimta teis\u0117 b\u016bti i\u0161rinktam ar paskirtam \u012f valstyb\u0117s ar savivaldybi\u0173 institucij\u0173, j\u0173 \u012fstaig\u0173 bei \u012fmoni\u0173 renkamas ar skiriamas pareigas.\u00a0<\/p>\n<p>Patiko straipsnis? Leisk mums apie tai su\u017einoti. Nepamir\u0161k pasidalinti Facebook! <\/p>\n<p><img loading=\"lazy\" decoding=\"async\" class=\"p2_social_circle_icon\" src=\"https:\/\/www.respublika.lt\/images\/thumbs_up.svg\" width=\"21\" height=\"22\" alt=\"L\"\/><\/p>\n<p><img loading=\"lazy\" decoding=\"async\" class=\"p2_social_circle_icon\" src=\"https:\/\/www.respublika.lt\/images\/facebook.svg\" alt=\"F\" width=\"22\" height=\"22\" style=\"filter: invert(37%) sepia(55%) saturate(2351%) hue-rotate(187deg) brightness(102%) contrast(106%);\"\/><\/p>\n<p>&#13;<br \/>\n\tNesutinkate &#8211; diskutuokime!<br \/>&#13;<br \/>\n\tNepykite komentatoriai, bet komentarai su keiksma\u017eod\u017eiais bus \u0161alinami automati\u0161kai, be atsipra\u0161ymo.\n    <\/p>\n<p>&#13;<br \/>\n              Respublika.lt pasilieka teis\u0119 pa\u0161alinti nekult\u016bringus, keiksma\u017eod\u017eiais pagardintus, su tema nesusijusius, kito asmens vardu pasira\u0161ytus, \u012fstatymus pa\u017eeid\u017eian\u010dius, \u0161lam\u0161t\u0105 reklamuojan\u010dius ar nusikalsti kurstan\u010dius komentarus. Jei kurstysite smurt\u0105, rasin\u0119, tautin\u0119, religin\u0119 ar kitokio pob\u016bd\u017eio neapykant\u0105, \u017evirbliu i\u0161skrid\u0119 j\u016bs\u0173 \u017eod\u017eiai gr\u012f\u017edami gali virsti ton\u0105 sverian\u010diu jau\u010diu &#8211; specialiosioms Lietuvos tarnyboms pareikalavus suteiksime j\u016bs\u0173 duomenis.\n            <\/p>\n","protected":false},"excerpt":{"rendered":"1 nuotr. Eltos nuotr. Vilniaus apygardos teismas nuteis\u0117 buvus\u012f \u00a0\u201eVilniaus apskrities atliek\u0173 tvarkymo centro\u201c (VAATC) darbuotoj\u0105 ir tris&hellip;\n","protected":false},"author":2,"featured_media":261540,"comment_status":"","ping_status":"","sticky":false,"template":"","format":"standard","meta":{"footnotes":"","_share_on_mastodon":"0"},"categories":[13],"tags":[25,3534,30,31,34,35,24,32,33,38114,37,39,36,38,40,3065,23,22,28,29,255,26,27,18126],"class_list":["post-261539","post","type-post","status-publish","format-standard","has-post-thumbnail","category-lietuva","tag-antrastes","tag-bauda","tag-breaking-news","tag-breakingnews","tag-featured-news","tag-featurednews","tag-headlines","tag-latest-news","tag-latestnews","tag-lauzas","tag-lietuva","tag-lietuviu","tag-lithuania","tag-lithuanian","tag-lt","tag-metalo","tag-naujienos","tag-news","tag-populiariausios-naujienos","tag-populiariausiosnaujienos","tag-teismas","tag-top-stories","tag-topstories","tag-vaatc"],"share_on_mastodon":{"url":"https:\/\/pubeurope.com\/@lt\/117155633009429646","error":""},"_links":{"self":[{"href":"https:\/\/www.europesays.com\/lt\/wp-json\/wp\/v2\/posts\/261539","targetHints":{"allow":["GET"]}}],"collection":[{"href":"https:\/\/www.europesays.com\/lt\/wp-json\/wp\/v2\/posts"}],"about":[{"href":"https:\/\/www.europesays.com\/lt\/wp-json\/wp\/v2\/types\/post"}],"author":[{"embeddable":true,"href":"https:\/\/www.europesays.com\/lt\/wp-json\/wp\/v2\/users\/2"}],"replies":[{"embeddable":true,"href":"https:\/\/www.europesays.com\/lt\/wp-json\/wp\/v2\/comments?post=261539"}],"version-history":[{"count":0,"href":"https:\/\/www.europesays.com\/lt\/wp-json\/wp\/v2\/posts\/261539\/revisions"}],"wp:featuredmedia":[{"embeddable":true,"href":"https:\/\/www.europesays.com\/lt\/wp-json\/wp\/v2\/media\/261540"}],"wp:attachment":[{"href":"https:\/\/www.europesays.com\/lt\/wp-json\/wp\/v2\/media?parent=261539"}],"wp:term":[{"taxonomy":"category","embeddable":true,"href":"https:\/\/www.europesays.com\/lt\/wp-json\/wp\/v2\/categories?post=261539"},{"taxonomy":"post_tag","embeddable":true,"href":"https:\/\/www.europesays.com\/lt\/wp-json\/wp\/v2\/tags?post=261539"}],"curies":[{"name":"wp","href":"https:\/\/api.w.org\/{rel}","templated":true}]}}