{"id":261671,"date":"2026-08-25T13:45:18","date_gmt":"2026-08-25T13:45:18","guid":{"rendered":"https:\/\/www.europesays.com\/lt\/261671\/"},"modified":"2026-08-25T13:45:18","modified_gmt":"2026-08-25T13:45:18","slug":"darbai-nemuno-saloje-vyksta-toliau-i-pesciuju-takus-tiesiamas-elektros-ivadas","status":"publish","type":"post","link":"https:\/\/www.europesays.com\/lt\/261671\/","title":{"rendered":"Darbai Nemuno saloje vyksta toliau \u2013 \u012f \u201ep\u0117s\u010di\u0173j\u0173 takus\u201c tiesiamas elektros \u012fvadas"},"content":{"rendered":"<p>Darbai Nemuno saloje nesustoja. Statybviet\u0117je \u012frengus pagrindinius \u201ep\u0117s\u010di\u0173j\u0173 takus\u201c su itin patvariu pagrindu, pastarosiomis savait\u0117mis pribetonuotos tr\u016bkstamos p\u0117s\u010di\u0173j\u0173 tak\u0173 dalys, o dabar vyksta naujas etapas \u2013 \u012f teritorij\u0105, kurioje oficialiai pastatyti tik du p\u0117s\u010di\u0173j\u0173 takai, tiesiamas elektros \u012fvadas.<\/p>\n<p>Sekmadienio vakar\u0105 portalo \u201eKas vyksta Kaune\u201c u\u017efiksuotuose kadruose per sal\u0105 driekiasi m\u0117lyn\u0173 plastikini\u0173 vamzd\u017ei\u0173 ritiniai, keliose vietose palei takus aptvertos \u0161vie\u017eiai i\u0161kastos duob\u0117s, o prie vienos j\u0173 stovi horizontalaus kryptinio gr\u0119\u017eimo ma\u0161ina, skirta vamzd\u017eiams po \u017eeme kloti be tran\u0161\u0117j\u0173.<\/p>\n<p>Dar bir\u017eel\u012f Kauno savivaldyb\u0117 pasira\u0161\u0117 sutart\u012f su projektuotoja \u201eURBAN LINE\u201c d\u0117l elektros tinkl\u0173 pertvarkymo \u0161iuo adresu. Joje numatyta, kad galia bus didinama iki 160 kilovat\u0173. Vamzd\u017eiai sekmadien\u012f driek\u0117si nuo tilto pus\u0117s iki pat aik\u0161tel\u0117s, kurioje po \u017eeme lieka poliniai pamatai.<\/p>\n<p>Pagal \u201eKaunas IN\u201c i\u0161kabos sutart\u012f ap\u017evalgos rato konstrukcijos turi stov\u0117ti iki rugpj\u016b\u010dio pabaigos, o \u0161vie\u010diantis pavadinimas \u201eSky View\u201c \u2013 veikti iki rugs\u0117jo 13 dienos. Elektros \u012fvadas tiesiamas paskutin\u0119 rugpj\u016b\u010dio savait\u0119. \u201eKaunas IN\u201c atstovai anks\u010diau portalui pa\u017eym\u0117jo, kad grafikai d\u0117l ap\u017evalgos rato i\u0161kabos \u012frengimo gali koreguotis pagal situacij\u0105.<\/p>\n<p>Statyb\u0173 inspekcija lauk\u0117 savivaldyb\u0117s ir \u201eAutokaustos\u201c dokument\u0173<\/p>\n<p>Statyb\u0173 inspekcija, paklausta apie tyrimo eig\u0105, portalui pateik\u0117 analogi\u0161k\u0105 atsakym\u0105, kaip ir prie\u0161 kelias savaites.<\/p>\n<p>\u201eKauno miesto savivaldyb\u0117s administracijai ir rangovui UAB \u201eAutokausta\u201c yra pateikti privalomieji nurodymai iki rugpj\u016b\u010dio 21 d. pateikti informacij\u0105 ir dokumentus, susijusius su vykdomais statybos darbais. Gavus pra\u0161om\u0105 dokumentacij\u0105, bus vertinamos faktin\u0117s aplinkyb\u0117s ir priimami atitinkami sprendimai\u201c, \u2013 nurod\u0117 inspekcija, prid\u016brusi, kad iki tyrimo pabaigos i\u0161vad\u0173 d\u0117l leidimo privalomumo ir konstrukcij\u0173 paskirties neteiks.<\/p>\n<p>Kaip portalas \u201eKas vyksta Kaune\u201c jau ra\u0161\u0117, vienintel\u0119 vie\u0161\u0105 rangos darb\u0173 sutart\u012f \u0161iame objekte pasira\u0161\u0117 ne savivaldyb\u0117, kuri statybviet\u0117s stende nurodyta statytoja, o jos valdoma atliek\u0173 tvarkymo \u012fmon\u0117 UAB \u201eKauno \u0161vara\u201c \u2013 liepos 28 dien\u0105, darb\u0173 prad\u017eios dien\u0105, neskelbiamos apklausos b\u016bdu sudaryta 17,4 t\u016bkst. Eur vert\u0117s sutartis apima tik tak\u0173 dangas, be joki\u0173 poli\u0173 ar pamat\u0173 darb\u0173.<\/p>\n","protected":false},"excerpt":{"rendered":"Darbai Nemuno saloje nesustoja. Statybviet\u0117je \u012frengus pagrindinius \u201ep\u0117s\u010di\u0173j\u0173 takus\u201c su itin patvariu pagrindu, pastarosiomis savait\u0117mis pribetonuotos tr\u016bkstamos p\u0117s\u010di\u0173j\u0173&hellip;\n","protected":false},"author":2,"featured_media":261672,"comment_status":"","ping_status":"","sticky":false,"template":"","format":"standard","meta":{"footnotes":"","_share_on_mastodon":"0"},"categories":[6],"tags":[25,26160,30,31,34,35,24,1061,32,33,37,39,36,38,40,23,8070,22,28,29,19966,2822,26,27],"class_list":["post-261671","post","type-post","status-publish","format-standard","has-post-thumbnail","category-antrastes","tag-antrastes","tag-apzvalgos-ratas","tag-breaking-news","tag-breakingnews","tag-featured-news","tag-featurednews","tag-headlines","tag-kaunas","tag-latest-news","tag-latestnews","tag-lietuva","tag-lietuviu","tag-lithuania","tag-lithuanian","tag-lt","tag-naujienos","tag-nemuno-sala","tag-news","tag-populiariausios-naujienos","tag-populiariausiosnaujienos","tag-rekomenduojame","tag-statybos","tag-top-stories","tag-topstories"],"share_on_mastodon":{"url":"https:\/\/pubeurope.com\/@lt\/117156454391160904","error":""},"_links":{"self":[{"href":"https:\/\/www.europesays.com\/lt\/wp-json\/wp\/v2\/posts\/261671","targetHints":{"allow":["GET"]}}],"collection":[{"href":"https:\/\/www.europesays.com\/lt\/wp-json\/wp\/v2\/posts"}],"about":[{"href":"https:\/\/www.europesays.com\/lt\/wp-json\/wp\/v2\/types\/post"}],"author":[{"embeddable":true,"href":"https:\/\/www.europesays.com\/lt\/wp-json\/wp\/v2\/users\/2"}],"replies":[{"embeddable":true,"href":"https:\/\/www.europesays.com\/lt\/wp-json\/wp\/v2\/comments?post=261671"}],"version-history":[{"count":0,"href":"https:\/\/www.europesays.com\/lt\/wp-json\/wp\/v2\/posts\/261671\/revisions"}],"wp:featuredmedia":[{"embeddable":true,"href":"https:\/\/www.europesays.com\/lt\/wp-json\/wp\/v2\/media\/261672"}],"wp:attachment":[{"href":"https:\/\/www.europesays.com\/lt\/wp-json\/wp\/v2\/media?parent=261671"}],"wp:term":[{"taxonomy":"category","embeddable":true,"href":"https:\/\/www.europesays.com\/lt\/wp-json\/wp\/v2\/categories?post=261671"},{"taxonomy":"post_tag","embeddable":true,"href":"https:\/\/www.europesays.com\/lt\/wp-json\/wp\/v2\/tags?post=261671"}],"curies":[{"name":"wp","href":"https:\/\/api.w.org\/{rel}","templated":true}]}}