{"id":261849,"date":"2026-08-25T18:30:36","date_gmt":"2026-08-25T18:30:36","guid":{"rendered":"https:\/\/www.europesays.com\/lt\/261849\/"},"modified":"2026-08-25T18:30:36","modified_gmt":"2026-08-25T18:30:36","slug":"i-ukrainos-parlamenta-del-korupcijos-tyrimo-iskviestas-buves-gynybos-ministras-respublika-lt","status":"publish","type":"post","link":"https:\/\/www.europesays.com\/lt\/261849\/","title":{"rendered":"\u012e Ukrainos parlament\u0105 d\u0117l korupcijos tyrimo i\u0161kviestas buv\u0119s gynybos ministras &#8211; Respublika.lt"},"content":{"rendered":"<p><img loading=\"lazy\" decoding=\"async\" src=\"https:\/\/www.respublika.lt\/lt\/naujienos\/pasaulis\/kitos_pasaulio_naujienos\/i-ukrainos-parlamenta-del-korupcijos-tyrimo-iskviestas-buves-gynybos-ministras\/images\/ico_camera_white.gif\" class=\"camera\" width=\"22\" height=\"15\" alt=\"nuotr.\" style=\"position:relative; top:-2px; right:2px;\"\/> 1 nuotr.<\/p>\n<p>Buv\u0119s Ukrainos gynybos ministras Mychailo Fiodorovas. Stop kadras<\/p>\n<p style=\"text-align: justify;\" class=\"desktop_banner\">\u00a0<\/p>\n<p style=\"text-align: left;\">\u00a0<\/p>\n<p style=\"text-align: left;\">Auk\u0161\u010diausiosios Rados sudarytai laikinajai tyrimo komisijai vadovaujantis opozicijos parlamentaras\u00a0Oleksijus Hon\u010darenka antradien\u012f \u201eTelegram\u201c paskyroje pasidalijo kvietimo tekstu, kuriame teigiama, kad M. Fedorovas privalo duoti parodymus operacijos \u201eMidas\u201c tyrimui.<\/p>\n<p style=\"text-align: left;\">Teigiama, kad komitetui pavesta nustatyti \u201egalimus Ukrainos teis\u0117s akt\u0173 pa\u017eeidimus gynybos srityje, Ukrainos kovos su korupcija teis\u0117s akt\u0173 pa\u017eeidimus bei \u017emogaus teisi\u0173 ir laisvi\u0173 laikymosi pa\u017eeidimus karo pad\u0117ties metu\u201c.<\/p>\n<p style=\"text-align: left;\">Operacija \u201eMidas\u201c \u2013 tai tyrimas, kur\u012f 2025 m. pavie\u0161ino \u0161alies kovos su korupcija institucijos: Ukrainos nacionalinis kovos su korupcija biuras (NABU) ir Specializuotoji kovos su korupcija prokurat\u016bra (SAPO).<\/p>\n<p style=\"text-align: left;\">I\u0161ankstiniais tyrimo duomenimis, verslininkas Tymuras Mindichas, buv\u0119s prezidento Volodymyro Zelenskio verslo partneris, ir buv\u0119 ministrai dalyvavo 100 mln. JAV doleri\u0173 vert\u0117s ky\u0161ininkavimo schemoje, susijusioje su \u0161alies atomin\u0117s energetikos agent\u016bra.<\/p>\n<p style=\"text-align: left;\">D\u0117l \u0161io tyrimo atsistatydino energetikos ministras Hermanas Halus\u010denka ir jo tuomet\u0117 pavaduotoja Svitlana Hryn\u010duk.<\/p>\n<p style=\"text-align: left;\">\u0160i byla v\u0117l sulauk\u0117 d\u0117mesio, kai 2026 m. rugpj\u016bt\u012f NABU ir SAPO paskelb\u0117 apie nauj\u0105 operacij\u0105, pavadint\u0105 \u201eForestas Gampas\u201c, kurioje fig\u016bruoja buv\u0119 ir esami parlamentarai, taip pat buvusi prezidento kanceliarijos vadovo pavaduotoja Iryna Mudra, kuri buvo atleista i\u0161 pareig\u0173 netrukus po tyrimo pavie\u0161inimo.<\/p>\n<p style=\"text-align: left;\">NABU ir SAPO teigimu, \u012f \u201eMidas\u201c tyrim\u0105 V. Zelenskis \u012ftrauktas nebuvo.<\/p>\n<p style=\"text-align: left;\">\u201eThe Kyiv Post\u201c primena, kad M. Fedorovas nuo 2019 m. \u0117jo \u0161alies skaitmenin\u0117s transformacijos ministro pareigas, o 2026 m. saus\u012f tapo gynybos ministru. Jis laikytas reformistiniu \u0161alies kovos su biurokratija vedliu.\u00a0<\/p>\n<p style=\"text-align: left;\">Jis atsistatydino 2026 m. viduryje d\u0117l nesutarim\u0173 su buvusiu kariuomen\u0117s vadu Oleksandru Syrskiu, kur\u012f apkaltino trukdant reformoms ir s\u0117jant nesantaik\u0105.\u00a0<\/p>\n<p style=\"text-align: left;\">V\u0117liau M. Fedorovas \u0117m\u0117 garsiai kritikuoti V. Zelenskio valdym\u0105 ir paragino surengti rinkimus karo metu. Jo si\u016blymas sulauk\u0117 nevienareik\u0161mi\u0161k\u0173 Ukrainos visuomen\u0117s vertinim\u0173, o V. Zelenskis j\u012f atmet\u0117.<\/p>\n<p style=\"text-align: left;\">Pra\u0117jus\u012f savaitgal\u012f M. Fedorovas apkaltino institucijas korupcija ir parei\u0161k\u0117, kad sistemin\u0117 korupcija, kurioje es\u0105 dalyvauja \u201e\u0161imtai \u017emoni\u0173\u201c, trukdo \u0161aliai u\u017ebaigti kar\u0105 i\u0161 stipriojo pozicijos.<\/p>\n","protected":false},"excerpt":{"rendered":"1 nuotr. Buv\u0119s Ukrainos gynybos ministras Mychailo Fiodorovas. Stop kadras \u00a0 \u00a0 Auk\u0161\u010diausiosios Rados sudarytai laikinajai tyrimo komisijai&hellip;\n","protected":false},"author":2,"featured_media":261850,"comment_status":"","ping_status":"","sticky":false,"template":"","format":"standard","meta":{"footnotes":"","_share_on_mastodon":"0"},"categories":[6],"tags":[25,38149,30,31,34,35,17761,24,2717,32,33,37,39,36,38,40,38148,23,22,738,28,29,11562,26,27,2171,360],"class_list":["post-261849","post","type-post","status-publish","format-standard","has-post-thumbnail","category-antrastes","tag-antrastes","tag-auksciausioji","tag-breaking-news","tag-breakingnews","tag-featured-news","tag-featurednews","tag-fedorovas","tag-headlines","tag-korupcija","tag-latest-news","tag-latestnews","tag-lietuva","tag-lietuviu","tag-lithuania","tag-lithuanian","tag-lt","tag-midas","tag-naujienos","tag-news","tag-parlamentas","tag-populiariausios-naujienos","tag-populiariausiosnaujienos","tag-rada","tag-top-stories","tag-topstories","tag-tyrimas","tag-ukraina"],"share_on_mastodon":{"url":"https:\/\/pubeurope.com\/@lt\/117157575506037267","error":""},"_links":{"self":[{"href":"https:\/\/www.europesays.com\/lt\/wp-json\/wp\/v2\/posts\/261849","targetHints":{"allow":["GET"]}}],"collection":[{"href":"https:\/\/www.europesays.com\/lt\/wp-json\/wp\/v2\/posts"}],"about":[{"href":"https:\/\/www.europesays.com\/lt\/wp-json\/wp\/v2\/types\/post"}],"author":[{"embeddable":true,"href":"https:\/\/www.europesays.com\/lt\/wp-json\/wp\/v2\/users\/2"}],"replies":[{"embeddable":true,"href":"https:\/\/www.europesays.com\/lt\/wp-json\/wp\/v2\/comments?post=261849"}],"version-history":[{"count":0,"href":"https:\/\/www.europesays.com\/lt\/wp-json\/wp\/v2\/posts\/261849\/revisions"}],"wp:featuredmedia":[{"embeddable":true,"href":"https:\/\/www.europesays.com\/lt\/wp-json\/wp\/v2\/media\/261850"}],"wp:attachment":[{"href":"https:\/\/www.europesays.com\/lt\/wp-json\/wp\/v2\/media?parent=261849"}],"wp:term":[{"taxonomy":"category","embeddable":true,"href":"https:\/\/www.europesays.com\/lt\/wp-json\/wp\/v2\/categories?post=261849"},{"taxonomy":"post_tag","embeddable":true,"href":"https:\/\/www.europesays.com\/lt\/wp-json\/wp\/v2\/tags?post=261849"}],"curies":[{"name":"wp","href":"https:\/\/api.w.org\/{rel}","templated":true}]}}